{"id":13930,"date":"2021-11-15T06:00:02","date_gmt":"2021-11-15T06:00:02","guid":{"rendered":"http:\/\/cafebarbantia.barbantia.es\/?p=13930"},"modified":"2021-11-11T07:54:26","modified_gmt":"2021-11-11T07:54:26","slug":"pasou-o-que-pasou-de-lito-garcia-lago","status":"publish","type":"post","link":"http:\/\/cafebarbantia.barbantia.es\/?p=13930","title":{"rendered":"Pasou o que pasou, de Lito Garc\u00eda Lago"},"content":{"rendered":"<p align=\"justify\"><a href=\"http:\/\/cafebarbantia.barbantia.es\/wp-content\/uploads\/2021\/10\/descarga1.jpg\"><img decoding=\"async\" loading=\"lazy\" class=\"alignright size-full wp-image-13931\" alt=\"descarga\" src=\"http:\/\/cafebarbantia.barbantia.es\/wp-content\/uploads\/2021\/10\/descarga1.jpg\" width=\"179\" height=\"282\" \/><\/a><em><strong>Xerardo AgraFoxo.\u00a0<\/strong><\/em>Este libro comeza coas primeiras elecci\u00f3ns auton\u00f3micas de 1981 que levaron \u00e1 Presidencia da Xunta a Fern\u00e1ndez Albor da lista da Coalici\u00f3n Popular. Durante esta primeira lexislatura, o autor analiza a crise xurdida pola capitalidade de Galicia, a expulsi\u00f3n de tres deputados nacionalistas por non xurar a Constituci\u00f3n e os problemas derivados pola Foxa Atl\u00e1ntica e a reconversi\u00f3n industrial. Despois anal\u00edzase a segunda lexislatura, onde Albor se enfrontou con Barreiro Fern\u00e1ndez. Unha crise que dar\u00eda lugar \u00e1 moci\u00f3n de censura que levar\u00eda no 1987 a Fernando Gonz\u00e1lez Laxe \u00e1 Presidencia da Xunta. Unha curta \u00e9poca marcada pola debilidade dun goberno que carec\u00eda do apoio dos socialistas de Ferraz.<!--more--> A secuencia cronol\u00f3xica do libro remata coa chegada de Fraga Iribarne \u2013e os seus cen gaiteiros \u00e1 Praza do Obradoiro\u2013 que controlar\u00eda o poder en Galicia durante as tres seguintes lexislaturas, entre 1990 e 2005. <i>Pasou o que pasou <\/i>(2021) resulta unha lectura imprescind\u00edbel para co\u00f1ecer os alicerces daqueles anos incertos onde nada estaba escrito. Unhas p\u00e1xinas que se debullan con pracer a trav\u00e9s dunha an\u00e1lise rigorosa dos acontecementos.<\/p>\n","protected":false},"excerpt":{"rendered":"<p>Xerardo AgraFoxo.\u00a0Este libro comeza coas primeiras elecci\u00f3ns auton\u00f3micas de 1981 que levaron \u00e1 Presidencia da Xunta a Fern\u00e1ndez Albor da lista da Coalici\u00f3n Popular. Durante esta primeira lexislatura, o autor analiza a crise xurdida pola capitalidade de Galicia, a expulsi\u00f3n de tres deputados nacionalistas por non xurar a Constituci\u00f3n e os problemas derivados pola Foxa &hellip; <a href=\"http:\/\/cafebarbantia.barbantia.es\/?p=13930\" class=\"more-link\">Seguir lendo <span class=\"screen-reader-text\">Pasou o que pasou, de Lito Garc\u00eda Lago<\/span> <span class=\"meta-nav\">&rarr;<\/span><\/a><\/p>\n","protected":false},"author":1,"featured_media":0,"comment_status":"open","ping_status":"closed","sticky":false,"template":"","format":"standard","meta":{"_bbp_topic_count":0,"_bbp_reply_count":0,"_bbp_total_topic_count":0,"_bbp_total_reply_count":0,"_bbp_voice_count":0,"_bbp_anonymous_reply_count":0,"_bbp_topic_count_hidden":0,"_bbp_reply_count_hidden":0,"_bbp_forum_subforum_count":0,"_exactmetrics_skip_tracking":false,"_exactmetrics_sitenote_active":false,"_exactmetrics_sitenote_note":"","_exactmetrics_sitenote_category":0,"_monsterinsights_skip_tracking":false,"_monsterinsights_sitenote_active":false,"_monsterinsights_sitenote_note":"","_monsterinsights_sitenote_category":0},"categories":[7,9,21],"tags":[],"aioseo_notices":[],"_links":{"self":[{"href":"http:\/\/cafebarbantia.barbantia.es\/index.php?rest_route=\/wp\/v2\/posts\/13930"}],"collection":[{"href":"http:\/\/cafebarbantia.barbantia.es\/index.php?rest_route=\/wp\/v2\/posts"}],"about":[{"href":"http:\/\/cafebarbantia.barbantia.es\/index.php?rest_route=\/wp\/v2\/types\/post"}],"author":[{"embeddable":true,"href":"http:\/\/cafebarbantia.barbantia.es\/index.php?rest_route=\/wp\/v2\/users\/1"}],"replies":[{"embeddable":true,"href":"http:\/\/cafebarbantia.barbantia.es\/index.php?rest_route=%2Fwp%2Fv2%2Fcomments&post=13930"}],"version-history":[{"count":1,"href":"http:\/\/cafebarbantia.barbantia.es\/index.php?rest_route=\/wp\/v2\/posts\/13930\/revisions"}],"predecessor-version":[{"id":13932,"href":"http:\/\/cafebarbantia.barbantia.es\/index.php?rest_route=\/wp\/v2\/posts\/13930\/revisions\/13932"}],"wp:attachment":[{"href":"http:\/\/cafebarbantia.barbantia.es\/index.php?rest_route=%2Fwp%2Fv2%2Fmedia&parent=13930"}],"wp:term":[{"taxonomy":"category","embeddable":true,"href":"http:\/\/cafebarbantia.barbantia.es\/index.php?rest_route=%2Fwp%2Fv2%2Fcategories&post=13930"},{"taxonomy":"post_tag","embeddable":true,"href":"http:\/\/cafebarbantia.barbantia.es\/index.php?rest_route=%2Fwp%2Fv2%2Ftags&post=13930"}],"curies":[{"name":"wp","href":"https:\/\/api.w.org\/{rel}","templated":true}]}}