{"id":13994,"date":"2021-11-20T06:00:35","date_gmt":"2021-11-20T06:00:35","guid":{"rendered":"http:\/\/cafebarbantia.barbantia.es\/?p=13994"},"modified":"2021-11-19T07:49:15","modified_gmt":"2021-11-19T07:49:15","slug":"o-inconsciente-e-un-oceano-de-neboa","status":"publish","type":"post","link":"http:\/\/cafebarbantia.barbantia.es\/?p=13994","title":{"rendered":"O inconsciente \u00e9 un oc\u00e9ano de n\u00e9boa"},"content":{"rendered":"<p align=\"justify\"><span style=\"font-family: Calibri, sans-serif; font-size: large;\"><a href=\"http:\/\/cafebarbantia.barbantia.es\/wp-content\/uploads\/2021\/11\/eyJ0eXAiOiJKV1QiLCJhbGciOiJIUzI1NiJ9.eyJpbSI6WyJcL2FydHdvcmtcL2ltYWdlRmlsZVwvZnJpZWRyaWNoX2hpc3RvcmlhLWFydGUuanBnIiwicmVzaXplLDgwMCJdfQ.8dXCnXXSza8vPoEYxsVxmWN4BKeMFFp0Yotkof8qqHk.png\"><img decoding=\"async\" loading=\"lazy\" class=\"alignright size-medium wp-image-13995\" alt=\"eyJ0eXAiOiJKV1QiLCJhbGciOiJIUzI1NiJ9.eyJpbSI6WyJcL2FydHdvcmtcL2ltYWdlRmlsZVwvZnJpZWRyaWNoX2hpc3RvcmlhLWFydGUuanBnIiwicmVzaXplLDgwMCJdfQ.8dXCnXXSza8vPoEYxsVxmWN4BKeMFFp0Yotkof8qqHk\" src=\"http:\/\/cafebarbantia.barbantia.es\/wp-content\/uploads\/2021\/11\/eyJ0eXAiOiJKV1QiLCJhbGciOiJIUzI1NiJ9.eyJpbSI6WyJcL2FydHdvcmtcL2ltYWdlRmlsZVwvZnJpZWRyaWNoX2hpc3RvcmlhLWFydGUuanBnIiwicmVzaXplLDgwMCJdfQ.8dXCnXXSza8vPoEYxsVxmWN4BKeMFFp0Yotkof8qqHk-234x300.png\" width=\"234\" height=\"300\" srcset=\"http:\/\/cafebarbantia.barbantia.es\/wp-content\/uploads\/2021\/11\/eyJ0eXAiOiJKV1QiLCJhbGciOiJIUzI1NiJ9.eyJpbSI6WyJcL2FydHdvcmtcL2ltYWdlRmlsZVwvZnJpZWRyaWNoX2hpc3RvcmlhLWFydGUuanBnIiwicmVzaXplLDgwMCJdfQ.8dXCnXXSza8vPoEYxsVxmWN4BKeMFFp0Yotkof8qqHk-234x300.png 234w, http:\/\/cafebarbantia.barbantia.es\/wp-content\/uploads\/2021\/11\/eyJ0eXAiOiJKV1QiLCJhbGciOiJIUzI1NiJ9.eyJpbSI6WyJcL2FydHdvcmtcL2ltYWdlRmlsZVwvZnJpZWRyaWNoX2hpc3RvcmlhLWFydGUuanBnIiwicmVzaXplLDgwMCJdfQ.8dXCnXXSza8vPoEYxsVxmWN4BKeMFFp0Yotkof8qqHk-799x1024.png 799w, http:\/\/cafebarbantia.barbantia.es\/wp-content\/uploads\/2021\/11\/eyJ0eXAiOiJKV1QiLCJhbGciOiJIUzI1NiJ9.eyJpbSI6WyJcL2FydHdvcmtcL2ltYWdlRmlsZVwvZnJpZWRyaWNoX2hpc3RvcmlhLWFydGUuanBnIiwicmVzaXplLDgwMCJdfQ.8dXCnXXSza8vPoEYxsVxmWN4BKeMFFp0Yotkof8qqHk.png 800w\" sizes=\"(max-width: 234px) 100vw, 234px\" \/><\/a><em><strong>X. Ricardo Losada.\u00a0<\/strong><\/em>Escribimos, dixo algu\u00e9n, para saber o que non sabemos que sabemos. \u00c9 a impresi\u00f3n que te\u00f1o agora mesmo, luns pola ma\u00f1\u00e1, ao p\u00f3rme a escribir este texto tras unha viaxe de fin de semana \u00e1 Fonsagrada. Hai algo que non sei que sei sobre esa viaxe, e quero saber que \u00e9. Porque, quizais, quen sabe, nesa ignorancia \u00edntima e f\u00e9rtil estea a clave que me permita entender por que na viaxe de volta, algo m\u00e1is de d\u00faas horas e media, estiven dominado por unha radiaci\u00f3n de fondo de felicidade moi intensa e que, por moito que o intentei, non consegu\u00edn descifrar de onde vi\u00f1a.<!--more--> <\/span><\/p>\n<p align=\"justify\"><span style=\"font-family: 'Times New Roman', serif; font-size: large;\"><span style=\"font-family: Calibri, sans-serif;\">Permitide, xa que logo, que repase esa visita. Sa\u00edda de Rianxo coa muller o s\u00e1bado pola ma\u00f1\u00e1. Autov\u00eda do Barbanza. Autopista do Atl\u00e1ntico. Autov\u00eda Santiago-Lugo. Autov\u00eda do Noroeste. Sa\u00edda en Baleira. Estrada nacional a Fonsagrada. Contemplaci\u00f3n desde o coche, mentres ascendemos, dun oc\u00e9ano de n\u00e9boa que me recorda o pintor rom\u00e1ntico Friedrich. Encontro no centro da vila cos outros oito amigos cos que quedaramos de facer unha viaxe gastron\u00f3mica. Visita ao museo etnogr\u00e1fico \u00e9 \u00e1 seimeira de Vilagocende. Cocido no hotel Cant\u00e1brico. Visita ao cemiterio, que, en comparaci\u00f3n co de Rianxo, sorpr\u00e9ndeme pola riqueza que denotan as tumbas e pante\u00f3ns, e que me fai preguntar onde est\u00e1n enterrados os pobres. Paseo no lusco fusco polas r\u00faas solitarias. Acomodaci\u00f3n no fermoso e funcional hotel. Ducha reparadora e cat\u00e1rtica. Paseo, agora nocturno, pola vila. Conversas amigables. Cea con caldo e polbo. <\/span><\/span><\/p>\n<p align=\"justify\"><span style=\"font-family: 'Times New Roman', serif; font-size: large;\"><span style=\"font-family: Calibri, sans-serif;\">Pero todo iso xa o sab\u00eda e era consciente de que o sab\u00eda, e non pode ser a raz\u00f3n oculta desa feliz radiaci\u00f3n de fondo, que tanto me intriga. De feito, volvo repasar as etapas da viaxe, m\u00e1is a modo, unha e outra vez, como se d\u00e1ndolle m\u00e1is tempo aos recordos puidese facilitarlles que exterioricen a s\u00faa verdadeira natureza. As\u00ed, consigo que a visita ao cemiterio e \u00e1 seimeira, pero, sobre todo, o cocido e o oc\u00e9ano de n\u00e9boa, cos Ancares ao fondo, dean un paso adiante e confundan por un momento a mi\u00f1a emotividade. Pero axi\u00f1a me decato de que non foron a causa do meu feliz e prolongado estremecemento interior e, decepcionado, deixo de escribir, ata que, case de s\u00fabito, percibo que os meus dedos, como se tivesen vida propia, seguen d\u00e1ndolle<\/span><span style=\"font-family: Calibri, sans-serif;\">s<\/span><span style=\"font-family: Calibri, sans-serif;\"> \u00e1s teclas, alleos \u00e1 mi\u00f1a vontade: <\/span><\/span><\/p>\n<p align=\"justify\"><span style=\"font-family: 'Times New Roman', serif; font-size: large;\"><span style=\"font-family: Calibri, sans-serif;\">Non contaches, escriben, que, despois da cea, fostes a un pub. Un pub no que ao mesmo tempo se pod\u00eda bailar e xogar \u00e1s cartas. E que pediches un gin tonic de <\/span><span style=\"font-family: Calibri, sans-serif;\"><i>Seagrams<\/i><\/span><span style=\"font-family: Calibri, sans-serif;\"> e que, cando a camareira, de orixe eslavo, che dixo: <\/span><span style=\"font-family: Calibri, sans-serif;\"><i>O Seagrams xa non se fabrica<\/i><\/span><span style=\"font-family: Calibri, sans-serif;\">, ti dix\u00e9cheslle: <\/span><span style=\"font-family: Calibri, sans-serif;\"><i>Acabo de tomalo noutro bar <\/i><\/span><span style=\"font-family: Calibri, sans-serif;\">e, a pesar do seu desprezo, aceptaches que che puxese un de <\/span><span style=\"font-family: Calibri, sans-serif;\"><i>Beefeter<\/i><\/span><span style=\"font-family: Calibri, sans-serif;\">. E tampouco recordaches que despois xogaches unha partida de futbol\u00edn con tres dos teus amigos, e bailaches porque a m\u00fasica che gustaba pero, sobre todo, porque che apetec\u00eda bailar xa que, sentiches, levabas s\u00e9culos sen facelo e estabas ante unha oportunidade \u00fanica. E, a\u00ednda as\u00ed, xogando ao futbol\u00edn e bailando a aquelas intempestivas horas, non te sentiches estra\u00f1o nin ameazado polas miradas xuven\u00eds, por moito que, ao entrar, lles dixeras aos amigos que cando eras mozo e v\u00edas entrar nun pub clientes da nosa, e de bastante menos, idade, botabas pestes contra eles. Pois iso \u00e9 o que non sabes que sabes. Que, a medida que pasan os anos, a cultura, a gastronom\u00eda e a paisaxe son rutinas da alma, formas discretas de goce, praceres que s\u00f3 consisten, como dir\u00eda Schopenhauer, en ausencia de dor. E que o \u00fanico que xera verdadeira e \u00edntima felicidade \u00e9 facer o que alg\u00fan d\u00eda fixeches e pensabas que xa non <\/span><span style=\"color: #000000;\"><span style=\"font-family: Calibri, sans-serif;\">che<\/span><\/span><span style=\"font-family: Calibri, sans-serif;\"> apetec\u00eda facer. <\/span><\/span><\/p>\n<p align=\"justify\"><span style=\"font-size: large;\">\u00a0<\/span><\/p>\n<p align=\"justify\"><span style=\"font-family: 'Times New Roman', serif; font-size: large;\"><span style=\"font-family: Calibri, sans-serif;\">P.D.: Nin que dicir que neste caso, e sen que s<\/span><span style=\"font-family: Calibri, sans-serif;\">i<\/span><span style=\"font-family: Calibri, sans-serif;\">rva de precedente, non estou de acordo coas conclusi\u00f3ns do meu inconsciente sobre a causa desa enigm\u00e1tica felicidade, e prefiro seguir afogado nun oc\u00e9ano de n\u00e9boa. <\/span><\/span><\/p>\n<p align=\"justify\">\n","protected":false},"excerpt":{"rendered":"<p>X. Ricardo Losada.\u00a0Escribimos, dixo algu\u00e9n, para saber o que non sabemos que sabemos. \u00c9 a impresi\u00f3n que te\u00f1o agora mesmo, luns pola ma\u00f1\u00e1, ao p\u00f3rme a escribir este texto tras unha viaxe de fin de semana \u00e1 Fonsagrada. Hai algo que non sei que sei sobre esa viaxe, e quero saber que \u00e9. Porque, quizais, &hellip; <a href=\"http:\/\/cafebarbantia.barbantia.es\/?p=13994\" class=\"more-link\">Seguir lendo <span class=\"screen-reader-text\">O inconsciente \u00e9 un oc\u00e9ano de n\u00e9boa<\/span> <span class=\"meta-nav\">&rarr;<\/span><\/a><\/p>\n","protected":false},"author":1,"featured_media":0,"comment_status":"open","ping_status":"closed","sticky":false,"template":"","format":"standard","meta":{"_bbp_topic_count":0,"_bbp_reply_count":0,"_bbp_total_topic_count":0,"_bbp_total_reply_count":0,"_bbp_voice_count":0,"_bbp_anonymous_reply_count":0,"_bbp_topic_count_hidden":0,"_bbp_reply_count_hidden":0,"_bbp_forum_subforum_count":0,"_exactmetrics_skip_tracking":false,"_exactmetrics_sitenote_active":false,"_exactmetrics_sitenote_note":"","_exactmetrics_sitenote_category":0,"_monsterinsights_skip_tracking":false,"_monsterinsights_sitenote_active":false,"_monsterinsights_sitenote_note":"","_monsterinsights_sitenote_category":0},"categories":[7,9,26],"tags":[],"aioseo_notices":[],"_links":{"self":[{"href":"http:\/\/cafebarbantia.barbantia.es\/index.php?rest_route=\/wp\/v2\/posts\/13994"}],"collection":[{"href":"http:\/\/cafebarbantia.barbantia.es\/index.php?rest_route=\/wp\/v2\/posts"}],"about":[{"href":"http:\/\/cafebarbantia.barbantia.es\/index.php?rest_route=\/wp\/v2\/types\/post"}],"author":[{"embeddable":true,"href":"http:\/\/cafebarbantia.barbantia.es\/index.php?rest_route=\/wp\/v2\/users\/1"}],"replies":[{"embeddable":true,"href":"http:\/\/cafebarbantia.barbantia.es\/index.php?rest_route=%2Fwp%2Fv2%2Fcomments&post=13994"}],"version-history":[{"count":2,"href":"http:\/\/cafebarbantia.barbantia.es\/index.php?rest_route=\/wp\/v2\/posts\/13994\/revisions"}],"predecessor-version":[{"id":13997,"href":"http:\/\/cafebarbantia.barbantia.es\/index.php?rest_route=\/wp\/v2\/posts\/13994\/revisions\/13997"}],"wp:attachment":[{"href":"http:\/\/cafebarbantia.barbantia.es\/index.php?rest_route=%2Fwp%2Fv2%2Fmedia&parent=13994"}],"wp:term":[{"taxonomy":"category","embeddable":true,"href":"http:\/\/cafebarbantia.barbantia.es\/index.php?rest_route=%2Fwp%2Fv2%2Fcategories&post=13994"},{"taxonomy":"post_tag","embeddable":true,"href":"http:\/\/cafebarbantia.barbantia.es\/index.php?rest_route=%2Fwp%2Fv2%2Ftags&post=13994"}],"curies":[{"name":"wp","href":"https:\/\/api.w.org\/{rel}","templated":true}]}}