{"id":14035,"date":"2021-12-10T06:00:25","date_gmt":"2021-12-10T06:00:25","guid":{"rendered":"http:\/\/cafebarbantia.barbantia.es\/?p=14035"},"modified":"2021-12-01T10:44:37","modified_gmt":"2021-12-01T10:44:37","slug":"os-gremios-de-noia-durante-o-medievo","status":"publish","type":"post","link":"http:\/\/cafebarbantia.barbantia.es\/?p=14035","title":{"rendered":"Os gremios de Noia durante o medievo"},"content":{"rendered":"<figure id=\"attachment_14036\" aria-describedby=\"caption-attachment-14036\" style=\"width: 300px\" class=\"wp-caption alignright\"><a href=\"http:\/\/cafebarbantia.barbantia.es\/wp-content\/uploads\/2021\/12\/b24n1002.jpg\"><img decoding=\"async\" loading=\"lazy\" class=\"size-medium wp-image-14036\" alt=\"Os gremios desenvolveron unha intensa actividade comercial no casco hist\u00f3rico de Noia\" src=\"http:\/\/cafebarbantia.barbantia.es\/wp-content\/uploads\/2021\/12\/b24n1002-300x168.jpg\" width=\"300\" height=\"168\" srcset=\"http:\/\/cafebarbantia.barbantia.es\/wp-content\/uploads\/2021\/12\/b24n1002-300x168.jpg 300w, http:\/\/cafebarbantia.barbantia.es\/wp-content\/uploads\/2021\/12\/b24n1002.jpg 768w\" sizes=\"(max-width: 300px) 100vw, 300px\" \/><\/a><figcaption id=\"caption-attachment-14036\" class=\"wp-caption-text\">Os gremios desenvolveron unha intensa actividade comercial no casco hist\u00f3rico de Noia<\/figcaption><\/figure>\n<p style=\"text-align: justify;\" data-gtm-vis-recent-on-screen-39289916_263=\"1254\" data-gtm-vis-first-on-screen-39289916_263=\"1254\" data-gtm-vis-total-visible-time-39289916_263=\"100\" data-gtm-vis-has-fired-39289916_263=\"1\"><em><strong>Xerardo AgraFoxo.\u00a0<\/strong><\/em>Grazas \u00e1s laudas do cemiterio de Santa Mar\u00eda de Nova e \u00e1s ordenanzas dos Foros de Noia, podemos co\u00f1ecer os principais oficios que se desenvolv\u00edan no Portus Apostoli nos tempos do medievo: mercadores (comercializaban o peixe e os seus derivados), mestres de naos (eran os patr\u00f3ns ou oficiais das embarcaci\u00f3ns), mari\u00f1eiros (participaban como navegantes de altura no comercio naval), peixeiros<!--more--> (constitu\u00edan a man de obra non cualificada que traballaba nos barcos), paneiros (regulaban este produto no mercado), curtidores (unha actividade moi desenvolvida na vila), ferreiros (comercializaban este produto) e carpinteiros navais (dedic\u00e1banse \u00e1 construci\u00f3n de nav\u00edos e barcos).<\/p>\n<div id=\"6ad_RobaPaginasMobile-id\" style=\"text-align: justify;\" data-ad=\"no\">A car\u00f3n destas tarefas e das funci\u00f3ns comerciais e industriais, tam\u00e9n se desenvolveron dentro do casco antigo outros oficios menos especializados, pero m\u00e1is vinculados coa necesidade de abastecer unha poboaci\u00f3n urbana en constante crecemento e cun grao de consumo cada vez m\u00e1is elevado: carniceiros, xastres, zapateiros e carniceiros.<\/div>\n<p style=\"text-align: justify;\">Noia foi durante a Idade Media un porto que constru\u00edu a s\u00faa riqueza sobre tres eixos: a exportaci\u00f3n de peixe, a venda dos seus produtos agrarios e a fabricaci\u00f3n dunha artesan\u00eda \u2014calzado e vestidos\u2014 que abastec\u00eda a s\u00faa contorna da Terra de Santiago.<\/p>\n<div id=\"PL_ad_Roba2Mobile\" style=\"text-align: justify;\"><strong>Nomes do rueiro<\/strong><\/div>\n<p style=\"text-align: justify;\">A tendencia dos gremios a agruparse nos arrabaldes da vila determinou que se conserven no rueiro alg\u00fans nomes, como Lagares, Pelamios, Cuncheiros, Besteiros, Mazacanabos, Tonelar\u00eda, Zapater\u00eda, Triper\u00eda ou Carnicer\u00eda, que identifican as diferentes actividades que se desenvolveron naquela \u00e9poca. Nun tempo marcado pola inestabilidade social \u2014pestes, guerras e fame\u2014, os gremios buscaron no seo da igrexa seguridade e protecci\u00f3n. As\u00ed, ao redor da igrexa de Santa Mar\u00eda a Nova, xurdiu no s\u00e9culo XIII a Confrar\u00eda dos Cl\u00e9rigos da Concepci\u00f3n, un fato de relixiosos independentes da parroquia de San Marti\u00f1o que decidiron unirse para defender os seus dereitos e intereses fronte aos organismos gremiais de car\u00e1cter laico e protexerse fronte \u00e1 crise que sufriu Castela na segunda metade do s\u00e9culo XIII. Toda Galicia padeceu nesta \u00e9poca unha forte crise econ\u00f3mica que trouxo consigo a fame que se localizou sobre todo nas clases m\u00e1is pobres.<\/p>\n<p style=\"text-align: justify;\"><strong>Magn\u00edficos edificios urbanos<\/strong><\/p>\n<p style=\"text-align: justify;\">A importancia de Noia durante a Idade Media tam\u00e9n se pode constatar polos seus magn\u00edficos edificios urbanos. Entres eles destaca o Pazo Dacosta constru\u00eddo no 1339, tal como reza na inscrici\u00f3n gravada na s\u00faa fachada: \u00abESTAS CASAS MANDOU FACER V (A) S (CO) DACOSTA. E(RA) D (E) M.CCC.LXXVII\u00bb.<\/p>\n<div id=\"PL_ad_Roba3Mobile\" style=\"text-align: justify;\"><\/div>\n<p style=\"text-align: justify;\">Tam\u00e9n destacaba pola s\u00faa robustez a Casa da Xouba, situada detr\u00e1s da \u00e1bsida ameada da igrexa parroquial de San Marti\u00f1o; o Pazo do Bispo, que amosa uns soportais e un balc\u00f3n con arco que cruza a r\u00faa do Forno do Rato; a Casa do Rosa e o Pazo dos Churruchaos, situado na Praza do Tapal. \u00c1 parte destas rexas edificaci\u00f3ns, tam\u00e9n exist\u00edan na vila tres hospitais: o m\u00e1is antigo era o Lazareto, fundado na marxe esquerda do Traba no ano 1304; no s\u00e9culo XIV ergueuse na outra banda do r\u00edo o Hospital do Sancti Spiritus ou Hospital de Afora, e no interior do recinto hist\u00f3rico constru\u00eduse no ano 1476 o Hospital de Sancti Spiritus de Adentro.<\/p>\n","protected":false},"excerpt":{"rendered":"<p>Xerardo AgraFoxo.\u00a0Grazas \u00e1s laudas do cemiterio de Santa Mar\u00eda de Nova e \u00e1s ordenanzas dos Foros de Noia, podemos co\u00f1ecer os principais oficios que se desenvolv\u00edan no Portus Apostoli nos tempos do medievo: mercadores (comercializaban o peixe e os seus derivados), mestres de naos (eran os patr\u00f3ns ou oficiais das embarcaci\u00f3ns), mari\u00f1eiros (participaban como navegantes &hellip; <a href=\"http:\/\/cafebarbantia.barbantia.es\/?p=14035\" class=\"more-link\">Seguir lendo <span class=\"screen-reader-text\">Os gremios de Noia durante o medievo<\/span> <span class=\"meta-nav\">&rarr;<\/span><\/a><\/p>\n","protected":false},"author":1,"featured_media":0,"comment_status":"open","ping_status":"closed","sticky":false,"template":"","format":"standard","meta":{"_bbp_topic_count":0,"_bbp_reply_count":0,"_bbp_total_topic_count":0,"_bbp_total_reply_count":0,"_bbp_voice_count":0,"_bbp_anonymous_reply_count":0,"_bbp_topic_count_hidden":0,"_bbp_reply_count_hidden":0,"_bbp_forum_subforum_count":0,"_exactmetrics_skip_tracking":false,"_exactmetrics_sitenote_active":false,"_exactmetrics_sitenote_note":"","_exactmetrics_sitenote_category":0,"_monsterinsights_skip_tracking":false,"_monsterinsights_sitenote_active":false,"_monsterinsights_sitenote_note":"","_monsterinsights_sitenote_category":0},"categories":[7,21],"tags":[],"aioseo_notices":[],"_links":{"self":[{"href":"http:\/\/cafebarbantia.barbantia.es\/index.php?rest_route=\/wp\/v2\/posts\/14035"}],"collection":[{"href":"http:\/\/cafebarbantia.barbantia.es\/index.php?rest_route=\/wp\/v2\/posts"}],"about":[{"href":"http:\/\/cafebarbantia.barbantia.es\/index.php?rest_route=\/wp\/v2\/types\/post"}],"author":[{"embeddable":true,"href":"http:\/\/cafebarbantia.barbantia.es\/index.php?rest_route=\/wp\/v2\/users\/1"}],"replies":[{"embeddable":true,"href":"http:\/\/cafebarbantia.barbantia.es\/index.php?rest_route=%2Fwp%2Fv2%2Fcomments&post=14035"}],"version-history":[{"count":1,"href":"http:\/\/cafebarbantia.barbantia.es\/index.php?rest_route=\/wp\/v2\/posts\/14035\/revisions"}],"predecessor-version":[{"id":14037,"href":"http:\/\/cafebarbantia.barbantia.es\/index.php?rest_route=\/wp\/v2\/posts\/14035\/revisions\/14037"}],"wp:attachment":[{"href":"http:\/\/cafebarbantia.barbantia.es\/index.php?rest_route=%2Fwp%2Fv2%2Fmedia&parent=14035"}],"wp:term":[{"taxonomy":"category","embeddable":true,"href":"http:\/\/cafebarbantia.barbantia.es\/index.php?rest_route=%2Fwp%2Fv2%2Fcategories&post=14035"},{"taxonomy":"post_tag","embeddable":true,"href":"http:\/\/cafebarbantia.barbantia.es\/index.php?rest_route=%2Fwp%2Fv2%2Ftags&post=14035"}],"curies":[{"name":"wp","href":"https:\/\/api.w.org\/{rel}","templated":true}]}}