{"id":14050,"date":"2021-12-24T06:00:15","date_gmt":"2021-12-24T06:00:15","guid":{"rendered":"http:\/\/cafebarbantia.barbantia.es\/?p=14050"},"modified":"2021-12-16T08:17:07","modified_gmt":"2021-12-16T08:17:07","slug":"o-dia-que-lle-puxen-lume-a-libraria-de-vello","status":"publish","type":"post","link":"http:\/\/cafebarbantia.barbantia.es\/?p=14050","title":{"rendered":"O d\u00eda que lle puxen lume \u00e1 librar\u00eda de vello"},"content":{"rendered":"<p align=\"justify\"><span style=\"color: #181818;\"><span style=\"font-size: medium;\"><a href=\"http:\/\/cafebarbantia.barbantia.es\/wp-content\/uploads\/2021\/12\/22D0.tmp_.jpg\"><img decoding=\"async\" loading=\"lazy\" class=\"alignright size-medium wp-image-14051\" alt=\"22D0.tmp\" src=\"http:\/\/cafebarbantia.barbantia.es\/wp-content\/uploads\/2021\/12\/22D0.tmp_-187x300.jpg\" width=\"187\" height=\"300\" srcset=\"http:\/\/cafebarbantia.barbantia.es\/wp-content\/uploads\/2021\/12\/22D0.tmp_-187x300.jpg 187w, http:\/\/cafebarbantia.barbantia.es\/wp-content\/uploads\/2021\/12\/22D0.tmp_.jpg 312w\" sizes=\"(max-width: 187px) 100vw, 187px\" \/><\/a><em><strong>Xerardo AgraFoxo.\u00a0<\/strong><\/em>Despois de <\/span><\/span><span style=\"color: #181818;\"><span style=\"font-size: medium;\"><i>Saturnal<\/i><\/span><\/span><span style=\"color: #181818;\"><span style=\"font-size: medium;\"> e <\/span><\/span><span style=\"color: #181818;\"><span style=\"font-size: medium;\"><i>Transici\u00f3n<\/i><\/span><\/span><span style=\"color: #181818;\"><span style=\"font-size: medium;\"> (<\/span><\/span><span style=\"color: #181818;\"><span style=\"font-size: medium;\"><i>pola que levou alg\u00fans cartos e un bo feixe de paus<\/i><\/span><\/span><span style=\"color: #181818;\"><span style=\"font-size: medium;\">), aparece esta obra de argumento suxestivo: un home \u00e9 reclu\u00eddo (<\/span><\/span><span style=\"color: #181818;\"><span style=\"font-size: medium;\"><i>sac\u00e1ronme do apartamento de Conxo pola ma\u00f1\u00e1, met\u00e9ronme esposado nun furg\u00f3n<\/i><\/span><\/span><span style=\"color: #181818;\"><span style=\"font-size: medium;\">) nunha cadea da Audiencia Nacional (<\/span><\/span><span style=\"color: #181818;\"><span style=\"font-size: medium;\"><i>un dos piares do Estado de Dereito<\/i><\/span><\/span><span style=\"color: #181818;\"><span style=\"font-size: medium;\">) acusado de cometer un delito de terrorismo: <\/span><\/span><span style=\"color: #181818;\"><span style=\"font-size: medium;\"><i>prenderlle lume a unha librar\u00eda<\/i><\/span><\/span><span style=\"color: #181818;\"><span style=\"font-size: medium;\">. Nestes alxubes comeza unha confesi\u00f3n que, desbotando os prop\u00f3sitos das autoridades, se converte nun axuste de contas en que ningu\u00e9n queda \u00e1 marxe das s\u00faas rexoubas.<!--more--> <\/span><\/span><\/p>\n<p align=\"justify\"><span style=\"color: #181818;\"><span style=\"font-size: medium;\"><i>O d\u00eda que lle puxen lume \u00e1 librar\u00eda de vello<\/i><\/span><\/span><span style=\"color: #181818;\"><span style=\"font-size: medium;\"> (2021) de Pablo Fern\u00e1ndez Barba (Madrid, 1976), profesor de F\u00edsica e Qu\u00edmica, aproveit<\/span><\/span><span style=\"color: #4d4d4d;\"><span style=\"font-size: medium;\">a esta curiosa proposta para criticar sen pudor certos comportamentos das editoriais (<\/span><\/span><span style=\"color: #4d4d4d;\"><span style=\"font-size: medium;\"><i>todo comezou cunha reprimenda por parte dos responsables de darme o premio<\/i><\/span><\/span><span style=\"color: #4d4d4d;\"><span style=\"font-size: medium;\">), rexeitar o sistema autoritario (<\/span><\/span><span style=\"color: #4d4d4d;\"><span style=\"font-size: medium;\"><i>Resulta que estou aqu\u00ed por&#8230; por escribir?<\/i><\/span><\/span><span style=\"color: #4d4d4d;\"><span style=\"font-size: medium;\">) e remover os alicerces desta sociedade da informaci\u00f3n (<\/span><\/span><span style=\"color: #4d4d4d;\"><span style=\"font-size: medium;\"><i>O blog. A patria dos desherdados da literatura<\/i><\/span><\/span><span style=\"color: #4d4d4d;\"><span style=\"font-size: medium;\">). Coido que a ningu\u00e9n lle ser\u00e1 indiferente este artefacto literario, talvez algo escatol\u00f3xico, pero, sen d\u00fabida, imaxinativo.<\/span><\/span><\/p>\n<p align=\"justify\"><span style=\"color: #181818;\"><span style=\"font-size: medium;\"><b>Morgante (Cangas, 2021)<\/b><\/span><\/span><\/p>\n<p align=\"justify\"><span style=\"color: #181818;\"><span style=\"font-size: medium;\"><b>126 p\u00e1xinas<\/b><\/span><\/span><\/p>\n","protected":false},"excerpt":{"rendered":"<p>Xerardo AgraFoxo.\u00a0Despois de Saturnal e Transici\u00f3n (pola que levou alg\u00fans cartos e un bo feixe de paus), aparece esta obra de argumento suxestivo: un home \u00e9 reclu\u00eddo (sac\u00e1ronme do apartamento de Conxo pola ma\u00f1\u00e1, met\u00e9ronme esposado nun furg\u00f3n) nunha cadea da Audiencia Nacional (un dos piares do Estado de Dereito) acusado de cometer un delito &hellip; <a href=\"http:\/\/cafebarbantia.barbantia.es\/?p=14050\" class=\"more-link\">Seguir lendo <span class=\"screen-reader-text\">O d\u00eda que lle puxen lume \u00e1 librar\u00eda de vello<\/span> <span class=\"meta-nav\">&rarr;<\/span><\/a><\/p>\n","protected":false},"author":1,"featured_media":0,"comment_status":"open","ping_status":"closed","sticky":false,"template":"","format":"standard","meta":{"_bbp_topic_count":0,"_bbp_reply_count":0,"_bbp_total_topic_count":0,"_bbp_total_reply_count":0,"_bbp_voice_count":0,"_bbp_anonymous_reply_count":0,"_bbp_topic_count_hidden":0,"_bbp_reply_count_hidden":0,"_bbp_forum_subforum_count":0,"_exactmetrics_skip_tracking":false,"_exactmetrics_sitenote_active":false,"_exactmetrics_sitenote_note":"","_exactmetrics_sitenote_category":0,"_monsterinsights_skip_tracking":false,"_monsterinsights_sitenote_active":false,"_monsterinsights_sitenote_note":"","_monsterinsights_sitenote_category":0},"categories":[9,21],"tags":[],"aioseo_notices":[],"_links":{"self":[{"href":"http:\/\/cafebarbantia.barbantia.es\/index.php?rest_route=\/wp\/v2\/posts\/14050"}],"collection":[{"href":"http:\/\/cafebarbantia.barbantia.es\/index.php?rest_route=\/wp\/v2\/posts"}],"about":[{"href":"http:\/\/cafebarbantia.barbantia.es\/index.php?rest_route=\/wp\/v2\/types\/post"}],"author":[{"embeddable":true,"href":"http:\/\/cafebarbantia.barbantia.es\/index.php?rest_route=\/wp\/v2\/users\/1"}],"replies":[{"embeddable":true,"href":"http:\/\/cafebarbantia.barbantia.es\/index.php?rest_route=%2Fwp%2Fv2%2Fcomments&post=14050"}],"version-history":[{"count":3,"href":"http:\/\/cafebarbantia.barbantia.es\/index.php?rest_route=\/wp\/v2\/posts\/14050\/revisions"}],"predecessor-version":[{"id":14062,"href":"http:\/\/cafebarbantia.barbantia.es\/index.php?rest_route=\/wp\/v2\/posts\/14050\/revisions\/14062"}],"wp:attachment":[{"href":"http:\/\/cafebarbantia.barbantia.es\/index.php?rest_route=%2Fwp%2Fv2%2Fmedia&parent=14050"}],"wp:term":[{"taxonomy":"category","embeddable":true,"href":"http:\/\/cafebarbantia.barbantia.es\/index.php?rest_route=%2Fwp%2Fv2%2Fcategories&post=14050"},{"taxonomy":"post_tag","embeddable":true,"href":"http:\/\/cafebarbantia.barbantia.es\/index.php?rest_route=%2Fwp%2Fv2%2Ftags&post=14050"}],"curies":[{"name":"wp","href":"https:\/\/api.w.org\/{rel}","templated":true}]}}