{"id":14054,"date":"2021-12-18T06:00:32","date_gmt":"2021-12-18T06:00:32","guid":{"rendered":"http:\/\/cafebarbantia.barbantia.es\/?p=14054"},"modified":"2021-12-02T10:38:42","modified_gmt":"2021-12-02T10:38:42","slug":"charo-lopes","status":"publish","type":"post","link":"http:\/\/cafebarbantia.barbantia.es\/?p=14054","title":{"rendered":"Charo Lopes"},"content":{"rendered":"<p align=\"justify\"><a href=\"http:\/\/cafebarbantia.barbantia.es\/wp-content\/uploads\/2021\/12\/O-Escritor.-Album_Charo_Lopes-169.png\"><img decoding=\"async\" loading=\"lazy\" class=\"alignright size-medium wp-image-14055\" alt=\"O Escritor. Album_Charo_Lopes 169\" src=\"http:\/\/cafebarbantia.barbantia.es\/wp-content\/uploads\/2021\/12\/O-Escritor.-Album_Charo_Lopes-169-205x300.png\" width=\"205\" height=\"300\" srcset=\"http:\/\/cafebarbantia.barbantia.es\/wp-content\/uploads\/2021\/12\/O-Escritor.-Album_Charo_Lopes-169-205x300.png 205w, http:\/\/cafebarbantia.barbantia.es\/wp-content\/uploads\/2021\/12\/O-Escritor.-Album_Charo_Lopes-169-703x1024.png 703w, http:\/\/cafebarbantia.barbantia.es\/wp-content\/uploads\/2021\/12\/O-Escritor.-Album_Charo_Lopes-169.png 1082w\" sizes=\"(max-width: 205px) 100vw, 205px\" \/><\/a><em><strong>Pastor Rodr\u00edguez.\u00a0<\/strong><\/em>Natural de Boiro, fot\u00f3grafa, xornalista e poeta. Colaboradora de Barbantia, en 2007 foi inclu\u00edda polo seu concello natal no <i>Cat\u00e1logo de Novos Creadores do Barbanza<\/i>. Licenciada en Xornalismo, na universidade de Compostela venc\u00e9llase \u00e1s loitas sociais e pol\u00edticas cunha visi\u00f3n independentista. En Ourense f\u00f3rmase como fot\u00f3grafa art\u00edstica na ESAD Antonio Fa\u00edlde e xa na Coru\u00f1a cursa un Mestrado en Literatura, Cultura e Diversidade. No ano 2014 recibe o primeiro premio Xuventude Crea da Xunta de Galicia polo poemario <i>Random. Do quotidiano<\/i> e en 2015 ga\u00f1a o Premio Fiz Vergara Vilari\u00f1o con <i>De como acontece o fin do mundo <\/i>(2016) e logo o Premio de poes\u00eda Cidade de Ourense con <i>\u00c1lbum <\/i>(2020). <!--more-->Como xornalista participa no consello de redaci\u00f3n de <i>Novas da Galiza<\/i>. Na fotograf\u00eda especial\u00edzase no retrato dende unha \u00f3ptica feminista. Coordena o Portal Galego da Lingua e comisariou un ciclo de eventos art\u00edsticos no espazo Numax de Compostela. Dirixe o proxecto UMA, un servizo de retratos individuais para mulleres, no que elas configuran a s\u00faa representaci\u00f3n coa intenci\u00f3n de empoderarse. Forma parte, asemade, da revista de fotograf\u00eda Caleidoscopica.gal, un exercicio de autoxesti\u00f3n para divulgar online os traballos das fot\u00f3grafas. Poes\u00eda, a desta autora, nada en Boiro en 1988, vencellada ao compromiso coas mulleres, sempre a car\u00f3n das de abaixo, as oprimidas. Canto \u00e1 lingua, Charo Lopes escribe coa ortograf\u00eda do portugu\u00e9s, porque iso non llimita a potencialidade da lingua, que as\u00ed ten proxecci\u00f3n internacional. Consid\u00e9rase <i>\u201cunha obreira da literatura\u201d<\/i>. O seu poemario <i>\u00c1lbum<\/i> (2020) reflexiona sobre que comunican as fotograf\u00edas, que evocan.<\/p>\n","protected":false},"excerpt":{"rendered":"<p>Pastor Rodr\u00edguez.\u00a0Natural de Boiro, fot\u00f3grafa, xornalista e poeta. Colaboradora de Barbantia, en 2007 foi inclu\u00edda polo seu concello natal no Cat\u00e1logo de Novos Creadores do Barbanza. Licenciada en Xornalismo, na universidade de Compostela venc\u00e9llase \u00e1s loitas sociais e pol\u00edticas cunha visi\u00f3n independentista. En Ourense f\u00f3rmase como fot\u00f3grafa art\u00edstica na ESAD Antonio Fa\u00edlde e xa na &hellip; <a href=\"http:\/\/cafebarbantia.barbantia.es\/?p=14054\" class=\"more-link\">Seguir lendo <span class=\"screen-reader-text\">Charo Lopes<\/span> <span class=\"meta-nav\">&rarr;<\/span><\/a><\/p>\n","protected":false},"author":1,"featured_media":0,"comment_status":"open","ping_status":"closed","sticky":false,"template":"","format":"standard","meta":{"_bbp_topic_count":0,"_bbp_reply_count":0,"_bbp_total_topic_count":0,"_bbp_total_reply_count":0,"_bbp_voice_count":0,"_bbp_anonymous_reply_count":0,"_bbp_topic_count_hidden":0,"_bbp_reply_count_hidden":0,"_bbp_forum_subforum_count":0,"_exactmetrics_skip_tracking":false,"_exactmetrics_sitenote_active":false,"_exactmetrics_sitenote_note":"","_exactmetrics_sitenote_category":0,"_monsterinsights_skip_tracking":false,"_monsterinsights_sitenote_active":false,"_monsterinsights_sitenote_note":"","_monsterinsights_sitenote_category":0},"categories":[7,32,9,37,10],"tags":[],"aioseo_notices":[],"_links":{"self":[{"href":"http:\/\/cafebarbantia.barbantia.es\/index.php?rest_route=\/wp\/v2\/posts\/14054"}],"collection":[{"href":"http:\/\/cafebarbantia.barbantia.es\/index.php?rest_route=\/wp\/v2\/posts"}],"about":[{"href":"http:\/\/cafebarbantia.barbantia.es\/index.php?rest_route=\/wp\/v2\/types\/post"}],"author":[{"embeddable":true,"href":"http:\/\/cafebarbantia.barbantia.es\/index.php?rest_route=\/wp\/v2\/users\/1"}],"replies":[{"embeddable":true,"href":"http:\/\/cafebarbantia.barbantia.es\/index.php?rest_route=%2Fwp%2Fv2%2Fcomments&post=14054"}],"version-history":[{"count":1,"href":"http:\/\/cafebarbantia.barbantia.es\/index.php?rest_route=\/wp\/v2\/posts\/14054\/revisions"}],"predecessor-version":[{"id":14056,"href":"http:\/\/cafebarbantia.barbantia.es\/index.php?rest_route=\/wp\/v2\/posts\/14054\/revisions\/14056"}],"wp:attachment":[{"href":"http:\/\/cafebarbantia.barbantia.es\/index.php?rest_route=%2Fwp%2Fv2%2Fmedia&parent=14054"}],"wp:term":[{"taxonomy":"category","embeddable":true,"href":"http:\/\/cafebarbantia.barbantia.es\/index.php?rest_route=%2Fwp%2Fv2%2Fcategories&post=14054"},{"taxonomy":"post_tag","embeddable":true,"href":"http:\/\/cafebarbantia.barbantia.es\/index.php?rest_route=%2Fwp%2Fv2%2Ftags&post=14054"}],"curies":[{"name":"wp","href":"https:\/\/api.w.org\/{rel}","templated":true}]}}