{"id":14057,"date":"2021-12-11T06:00:34","date_gmt":"2021-12-11T06:00:34","guid":{"rendered":"http:\/\/cafebarbantia.barbantia.es\/?p=14057"},"modified":"2021-12-02T12:32:31","modified_gmt":"2021-12-02T12:32:31","slug":"o-rabano","status":"publish","type":"post","link":"http:\/\/cafebarbantia.barbantia.es\/?p=14057","title":{"rendered":"O raba\u00f1o"},"content":{"rendered":"<p lang=\"es-ES-u-co-trad\" align=\"justify\"><span style=\"font-family: Calibri, sans-serif;\"><span style=\"font-size: large;\"><a href=\"http:\/\/cafebarbantia.barbantia.es\/wp-content\/uploads\/2021\/12\/woman-standing-beside-black-and-brown-animals-thumbnail.jpg\"><img decoding=\"async\" loading=\"lazy\" class=\"alignright size-medium wp-image-14058\" alt=\"woman-standing-beside-black-and-brown-animals-thumbnail\" src=\"http:\/\/cafebarbantia.barbantia.es\/wp-content\/uploads\/2021\/12\/woman-standing-beside-black-and-brown-animals-thumbnail-300x200.jpg\" width=\"300\" height=\"200\" srcset=\"http:\/\/cafebarbantia.barbantia.es\/wp-content\/uploads\/2021\/12\/woman-standing-beside-black-and-brown-animals-thumbnail-300x200.jpg 300w, http:\/\/cafebarbantia.barbantia.es\/wp-content\/uploads\/2021\/12\/woman-standing-beside-black-and-brown-animals-thumbnail.jpg 480w\" sizes=\"(max-width: 300px) 100vw, 300px\" \/><\/a><em><strong>Domingo Regueira.\u00a0<\/strong><\/em>Lavados, \u201cpranchados\u201d e mudados, a xente sae aos cami\u00f1os como se fosen para votar. Os clans pechan as casas e, cheos de fe, entregan o brazo \u00e1 \u201cvacina milagrosa\u201d. No talleiro, mentres lles debullaba unha espiga \u00e1s gali\u00f1as, Prudencia indagaba:<!--more--><\/span><\/span><\/p>\n<p lang=\"es-ES-u-co-trad\" align=\"justify\">\u2013<span style=\"font-family: Calibri, sans-serif;\"><span style=\"font-size: large;\">Pelaia&#8230;! A onde vas tan disposta?<\/span><\/span><\/p>\n<p lang=\"es-ES-u-co-trad\" align=\"justify\">\u2013<span style=\"font-family: Calibri, sans-serif;\"><span style=\"font-size: large;\">Voume pinchar, porque que xa me chamaron.<\/span><\/span><\/p>\n<p lang=\"es-ES-u-co-trad\" align=\"justify\">\u2013<span style=\"font-family: Calibri, sans-serif;\"><span style=\"font-size: large;\">E sabes que che van meter? Porque, se cadra, antes deber\u00edas consultalo co teu m\u00e9dico para saberes se a podes levar.<\/span><\/span><\/p>\n<p lang=\"es-ES-u-co-trad\" align=\"justify\">\u2013<span style=\"font-family: Calibri, sans-serif;\"><span style=\"font-size: large;\">Pois non. Non se che me pasou polo caletre!<\/span><\/span><\/p>\n<p lang=\"es-ES-u-co-trad\" align=\"justify\">\u2013<span style=\"font-family: Calibri, sans-serif;\"><span style=\"font-size: large;\">Pois se che dan reacci\u00f3ns adversas o teu Hip\u00f3crates non te vai atender. Vaite mandar queixar a quen che puxo o \u00f3xido de grafeno.<\/span><\/span><\/p>\n<p lang=\"es-ES-u-co-trad\" align=\"justify\">\u2013<span style=\"font-family: Calibri, sans-serif;\"><span style=\"font-size: large;\">Ai! Pois tampouco reparei niso.<\/span><\/span><\/p>\n<p lang=\"es-ES-u-co-trad\" align=\"justify\">\u2013<span style=\"font-family: Calibri, sans-serif;\"><span style=\"font-size: large;\">Tam\u00e9n o meu rato pensou que o queixo mo daban gratis.<\/span><\/span><\/p>\n<p lang=\"es-ES-u-co-trad\" align=\"justify\">\u2013<span style=\"font-family: Calibri, sans-serif;\"><span style=\"font-size: large;\">Xa me est\u00e1s dando que pensar. E iso do grafeno, que \u00e9?<\/span><\/span><\/p>\n<p lang=\"es-ES-u-co-trad\" align=\"justify\">\u2013<span style=\"font-family: Calibri, sans-serif;\"><span style=\"font-size: large;\">Pois \u00e9che coma unha espiga de centeo, que se cha meten polo calleiro xa non ten volta atr\u00e1s, e est\u00e9ndeseche polos vasos sangu\u00edneos e os pulm\u00f3ns provocando tromboses, encefalites, miocardites, cegueira, dolores musculares, tremores s\u00edsmicos, abortos, coagulaci\u00f3n t\u00f3xica e outros males. \u00c9 peor que se che metesen o demo no corpo. Ata te poden esterilizar!<\/span><\/span><\/p>\n<p lang=\"es-ES-u-co-trad\" align=\"justify\">\u2013<span style=\"font-family: Calibri, sans-serif;\"><span style=\"font-size: large;\">A<\/span><\/span><span style=\"font-family: Calibri, sans-serif;\"><span style=\"font-size: large;\">i muller! A min cos meus 65, pouco me vai prexudicar, e despois do que gastei na perruquer\u00eda, non sei que me d\u00e1 non ir. <\/span><\/span><\/p>\n<p lang=\"es-ES-u-co-trad\" align=\"justify\">\u2013<span style=\"font-family: Calibri, sans-serif;\"><span style=\"font-size: large;\">Si. Vas moi <\/span><\/span><span style=\"font-family: Calibri, sans-serif;\"><span style=\"font-size: large;\"><i>joapa<\/i><\/span><\/span><span style=\"font-family: Calibri, sans-serif;\"><span style=\"font-size: large;\">; parece que fuches ao mesmo perruqueiro que Boris Johnson. <\/span><\/span><\/p>\n<p lang=\"es-ES-u-co-trad\" align=\"justify\">\u2013<span style=\"font-family: Calibri, sans-serif;\"><span style=\"font-size: large;\">&#8230;E, se van todos, eu non quero dar a nota; non vaia ser que, por non ir, me colla o fodido virolo. E estou vendo que vai toda a parroquia, inclu\u00eddo o Reverendo.<\/span><\/span><\/p>\n<p lang=\"es-ES-u-co-trad\" align=\"justify\">\u2013<span style=\"font-family: Calibri, sans-serif;\"><span style=\"font-size: large;\">Xa vexo. Parecedes a Ca\u00f1ada Real no esplendor da transhumancia co cabreiro \u00e1 fronte. Ides abertas de corpo, como se vos chamasen para a \u201cfesta do polbo\u201d.<\/span><\/span><\/p>\n<p lang=\"es-ES-u-co-trad\" align=\"justify\">\u2013<span style=\"font-family: Calibri, sans-serif;\"><span style=\"font-size: large;\">Ti tes moita <\/span><\/span><span style=\"font-family: Calibri, sans-serif;\"><span style=\"font-size: large;\"><i>papilla<\/i><\/span><\/span><span style=\"font-family: Calibri, sans-serif;\"><span style=\"font-size: large;\">. Pero eu xa vin na televisi\u00f3n como carrexaban os mortos. E Susana Griso, Risco, Pedro S\u00e1nchez, Bel\u00e9n Esteban, Jorge Mario Bergoglio e o periodista chocho, Fernando J\u00e1uregui, todos nos din que corramos a inmunizarnos antes de que se acaben as xiringas. E cando avisan, por algo \u00e9!<\/span><\/span><\/p>\n<p lang=\"es-ES-u-co-trad\" align=\"justify\">\u2013<span style=\"font-family: Calibri, sans-serif;\"><span style=\"font-size: large;\">Se fose para explicarvos como os Bancos se vos van escapar cos aforros, non vos chamaban.<\/span><\/span><\/p>\n<p lang=\"es-ES-u-co-trad\" align=\"justify\">\u2013<span style=\"font-family: Calibri, sans-serif;\"><span style=\"font-size: large;\">Mira, Pruden, d\u00e9ixame ir, que non se vaian marchar os pincheleiros.<\/span><\/span><\/p>\n<p lang=\"es-ES-u-co-trad\" align=\"justify\">\u2013\u201c<span style=\"font-family: Calibri, sans-serif;\"><span style=\"font-size: large;\">El que por su gusto muere hasta la muerte le sabe<\/span><\/span><span style=\"font-family: Calibri, sans-serif;\"><span style=\"font-size: large;\"><i>\u201d.<\/i><\/span><\/span><\/p>\n<p lang=\"es-ES-u-co-trad\" align=\"justify\">\u2013<span style=\"font-family: Calibri, sans-serif;\"><span style=\"font-size: large;\">Non creo que morramos todos os que imos. E, de ser as\u00ed, non quedariades m\u00e1is de catro gatos.<\/span><\/span><\/p>\n<p lang=\"es-ES-u-co-trad\" align=\"justify\">\u2013<span style=\"font-family: Calibri, sans-serif;\"><span style=\"font-size: large;\">Cantos menos vultos, m\u00e1is ox\u00edxeno. Se tes sorte e che fan un simulacro coma aos pol\u00edticos, p\u00f3deste zafar; pero como che metan o <\/span><\/span><span style=\"font-family: Calibri, sans-serif;\"><span style=\"font-size: large;\"><i>vial<\/i><\/span><\/span><span style=\"font-family: Calibri, sans-serif;\"><span style=\"font-size: large;\"> enteiro, xa te patea no acto. <\/span><\/span><\/p>\n<p lang=\"es-ES-u-co-trad\" align=\"justify\">\u2013<span style=\"font-family: Calibri, sans-serif;\"><span style=\"font-size: large;\">Ai Pruden&#8230;! Non me asustes!<\/span><\/span><\/p>\n<p lang=\"es-ES-u-co-trad\" align=\"justify\">\u2013<span style=\"font-family: Calibri, sans-serif;\"><span style=\"font-size: large;\">Segundo di Mylo Canderian, se che toca o vial do 20 % a\u00ednda podes durar uns 8 anos. O ciclo \u00e9 de 10 para todos os marcados, pero se che toca o do 100%, mellor fose que vos electrocutasen coas pranchas dos infartados, Deus me perdoe!<\/span><\/span><\/p>\n<p lang=\"es-ES-u-co-trad\" align=\"justify\">\u2013<span style=\"font-family: Calibri, sans-serif;\"><span style=\"font-size: large;\">Voume!! Porque se che fago caso perdo a <\/span><\/span><span style=\"font-family: Calibri, sans-serif;\"><span style=\"font-size: large;\"><i>ves<\/i><\/span><\/span><span style=\"font-family: Calibri, sans-serif;\"><span style=\"font-size: large;\">, e os cartos da permanente.<\/span><\/span><\/p>\n<p lang=\"es-ES-u-co-trad\" align=\"justify\">\u2013<span style=\"font-family: Calibri, sans-serif;\"><span style=\"font-size: large;\">Vaite. Por avisar non quedas!<\/span><\/span><\/p>\n<p lang=\"es-ES-u-co-trad\" align=\"justify\"><span style=\"font-family: Calibri, sans-serif;\"><span style=\"font-size: large;\"><i>\u201c<\/i><\/span><\/span><span style=\"font-family: Calibri, sans-serif;\"><span style=\"font-size: large;\">Os quitaremos \u2018TODO\u2019 y sereis muy felices\u201d (Klaus Schwab).<\/span><\/span><\/p>\n","protected":false},"excerpt":{"rendered":"<p>Domingo Regueira.\u00a0Lavados, \u201cpranchados\u201d e mudados, a xente sae aos cami\u00f1os como se fosen para votar. Os clans pechan as casas e, cheos de fe, entregan o brazo \u00e1 \u201cvacina milagrosa\u201d. No talleiro, mentres lles debullaba unha espiga \u00e1s gali\u00f1as, Prudencia indagaba:<\/p>\n","protected":false},"author":1,"featured_media":0,"comment_status":"open","ping_status":"closed","sticky":false,"template":"","format":"standard","meta":{"_bbp_topic_count":0,"_bbp_reply_count":0,"_bbp_total_topic_count":0,"_bbp_total_reply_count":0,"_bbp_voice_count":0,"_bbp_anonymous_reply_count":0,"_bbp_topic_count_hidden":0,"_bbp_reply_count_hidden":0,"_bbp_forum_subforum_count":0,"_exactmetrics_skip_tracking":false,"_exactmetrics_sitenote_active":false,"_exactmetrics_sitenote_note":"","_exactmetrics_sitenote_category":0,"_monsterinsights_skip_tracking":false,"_monsterinsights_sitenote_active":false,"_monsterinsights_sitenote_note":"","_monsterinsights_sitenote_category":0},"categories":[68,9],"tags":[],"aioseo_notices":[],"_links":{"self":[{"href":"http:\/\/cafebarbantia.barbantia.es\/index.php?rest_route=\/wp\/v2\/posts\/14057"}],"collection":[{"href":"http:\/\/cafebarbantia.barbantia.es\/index.php?rest_route=\/wp\/v2\/posts"}],"about":[{"href":"http:\/\/cafebarbantia.barbantia.es\/index.php?rest_route=\/wp\/v2\/types\/post"}],"author":[{"embeddable":true,"href":"http:\/\/cafebarbantia.barbantia.es\/index.php?rest_route=\/wp\/v2\/users\/1"}],"replies":[{"embeddable":true,"href":"http:\/\/cafebarbantia.barbantia.es\/index.php?rest_route=%2Fwp%2Fv2%2Fcomments&post=14057"}],"version-history":[{"count":1,"href":"http:\/\/cafebarbantia.barbantia.es\/index.php?rest_route=\/wp\/v2\/posts\/14057\/revisions"}],"predecessor-version":[{"id":14059,"href":"http:\/\/cafebarbantia.barbantia.es\/index.php?rest_route=\/wp\/v2\/posts\/14057\/revisions\/14059"}],"wp:attachment":[{"href":"http:\/\/cafebarbantia.barbantia.es\/index.php?rest_route=%2Fwp%2Fv2%2Fmedia&parent=14057"}],"wp:term":[{"taxonomy":"category","embeddable":true,"href":"http:\/\/cafebarbantia.barbantia.es\/index.php?rest_route=%2Fwp%2Fv2%2Fcategories&post=14057"},{"taxonomy":"post_tag","embeddable":true,"href":"http:\/\/cafebarbantia.barbantia.es\/index.php?rest_route=%2Fwp%2Fv2%2Ftags&post=14057"}],"curies":[{"name":"wp","href":"https:\/\/api.w.org\/{rel}","templated":true}]}}