{"id":14075,"date":"2021-12-15T06:00:07","date_gmt":"2021-12-15T06:00:07","guid":{"rendered":"http:\/\/cafebarbantia.barbantia.es\/?p=14075"},"modified":"2023-06-19T10:45:50","modified_gmt":"2023-06-19T10:45:50","slug":"empate-a-domicilio","status":"publish","type":"post","link":"http:\/\/cafebarbantia.barbantia.es\/?p=14075","title":{"rendered":"Empate a domicilio"},"content":{"rendered":"<p style=\"text-align: justify;\"><em><strong>X. Ricardo Losada.\u00a0<\/strong><\/em>Co\u00f1ezo unha profesora nova na cafeter\u00eda do instituto media hora antes de comezar as clases. Com\u00e9ntame que \u00e9 de Galego e v\u00e9n substitu\u00edr unha compa\u00f1eira de baixa. Ao pouco de comezar a falar, e tras lle revelar eu que son de Rianxo, dime que vivo na segunda vila en importancia na literatura galega. <!--more-->A primeira, sost\u00e9n, \u00e9 Celanova. Co caf\u00e9 na man, fico gratamente sorprendido (que atrevemento, n\u00f3tase que \u00e9 novi\u00f1a) e, rapidamente, a mi\u00f1a cabeza comeza a facer c\u00e1lculos pondo na b\u00e1scula os tres principais escritores de cada vila (Curros, Celso Emilio, Ferr\u00edn por Celanova. Castelao, Dieste e Manoel Antonio por Rianxo), pero axi\u00f1a me decato de que ningunha b\u00e1scula pode pesar a cultura, e concl\u00fao, salom\u00f3nico, co mantra que sempre uso nestes casos. Rianxo \u00e9 a vila galega cun maior peso cultural \u00e9 unha afirmaci\u00f3n compatible con esoutra de que Celanova \u00e9 a vila galega cun maior peso cultural. Depende do que se valore.<\/p>\n<p style=\"text-align: justify;\">\u00a0\u00a0\u00a0\u00a0 O caso \u00e9 que, por esas coincidencias que \u00e1s veces trae a vida, catro d\u00edas despois fun pasar unha fin de semana a Celanova. Estiven na casa de Curros, no cuarto do mosteiro onde Celso Emilio ficou encerrado e na torre de Vilanova dos Infantes que protexe a casa de Ferr\u00edn. E o que pensei non foi se eran superiores ou inferiores aos ilustres rianxeiros, sen\u00f3n que a casa de Curros era m\u00e1is ampla e m\u00e1is aca\u00edda para un museo que a de Castelao, que o c\u00e1rcere de Celso Emilio, onde probablemente escribira <i>Longa noite de pedra<\/i>, era m\u00e1is claustrof\u00f3bico que a cuberta do Constantino Candeira onde Manoel Antonio escribiu <i>De catro a catro<\/i>, e que a torre de Vilanova onde Ferr\u00edn viviu a infancia era o equivalente ao pazo de Paio G\u00f3mez Chari\u00f1o onde Dieste viviu a s\u00faa.<\/p>\n<p style=\"text-align: justify;\">\u00a0\u00a0\u00a0\u00a0\u00a0 A\u00ednda as\u00ed, esa conciliadora paz interior quebrou no peor momento e no peor lugar. Paseando pola casa de Curros vin un panel no que aparec\u00edan todos os concellos galegos onde hai unha r\u00faa ou unha praza co seu nome, cincuenta e catro en total, e no primeiro que pensei foi que ese si ser\u00eda un bo criterio obxectivo para determinar que vila era culturalmente m\u00e1is importante. Pero, como non sab\u00eda o n\u00famero de concellos galegos que te\u00f1en unha r\u00faa dedicada a Castelao, non puiden dilucidar a cuesti\u00f3n. Agora ben. Si acababa de saber que concellos tan pr\u00f3ximos como Pobra, Ribeira, Noia, Outes ou Vilagarc\u00eda, ti\u00f1an unha r\u00faa dedicada a Curros, pero Rianxo non. Sent\u00edn tal desacougo que a piques estiven de preguntarlle \u00e1 gu\u00eda do museo se Celanova ti\u00f1a algunha r\u00faa dedicada a Castelao. Non o fixen. Se a ti\u00f1a, estar\u00eda claro cal ser\u00eda a vila m\u00e1is importante culturalmente da historia de Galicia. E sentir alegr\u00eda por iso na mesm\u00edsima casa do egrexio poeta de Celanova ser\u00eda como sentir alegr\u00eda nunha igrexa ao saber que Mahoma \u00e9 mellor profeta que Xes\u00fas.<\/p>\n","protected":false},"excerpt":{"rendered":"<p>X. Ricardo Losada.\u00a0Co\u00f1ezo unha profesora nova na cafeter\u00eda do instituto media hora antes de comezar as clases. Com\u00e9ntame que \u00e9 de Galego e v\u00e9n substitu\u00edr unha compa\u00f1eira de baixa. Ao pouco de comezar a falar, e tras lle revelar eu que son de Rianxo, dime que vivo na segunda vila en importancia na literatura galega.<\/p>\n","protected":false},"author":1,"featured_media":0,"comment_status":"open","ping_status":"closed","sticky":false,"template":"","format":"standard","meta":{"_bbp_topic_count":0,"_bbp_reply_count":0,"_bbp_total_topic_count":0,"_bbp_total_reply_count":0,"_bbp_voice_count":0,"_bbp_anonymous_reply_count":0,"_bbp_topic_count_hidden":0,"_bbp_reply_count_hidden":0,"_bbp_forum_subforum_count":0,"_exactmetrics_skip_tracking":false,"_exactmetrics_sitenote_active":false,"_exactmetrics_sitenote_note":"","_exactmetrics_sitenote_category":0,"_monsterinsights_skip_tracking":false,"_monsterinsights_sitenote_active":false,"_monsterinsights_sitenote_note":"","_monsterinsights_sitenote_category":0},"categories":[7,9,26],"tags":[],"aioseo_notices":[],"_links":{"self":[{"href":"http:\/\/cafebarbantia.barbantia.es\/index.php?rest_route=\/wp\/v2\/posts\/14075"}],"collection":[{"href":"http:\/\/cafebarbantia.barbantia.es\/index.php?rest_route=\/wp\/v2\/posts"}],"about":[{"href":"http:\/\/cafebarbantia.barbantia.es\/index.php?rest_route=\/wp\/v2\/types\/post"}],"author":[{"embeddable":true,"href":"http:\/\/cafebarbantia.barbantia.es\/index.php?rest_route=\/wp\/v2\/users\/1"}],"replies":[{"embeddable":true,"href":"http:\/\/cafebarbantia.barbantia.es\/index.php?rest_route=%2Fwp%2Fv2%2Fcomments&post=14075"}],"version-history":[{"count":2,"href":"http:\/\/cafebarbantia.barbantia.es\/index.php?rest_route=\/wp\/v2\/posts\/14075\/revisions"}],"predecessor-version":[{"id":14857,"href":"http:\/\/cafebarbantia.barbantia.es\/index.php?rest_route=\/wp\/v2\/posts\/14075\/revisions\/14857"}],"wp:attachment":[{"href":"http:\/\/cafebarbantia.barbantia.es\/index.php?rest_route=%2Fwp%2Fv2%2Fmedia&parent=14075"}],"wp:term":[{"taxonomy":"category","embeddable":true,"href":"http:\/\/cafebarbantia.barbantia.es\/index.php?rest_route=%2Fwp%2Fv2%2Fcategories&post=14075"},{"taxonomy":"post_tag","embeddable":true,"href":"http:\/\/cafebarbantia.barbantia.es\/index.php?rest_route=%2Fwp%2Fv2%2Ftags&post=14075"}],"curies":[{"name":"wp","href":"https:\/\/api.w.org\/{rel}","templated":true}]}}