{"id":14307,"date":"2022-02-19T06:00:41","date_gmt":"2022-02-19T06:00:41","guid":{"rendered":"http:\/\/cafebarbantia.barbantia.es\/?p=14307"},"modified":"2022-02-16T08:19:36","modified_gmt":"2022-02-16T08:19:36","slug":"o-periplo-de-ibrahim","status":"publish","type":"post","link":"http:\/\/cafebarbantia.barbantia.es\/?p=14307","title":{"rendered":"O periplo de Ibrahim"},"content":{"rendered":"<figure id=\"attachment_14308\" aria-describedby=\"caption-attachment-14308\" style=\"width: 216px\" class=\"wp-caption alignright\"><a href=\"http:\/\/cafebarbantia.barbantia.es\/wp-content\/uploads\/2022\/02\/BEL\u00c9N-RODR\u00cdGUEZ-PAZO-.jpg\"><img decoding=\"async\" loading=\"lazy\" class=\"size-medium wp-image-14308\" alt=\"Ilustraci\u00f3n: Bel\u00e9n Rodr\u00edguez Pazo\" src=\"http:\/\/cafebarbantia.barbantia.es\/wp-content\/uploads\/2022\/02\/BEL\u00c9N-RODR\u00cdGUEZ-PAZO--216x300.jpg\" width=\"216\" height=\"300\" srcset=\"http:\/\/cafebarbantia.barbantia.es\/wp-content\/uploads\/2022\/02\/BEL\u00c9N-RODR\u00cdGUEZ-PAZO--216x300.jpg 216w, http:\/\/cafebarbantia.barbantia.es\/wp-content\/uploads\/2022\/02\/BEL\u00c9N-RODR\u00cdGUEZ-PAZO--739x1024.jpg 739w, http:\/\/cafebarbantia.barbantia.es\/wp-content\/uploads\/2022\/02\/BEL\u00c9N-RODR\u00cdGUEZ-PAZO-.jpg 768w\" sizes=\"(max-width: 216px) 100vw, 216px\" \/><\/a><figcaption id=\"caption-attachment-14308\" class=\"wp-caption-text\">Ilustraci\u00f3n: Bel\u00e9n Rodr\u00edguez Pazo<\/figcaption><\/figure>\n<p><em><strong>Mar\u00eda Xes\u00fas Blanco.\u00a0<\/strong><\/em>\u2014Ti qu\u00e9resme?<\/p>\n<p>\u2014Pois claro<\/p>\n<p>\u2014Ent\u00f3n, por que te vas?<\/p>\n<p>\u2014Sabes que non pode ser doutro xeito.<\/p>\n<p align=\"justify\">Esc\u00f3itanse voces dun home e dunha muller sa\u00edndo do aparello. Ibrahim non mira a pantalla. Nin tan sequera semella escoitar. Olla por un instante o floreiro con rosas que algu\u00e9n puxo na repisa da xanela. A dor no bazo \u00e9 intensa pero comeza a sentir a suor que zumega a s\u00faa pel ao baixar o fluxo do calmante.<!--more--> Varios meses nesta acolledora cidade e as secuelas do naufraxio a\u00ednda saen a flote de cando en vez. X\u00edrase tentando buscar unha posici\u00f3n m\u00e1is c\u00f3moda. \u00c1 s\u00faa beira, o enfermeiro regula a velocidade do soro e toma anotaci\u00f3ns. Despois colga o portapapeis ao p\u00e9 da cama e sae empurrando un carri\u00f1o. Leva unha bandexa na que hai un term\u00f3metro e un bote con inxect\u00e1beis. Antes de sa\u00edr para e da instruci\u00f3ns ao familiar que est\u00e1 co paciente do lado nun ton de voz baixo. Ibrahim sente agora que a dor comeza a acalmar. De fondo soan, adurmi\u00f1adas, as notas dunha peza musical ao comp\u00e1s dunha conversa. V\u00f3lvelle ao pensamento aquel paseo con Amira na praia de Iftane. Na s\u00faa mente a imaxe dos seus ollos melosos e tristes mergullados nos seus. Despois a despedida. E o desacougo tan grande no peito daquela noite \u00e1 deriva. A sensaci\u00f3n de claustrofobia naquela balsa min\u00fascula, apertados uns contra os outros sen un oco para estarricarse. E coa auga da chuvia aterecendo o corpo todo. A negrura densa dunha viaxe nun mar empoleirado que case o leva deste mundo. Non quere lembrar m\u00e1is. S\u00f3 durmir. Esquecer. Pecha os ollos. Neste intre si que comeza a sentir, de verdade, o sopor do calmante. E as palabras que oe, coma un eco que volve unha e outra vez, l\u00e9mbranlle outras que foran ditas hab\u00eda moito tempo. Fanlle dano. De s\u00fapeto, na habitaci\u00f3n, esp\u00e1llase o silencio. O tempo do televisor rematou. E o sono adurmi\u00f1a, agora, a dor e os recordos.<\/p>\n<p align=\"justify\">\n","protected":false},"excerpt":{"rendered":"<p>Mar\u00eda Xes\u00fas Blanco.\u00a0\u2014Ti qu\u00e9resme? \u2014Pois claro \u2014Ent\u00f3n, por que te vas? \u2014Sabes que non pode ser doutro xeito. Esc\u00f3itanse voces dun home e dunha muller sa\u00edndo do aparello. Ibrahim non mira a pantalla. Nin tan sequera semella escoitar. Olla por un instante o floreiro con rosas que algu\u00e9n puxo na repisa da xanela. A dor &hellip; <a href=\"http:\/\/cafebarbantia.barbantia.es\/?p=14307\" class=\"more-link\">Seguir lendo <span class=\"screen-reader-text\">O periplo de Ibrahim<\/span> <span class=\"meta-nav\">&rarr;<\/span><\/a><\/p>\n","protected":false},"author":1,"featured_media":0,"comment_status":"open","ping_status":"closed","sticky":false,"template":"","format":"standard","meta":{"_bbp_topic_count":0,"_bbp_reply_count":0,"_bbp_total_topic_count":0,"_bbp_total_reply_count":0,"_bbp_voice_count":0,"_bbp_anonymous_reply_count":0,"_bbp_topic_count_hidden":0,"_bbp_reply_count_hidden":0,"_bbp_forum_subforum_count":0,"_exactmetrics_skip_tracking":false,"_exactmetrics_sitenote_active":false,"_exactmetrics_sitenote_note":"","_exactmetrics_sitenote_category":0,"_monsterinsights_skip_tracking":false,"_monsterinsights_sitenote_active":false,"_monsterinsights_sitenote_note":"","_monsterinsights_sitenote_category":0},"categories":[38,9],"tags":[],"aioseo_notices":[],"_links":{"self":[{"href":"http:\/\/cafebarbantia.barbantia.es\/index.php?rest_route=\/wp\/v2\/posts\/14307"}],"collection":[{"href":"http:\/\/cafebarbantia.barbantia.es\/index.php?rest_route=\/wp\/v2\/posts"}],"about":[{"href":"http:\/\/cafebarbantia.barbantia.es\/index.php?rest_route=\/wp\/v2\/types\/post"}],"author":[{"embeddable":true,"href":"http:\/\/cafebarbantia.barbantia.es\/index.php?rest_route=\/wp\/v2\/users\/1"}],"replies":[{"embeddable":true,"href":"http:\/\/cafebarbantia.barbantia.es\/index.php?rest_route=%2Fwp%2Fv2%2Fcomments&post=14307"}],"version-history":[{"count":1,"href":"http:\/\/cafebarbantia.barbantia.es\/index.php?rest_route=\/wp\/v2\/posts\/14307\/revisions"}],"predecessor-version":[{"id":14309,"href":"http:\/\/cafebarbantia.barbantia.es\/index.php?rest_route=\/wp\/v2\/posts\/14307\/revisions\/14309"}],"wp:attachment":[{"href":"http:\/\/cafebarbantia.barbantia.es\/index.php?rest_route=%2Fwp%2Fv2%2Fmedia&parent=14307"}],"wp:term":[{"taxonomy":"category","embeddable":true,"href":"http:\/\/cafebarbantia.barbantia.es\/index.php?rest_route=%2Fwp%2Fv2%2Fcategories&post=14307"},{"taxonomy":"post_tag","embeddable":true,"href":"http:\/\/cafebarbantia.barbantia.es\/index.php?rest_route=%2Fwp%2Fv2%2Ftags&post=14307"}],"curies":[{"name":"wp","href":"https:\/\/api.w.org\/{rel}","templated":true}]}}