{"id":1434,"date":"2014-06-07T08:01:17","date_gmt":"2014-06-07T08:01:17","guid":{"rendered":"http:\/\/cafebarbantia.barbantia.es\/?p=1434"},"modified":"2014-06-07T08:01:17","modified_gmt":"2014-06-07T08:01:17","slug":"eu-son-outros","status":"publish","type":"post","link":"http:\/\/cafebarbantia.barbantia.es\/?p=1434","title":{"rendered":"Eu son outros"},"content":{"rendered":"<p style=\"text-align: justify;\"><em><strong><a href=\"http:\/\/cafebarbantia.barbantia.es\/wp-content\/uploads\/2014\/06\/llamando.jpg\"><img decoding=\"async\" loading=\"lazy\" class=\"alignright size-full wp-image-1436\" alt=\"llamando\" src=\"http:\/\/cafebarbantia.barbantia.es\/wp-content\/uploads\/2014\/06\/llamando.jpg\" width=\"189\" height=\"295\" \/><\/a>X. Ricardo Losada<\/strong><\/em>. Hai ideas que me parecen fermos\u00edsimas, como esta que di Lisa Randall, especialista en f\u00edsica de part\u00edculas, nunha entrevista de promoci\u00f3n do seu \u00faltimo libro <i>Llamando a las puertas del cielo<\/i>: \u201cO Gran Colisionador de Hadr\u00f3ns (GCH) parece un intento de toma de conciencia de si mesmo por parte do universo f\u00edsico\u201d. Como \u00e9 sabido, no GCH do CERN de Xenebra acel\u00e9ranse prot\u00f3ns a velocidades pr\u00f3ximas \u00e1s da luz para simular sucesos inmediatamente posteriores ao Big Bang. Deduzo libremente das palabras de Randall que nese GCH non lle estamos a facer unha foto ao universo, estamos prest\u00e1ndolle a atenci\u00f3n que desesperadamente nos pide. <!--more-->G\u00fastame pensar que esa inmensidade en expansi\u00f3n a velocidades inimaxinables que \u00e9 o universo, se sent\u00eda s\u00f3 e desamparado, e que, como un neno que molesta porque quere saber que existe, creou unhas leis f\u00edsicas que esixen, tras innumerables estoupidos xigantescos, a aparici\u00f3n dun ser que o mire con tanta dedicaci\u00f3n como o GCH require.<\/p>\n<p style=\"text-align: justify;\"><a href=\"http:\/\/cafebarbantia.barbantia.es\/wp-content\/uploads\/2014\/06\/razon.jpg\"><img decoding=\"async\" loading=\"lazy\" class=\"alignleft size-medium wp-image-1437\" alt=\"razon\" src=\"http:\/\/cafebarbantia.barbantia.es\/wp-content\/uploads\/2014\/06\/razon-197x300.jpg\" width=\"197\" height=\"300\" srcset=\"http:\/\/cafebarbantia.barbantia.es\/wp-content\/uploads\/2014\/06\/razon-197x300.jpg 197w, http:\/\/cafebarbantia.barbantia.es\/wp-content\/uploads\/2014\/06\/razon-674x1024.jpg 674w, http:\/\/cafebarbantia.barbantia.es\/wp-content\/uploads\/2014\/06\/razon-900x1367.jpg 900w, http:\/\/cafebarbantia.barbantia.es\/wp-content\/uploads\/2014\/06\/razon.jpg 948w\" sizes=\"(max-width: 197px) 100vw, 197px\" \/><\/a>\u00a0\u00a0\u00a0\u00a0 Leo esa mesma idea nunha cr\u00edtica de Emilio de Benito a un libro titulado <i>A raz\u00f3n pola que salto, <\/i>de Naoki Higashida, un neno que aos 13 anos conseguiu vencer o illamento case absoluto do seu autismo grazas a unha t\u00e1boa de s\u00edmbolos, ideada pola nai, que lle permite ter voz propia. Naoki rompe os t\u00f3picos sobre a s\u00faa enfermidade (\u201cNunca vos dades conta do infelices que somos\u201d, \u201cSeguide axud\u00e1ndonos ata o final\u201d), mostra as s\u00faas frustraci\u00f3ns e aos do seu entorno, e responde preguntas como <i>Por que os autistas falamos tan alto e tan raro<\/i>, <i>Por que somos incapaces de manter contacto visual<\/i>, ou <i>Por que saltamos<\/i>. Todo contado cun optimismo que busca animar a pais de nenos autistas a romper a cuncha que os rodea. Unha cuncha que, por moito que se diga, non \u00e9 parte definitoria da s\u00faa personalidade.<\/p>\n<p style=\"text-align: justify;\">\u00a0\u00a0\u00a0\u00a0 A\u00ednda non lin eses libros, pero estou desex\u00e1ndoo. Encantarame volver comprobar, para m\u00e1is en \u00e1mbitos tan inesperados e distintos, que a famosa frase de Sartre \u201cO inferno son os outros\u201d \u00e9 falsa.<\/p>\n","protected":false},"excerpt":{"rendered":"<p>X. Ricardo Losada. Hai ideas que me parecen fermos\u00edsimas, como esta que di Lisa Randall, especialista en f\u00edsica de part\u00edculas, nunha entrevista de promoci\u00f3n do seu \u00faltimo libro Llamando a las puertas del cielo: \u201cO Gran Colisionador de Hadr\u00f3ns (GCH) parece un intento de toma de conciencia de si mesmo por parte do universo f\u00edsico\u201d. &hellip; <a href=\"http:\/\/cafebarbantia.barbantia.es\/?p=1434\" class=\"more-link\">Seguir lendo <span class=\"screen-reader-text\">Eu son outros<\/span> <span class=\"meta-nav\">&rarr;<\/span><\/a><\/p>\n","protected":false},"author":1,"featured_media":0,"comment_status":"open","ping_status":"closed","sticky":false,"template":"","format":"standard","meta":{"_bbp_topic_count":0,"_bbp_reply_count":0,"_bbp_total_topic_count":0,"_bbp_total_reply_count":0,"_bbp_voice_count":0,"_bbp_anonymous_reply_count":0,"_bbp_topic_count_hidden":0,"_bbp_reply_count_hidden":0,"_bbp_forum_subforum_count":0,"_exactmetrics_skip_tracking":false,"_exactmetrics_sitenote_active":false,"_exactmetrics_sitenote_note":"","_exactmetrics_sitenote_category":0,"_monsterinsights_skip_tracking":false,"_monsterinsights_sitenote_active":false,"_monsterinsights_sitenote_note":"","_monsterinsights_sitenote_category":0},"categories":[39,7,26],"tags":[],"aioseo_notices":[],"_links":{"self":[{"href":"http:\/\/cafebarbantia.barbantia.es\/index.php?rest_route=\/wp\/v2\/posts\/1434"}],"collection":[{"href":"http:\/\/cafebarbantia.barbantia.es\/index.php?rest_route=\/wp\/v2\/posts"}],"about":[{"href":"http:\/\/cafebarbantia.barbantia.es\/index.php?rest_route=\/wp\/v2\/types\/post"}],"author":[{"embeddable":true,"href":"http:\/\/cafebarbantia.barbantia.es\/index.php?rest_route=\/wp\/v2\/users\/1"}],"replies":[{"embeddable":true,"href":"http:\/\/cafebarbantia.barbantia.es\/index.php?rest_route=%2Fwp%2Fv2%2Fcomments&post=1434"}],"version-history":[{"count":2,"href":"http:\/\/cafebarbantia.barbantia.es\/index.php?rest_route=\/wp\/v2\/posts\/1434\/revisions"}],"predecessor-version":[{"id":1438,"href":"http:\/\/cafebarbantia.barbantia.es\/index.php?rest_route=\/wp\/v2\/posts\/1434\/revisions\/1438"}],"wp:attachment":[{"href":"http:\/\/cafebarbantia.barbantia.es\/index.php?rest_route=%2Fwp%2Fv2%2Fmedia&parent=1434"}],"wp:term":[{"taxonomy":"category","embeddable":true,"href":"http:\/\/cafebarbantia.barbantia.es\/index.php?rest_route=%2Fwp%2Fv2%2Fcategories&post=1434"},{"taxonomy":"post_tag","embeddable":true,"href":"http:\/\/cafebarbantia.barbantia.es\/index.php?rest_route=%2Fwp%2Fv2%2Ftags&post=1434"}],"curies":[{"name":"wp","href":"https:\/\/api.w.org\/{rel}","templated":true}]}}