{"id":14691,"date":"2022-06-06T06:00:34","date_gmt":"2022-06-06T06:00:34","guid":{"rendered":"http:\/\/cafebarbantia.barbantia.es\/?p=14691"},"modified":"2022-06-03T07:00:01","modified_gmt":"2022-06-03T07:00:01","slug":"a-bibliotecaria","status":"publish","type":"post","link":"http:\/\/cafebarbantia.barbantia.es\/?p=14691","title":{"rendered":"A bibliotecaria"},"content":{"rendered":"<figure id=\"attachment_14709\" aria-describedby=\"caption-attachment-14709\" style=\"width: 221px\" class=\"wp-caption alignright\"><a href=\"http:\/\/cafebarbantia.barbantia.es\/wp-content\/uploads\/2022\/05\/IMG-20220602-WA0003_copy_768x1042.jpg\"><img decoding=\"async\" loading=\"lazy\" class=\"size-medium wp-image-14709\" alt=\"Ilustraci\u00f3n: Bel\u00e9n Rodr\u00edguez Pazo\" src=\"http:\/\/cafebarbantia.barbantia.es\/wp-content\/uploads\/2022\/05\/IMG-20220602-WA0003_copy_768x1042-221x300.jpg\" width=\"221\" height=\"300\" \/><\/a><figcaption id=\"caption-attachment-14709\" class=\"wp-caption-text\">Ilustraci\u00f3n: Bel\u00e9n Rodr\u00edguez Pazo<\/figcaption><\/figure>\n<p align=\"justify\"><em><strong>Mar\u00eda Xes\u00fas Blanco.\u00a0<\/strong><\/em>Hai uns d\u00edas so\u00f1ei coa biblioteca da mi\u00f1a infancia. Con aquel lugar ateigado de libros acabados de estrear. So\u00f1ei con ela e coa ollada entusiasta da s\u00faa bibliotecaria. No so\u00f1o hab\u00eda nenos e nenas a <span style=\"color: #000000;\">falar<\/span> en voz alta e a facer moito rebumbio. Remex\u00edan os andeis e amosaban unha grande excitaci\u00f3n ao tempo que ollaban e tocaban o que hab\u00eda neles. Dende biosbardos extraviados nun comic de Ast\u00e9rix e Ob\u00e9lix a elementos da t\u00e1boa peri\u00f3dica conversando ao abeiro dunha fotograf\u00eda de Marie Curie. E sentada nunha cadeira estaba a bibliotecaria. Cun aceno de perplexidade tentaba minguar o contaxio de tanto alborozo. Eu, mant\u00ed\u00f1ame \u00e1 marxe, como se estivese <span style=\"color: #000000;\">a velos<\/span> a trav\u00e9s dunha xanela. <!--more-->E no meu colo ti\u00f1a unha morea de libros que nun intre levar\u00eda comigo para a mi\u00f1a casa. Non daba creto a tales cousas. Os so\u00f1os son as\u00ed. Estra\u00f1os e misteriosos.<\/p>\n<p align=\"justify\">Lembro que espertei cunha sensaci\u00f3n moi agrad\u00e1bel. Despois, mentres preparaba o caf\u00e9 <span style=\"color: #000000;\">temper\u00e1n <\/span>da ma\u00f1\u00e1, vi\u00f1\u00e9ronme ao max\u00edn varios recordos daquelas primeiras visitas. O certo \u00e9 que eran tempos de poucos excesos, as\u00ed que, os nenos da vila, e arredores, vivimos a apertura da biblioteca municipal coma un acontecemento transcendental nas nosas vidas. A bibliotecaria era unha moza afouta que acababa de comezar a s\u00faa andaina laboral mais, \u00e1s veces, v\u00edase desbordada polas maneiras algo salvaxes da rapazada que andabamos por al\u00ed. Lembro a ilusi\u00f3n na s\u00faa mirada mesturada coa impotencia por manter o silencio, naquel espazo que nos acoll\u00eda e ao mesmo tempo nos transportaba a outros lugares.<\/p>\n<p align=\"justify\">Agora, aquela biblioteca da mi\u00f1a vila natal est\u00e1 nun edificio distinto. Onte, aproveitando que estaba de paso, visiteina. Quedei impresionada. Ten varias salas con ambientes diferentes e un fondo bibliogr\u00e1fico moi amplo. Ao car\u00f3n dun expositor estaba a mesma bibliotecaria con alg\u00fans anos m\u00e1is, coma todos n\u00f3s, claro. Amos\u00e1balle uns libros de banda dese\u00f1ada, acabados de etiquetar, a un grupo de adolescentes que pousaban, distra\u00eddos, os seus m\u00f3biles nunha das mesas da sala. E emocionoume sentir na s\u00faa voz o mesmo escintileo entusiasta daquelas tardes da nosa nenez.<\/p>\n","protected":false},"excerpt":{"rendered":"<p>Mar\u00eda Xes\u00fas Blanco.\u00a0Hai uns d\u00edas so\u00f1ei coa biblioteca da mi\u00f1a infancia. Con aquel lugar ateigado de libros acabados de estrear. So\u00f1ei con ela e coa ollada entusiasta da s\u00faa bibliotecaria. No so\u00f1o hab\u00eda nenos e nenas a falar en voz alta e a facer moito rebumbio. Remex\u00edan os andeis e amosaban unha grande excitaci\u00f3n ao &hellip; <a href=\"http:\/\/cafebarbantia.barbantia.es\/?p=14691\" class=\"more-link\">Seguir lendo <span class=\"screen-reader-text\">A bibliotecaria<\/span> <span class=\"meta-nav\">&rarr;<\/span><\/a><\/p>\n","protected":false},"author":1,"featured_media":0,"comment_status":"open","ping_status":"closed","sticky":false,"template":"","format":"standard","meta":{"_bbp_topic_count":0,"_bbp_reply_count":0,"_bbp_total_topic_count":0,"_bbp_total_reply_count":0,"_bbp_voice_count":0,"_bbp_anonymous_reply_count":0,"_bbp_topic_count_hidden":0,"_bbp_reply_count_hidden":0,"_bbp_forum_subforum_count":0,"_exactmetrics_skip_tracking":false,"_exactmetrics_sitenote_active":false,"_exactmetrics_sitenote_note":"","_exactmetrics_sitenote_category":0,"_monsterinsights_skip_tracking":false,"_monsterinsights_sitenote_active":false,"_monsterinsights_sitenote_note":"","_monsterinsights_sitenote_category":0},"categories":[38,9],"tags":[],"aioseo_notices":[],"_links":{"self":[{"href":"http:\/\/cafebarbantia.barbantia.es\/index.php?rest_route=\/wp\/v2\/posts\/14691"}],"collection":[{"href":"http:\/\/cafebarbantia.barbantia.es\/index.php?rest_route=\/wp\/v2\/posts"}],"about":[{"href":"http:\/\/cafebarbantia.barbantia.es\/index.php?rest_route=\/wp\/v2\/types\/post"}],"author":[{"embeddable":true,"href":"http:\/\/cafebarbantia.barbantia.es\/index.php?rest_route=\/wp\/v2\/users\/1"}],"replies":[{"embeddable":true,"href":"http:\/\/cafebarbantia.barbantia.es\/index.php?rest_route=%2Fwp%2Fv2%2Fcomments&post=14691"}],"version-history":[{"count":2,"href":"http:\/\/cafebarbantia.barbantia.es\/index.php?rest_route=\/wp\/v2\/posts\/14691\/revisions"}],"predecessor-version":[{"id":14710,"href":"http:\/\/cafebarbantia.barbantia.es\/index.php?rest_route=\/wp\/v2\/posts\/14691\/revisions\/14710"}],"wp:attachment":[{"href":"http:\/\/cafebarbantia.barbantia.es\/index.php?rest_route=%2Fwp%2Fv2%2Fmedia&parent=14691"}],"wp:term":[{"taxonomy":"category","embeddable":true,"href":"http:\/\/cafebarbantia.barbantia.es\/index.php?rest_route=%2Fwp%2Fv2%2Fcategories&post=14691"},{"taxonomy":"post_tag","embeddable":true,"href":"http:\/\/cafebarbantia.barbantia.es\/index.php?rest_route=%2Fwp%2Fv2%2Ftags&post=14691"}],"curies":[{"name":"wp","href":"https:\/\/api.w.org\/{rel}","templated":true}]}}