{"id":14693,"date":"2022-06-05T06:00:34","date_gmt":"2022-06-05T06:00:34","guid":{"rendered":"http:\/\/cafebarbantia.barbantia.es\/?p=14693"},"modified":"2022-06-01T06:42:42","modified_gmt":"2022-06-01T06:42:42","slug":"pai","status":"publish","type":"post","link":"http:\/\/cafebarbantia.barbantia.es\/?p=14693","title":{"rendered":"Pai"},"content":{"rendered":"<p align=\"justify\"><span style=\"font-size: medium;\"><em><strong><a href=\"http:\/\/cafebarbantia.barbantia.es\/wp-content\/uploads\/2022\/05\/20201031_182243.jpg\"><img decoding=\"async\" loading=\"lazy\" class=\"alignright size-medium wp-image-14707\" alt=\"20201031_182243\" src=\"http:\/\/cafebarbantia.barbantia.es\/wp-content\/uploads\/2022\/05\/20201031_182243-300x225.jpg\" width=\"300\" height=\"225\" \/><\/a>Ramiro Ouvi\u00f1a O.\u00a0<\/strong><\/em>Dun tempo para aqu\u00ed vi\u00f1a notando que era chegar onde estaba a familia e cambiar falas e xeitos era todo un. A\u00ednda as\u00ed, non faltaba a ocasi\u00f3n de recoller aqu\u00ed e al\u00e1 palabras soltas, escoitadas dende lonxe ou cando se supo\u00f1\u00eda que non as pod\u00eda ouvir, para fiar de que \u00eda a cousa: que se o atoparan pasmado diante do almorzo cando chegaran, xa tarde, da feira<!--more-->; que o mesmo vest\u00eda de domingo para esfollar a vi\u00f1a que de remendos para baixar ao Sintrom. Sorprend\u00e9ralle, iso si, que fora Etelvina, a s\u00faa muller, quen comentase aquilo de \u201cE convencelo de que mude a roupa interior! Meu deus, non o podedes nin imaxinar!\u201d. Porque se de algo estaba certo era de que todo aquilo non ti\u00f1a nada que ver con el, nin cos serm\u00f3ns, cada vez m\u00e1is frecuentes, sobre o que fac\u00eda ou deixaba de facer. Ben sab\u00eda Ismael que o que tentaban agocharlle, e do que tanto se preocupaban, era de Brais, o de Ord\u00e1n, compa\u00f1eiro seu de anos e anos, que hab\u00eda xa un tempo que vi\u00f1a perdendo cabeza e sa\u00fade a ollos vista. Foran moitas sementes e moitas colleitas xuntos; moitas feiras pasadas xuntos, moitas cuncas de vi\u00f1o e moito polbo. Moitos os \u201choxe por ti, ma\u00f1\u00e1 por min\u201d. Que o nacemento de Dorinda os fixera compadres era tan natural como que o outono seguira ao ver\u00e1n e dera despois paso ao inverno. E do\u00edalle a dor de Brais, que sent\u00eda coma propia, a\u00ednda quen nin pensar quer\u00eda en que lle fora ocorrer a el. E por iso non quer\u00eda escoitar, nin saber. Pero todo veu a peor, definitivamente a peor, aquel d\u00eda que ao chegar \u00e1 casa e entrar na coci\u00f1a ningu\u00e9n calou. Mirou a Etelvina, e nos ollos da muller que tanto quer\u00eda s\u00f3 viu b\u00e1goas e anguria. Buscou resposta en Dorinda, que se interpuxo entre el e a pequena Mari\u00f1a. Como se a protexese? \u2013preguntouse Ismael. E un balbordo de mil bombas de palenque rebentou nos seus ouvidos coma un furac\u00e1n devastador: Deixas-\u00e1-nena-na; nin-caso; morreu-hai-m\u00e1is dun-ano; taberna-e-ti; por-unha-orella-che-entra-e-pola-outra-che-sae; veste-tan-tranquilo; e-non-o-entendes. <\/span><\/p>\n<p align=\"justify\"><span style=\"font-size: medium;\">Ou non o pode entender, escoita dicir a Etelvina.<\/span><\/p>\n<p align=\"justify\"><span style=\"font-size: medium;\">S\u00edntome canso, o mundo p\u00e9same moito m\u00e1is ca onte e ca antonte. O cami\u00f1o da casa ao coche f\u00edxoseme tan longo que nunca pensei chegar. Sentado no asento traseiro miro como a chuvia bate con forza contra os cristais da vent\u00e1 e esborralla as luces do exterior. <\/span><\/p>\n<p align=\"justify\"><span style=\"font-size: medium;\">As cousas, parece, van indo mellor. S\u00f3 me molesta esa muller, que non co\u00f1ezo, e non para de me dicir pai, isto, pai, o outro. Non calar\u00e1, ho!<\/span><\/p>\n","protected":false},"excerpt":{"rendered":"<p>Ramiro Ouvi\u00f1a O.\u00a0Dun tempo para aqu\u00ed vi\u00f1a notando que era chegar onde estaba a familia e cambiar falas e xeitos era todo un. A\u00ednda as\u00ed, non faltaba a ocasi\u00f3n de recoller aqu\u00ed e al\u00e1 palabras soltas, escoitadas dende lonxe ou cando se supo\u00f1\u00eda que non as pod\u00eda ouvir, para fiar de que \u00eda a cousa: &hellip; <a href=\"http:\/\/cafebarbantia.barbantia.es\/?p=14693\" class=\"more-link\">Seguir lendo <span class=\"screen-reader-text\">Pai<\/span> <span class=\"meta-nav\">&rarr;<\/span><\/a><\/p>\n","protected":false},"author":1,"featured_media":0,"comment_status":"open","ping_status":"closed","sticky":false,"template":"","format":"standard","meta":{"_bbp_topic_count":0,"_bbp_reply_count":0,"_bbp_total_topic_count":0,"_bbp_total_reply_count":0,"_bbp_voice_count":0,"_bbp_anonymous_reply_count":0,"_bbp_topic_count_hidden":0,"_bbp_reply_count_hidden":0,"_bbp_forum_subforum_count":0,"_exactmetrics_skip_tracking":false,"_exactmetrics_sitenote_active":false,"_exactmetrics_sitenote_note":"","_exactmetrics_sitenote_category":0,"_monsterinsights_skip_tracking":false,"_monsterinsights_sitenote_active":false,"_monsterinsights_sitenote_note":"","_monsterinsights_sitenote_category":0},"categories":[9,100],"tags":[],"aioseo_notices":[],"_links":{"self":[{"href":"http:\/\/cafebarbantia.barbantia.es\/index.php?rest_route=\/wp\/v2\/posts\/14693"}],"collection":[{"href":"http:\/\/cafebarbantia.barbantia.es\/index.php?rest_route=\/wp\/v2\/posts"}],"about":[{"href":"http:\/\/cafebarbantia.barbantia.es\/index.php?rest_route=\/wp\/v2\/types\/post"}],"author":[{"embeddable":true,"href":"http:\/\/cafebarbantia.barbantia.es\/index.php?rest_route=\/wp\/v2\/users\/1"}],"replies":[{"embeddable":true,"href":"http:\/\/cafebarbantia.barbantia.es\/index.php?rest_route=%2Fwp%2Fv2%2Fcomments&post=14693"}],"version-history":[{"count":2,"href":"http:\/\/cafebarbantia.barbantia.es\/index.php?rest_route=\/wp\/v2\/posts\/14693\/revisions"}],"predecessor-version":[{"id":14708,"href":"http:\/\/cafebarbantia.barbantia.es\/index.php?rest_route=\/wp\/v2\/posts\/14693\/revisions\/14708"}],"wp:attachment":[{"href":"http:\/\/cafebarbantia.barbantia.es\/index.php?rest_route=%2Fwp%2Fv2%2Fmedia&parent=14693"}],"wp:term":[{"taxonomy":"category","embeddable":true,"href":"http:\/\/cafebarbantia.barbantia.es\/index.php?rest_route=%2Fwp%2Fv2%2Fcategories&post=14693"},{"taxonomy":"post_tag","embeddable":true,"href":"http:\/\/cafebarbantia.barbantia.es\/index.php?rest_route=%2Fwp%2Fv2%2Ftags&post=14693"}],"curies":[{"name":"wp","href":"https:\/\/api.w.org\/{rel}","templated":true}]}}