{"id":14704,"date":"2022-06-04T06:00:32","date_gmt":"2022-06-04T06:00:32","guid":{"rendered":"http:\/\/cafebarbantia.barbantia.es\/?p=14704"},"modified":"2022-05-31T07:56:44","modified_gmt":"2022-05-31T07:56:44","slug":"a-nos-tamen-nos-espiaban","status":"publish","type":"post","link":"http:\/\/cafebarbantia.barbantia.es\/?p=14704","title":{"rendered":"A n\u00f3s tam\u00e9n nos espiaban"},"content":{"rendered":"<p lang=\"gl-ES\" align=\"justify\"><a href=\"http:\/\/cafebarbantia.barbantia.es\/wp-content\/uploads\/2022\/05\/espia.jpg\"><img decoding=\"async\" loading=\"lazy\" class=\"alignright size-medium wp-image-14705\" alt=\"espia\" src=\"http:\/\/cafebarbantia.barbantia.es\/wp-content\/uploads\/2022\/05\/espia-219x300.jpg\" width=\"219\" height=\"300\" \/><\/a><em><strong>Gonzalo Trasbach.\u00a0<\/strong><\/em>Sentado na d\u2019O Beiro, Lato Saltamuros de Corea mira e escoita como na televisi\u00f3n, tal coma nun gali\u00f1eiro, discuten sobre a candente noticia da espionaxe aos independentistas catal\u00e1ns e incluso ao goberno de Espa\u00f1a. E ao mesmo tempo pensaba para si mesmo: &lt;N\u00f3s tam\u00e9n fomos espiados\u2026&gt;. Nese intre entrou no bar Venancio o Ruso de A Feosa, que sentou na cadeira do lado e soltou de medio lado: &lt;Est\u00e1s s\u00f3?&gt;. &lt;Non. Estaba recordando, estaba cos meus recordos\u2026&gt;, intentou dicir o de Corea, mais o Ruso cortouno cun &lt;e logo que recordabas?&gt;. &lt;Se me deixas expl\u00edcocho nun minuto. Lembraba que cando era estudante tam\u00e9n n\u00f3s fomos espiados\u2026&gt;.<!--more--> &lt;A quen espiaron, quen e por que?&gt;, lanzou rapidamente esta triple pregunta o veci\u00f1o de A Feosa. Dado que veu como engurraba o cello Lato, calou e dixo: &lt;De acordo&gt;.<\/p>\n<p lang=\"gl-ES\" align=\"justify\">&lt;Cando n\u00f3s fomos espiados, como sabes, non hab\u00eda m\u00f3biles. Pero fomos espiados cando pertenciamos ao CU. E non nos espiou a Brigada Pol\u00edtico Social do r\u00e9xime franquista. Non. A n\u00f3s espiounos, sen que o soub\u00e9semos nun principio, un comisario pol\u00edtico do noso mesmo partido chamado Charli Bruso Barcos, que naqueles afastados d\u00edas era un pequecho, taciturno e gordecho estudante da Facultade de Econ\u00f3micas, no sector norte do Campus compostel\u00e1n.<\/p>\n<p lang=\"gl-ES\" align=\"justify\">&lt;Que co\u00f1o \u00e9 iso do CU, Corea!&gt;, exclamou enfurru\u00f1ado o Ruso. &lt;Era o que chamabamos comit\u00e9 universitario, non era o mesmo ca o Central. O noso era m\u00e1is pequeno e tam\u00e9n un pouco irrelevante&gt;, aclaroulle o Lato. Venancio mirouno por enriba e espetoulle: &lt;E que co\u00f1o lle \u00eda espiar ese comisario pol\u00edtico a unha gandallada de estudanti\u00f1os coma erades v\u00f3s? E outra cousa, porque lle chamabades Bruso, se iso non parece ser un apelido?&gt;.<\/p>\n<p lang=\"gl-ES\" align=\"justify\">Foi ent\u00f3n cando Saltamuros, alcume co que o bautizou a s\u00faa propia nai porque andaba por enriba de muros e arredores e case sempre ca\u00eda, polo que logo ti\u00f1a que ir rescatalo, volveu coller o f\u00edo do seu relato e dixo: &lt;Vixiaba se conspirabamos contra os xefi\u00f1os, aos que serv\u00eda con fidelidade, por iso tam\u00e9n era reco\u00f1ecido coma Control. Axexaba se saiamos de noite. Se baixabamos a Viacambre a tomar copas e a ligar. Se nos emborrachabamos, se iamos bailar \u00e1s discotecas, se levabamos as mozas aos pisos, se nos deitabamos con elas. Estas cousas. Unha vez, un do seu mesmo piso pillouno mirando pola pechadura da habitaci\u00f3n e colleu un pu\u00f1ado de area e guindoullo pola abertura. Ao d\u00eda seguinte, levaba un parche no ollo. E o seu apelido non era aut\u00e9ntico, pois pux\u00e9ronllo os compa\u00f1eiros, porque sempre andaba cun bruzo a facer que limpaba o corredor do piso para escoitar de que falaban os outros nas habitaci\u00f3ns&gt;.<\/p>\n<p lang=\"gl-ES\" align=\"justify\">&lt;O do ollo, est\u00edvolle ben, por axex\u00f3n!&gt;, enfatizou Venancio. &lt;E se vos cachaba nalgunha allada, que vos pasaba?&gt;, indagou o Ruso. &lt;Primeiro abr\u00edannos un expediente e despois, segundo se comprobaban e confirmaban os feitos, mult\u00e1bannos. Hab\u00eda un procedemento: Charli BB chiv\u00e1base a un curm\u00e1n que ti\u00f1a chamado Anxo In The Dark Side. Este analizaba a cousa e despois pas\u00e1balle a proposta de sanci\u00f3n a don Moncho de Samil, familiar de dona Karina, tam\u00e9n co\u00f1ecido coma o S\u00faper, que executaba ou sobrese\u00eda, segundo a contrastaci\u00f3n das acusaci\u00f3ns. \u00c1s veces, a cont\u00eda da multa chegaba \u00e1s 25 pesetas!&gt;.<\/p>\n<p lang=\"gl-ES\" align=\"justify\">&lt;Babab\u00e1\u2026Iso non \u00e9 nada!&gt;, exclamou. &lt;Co\u00f1o, Ruso! Daquela eran moitos cartos. Quen che ver\u00eda a ti se non puideses tomar as cuncas durante unha semana! Iso era o que nos pasaba. Andabamos Franco arriba e Franco abaixo, pero sen entrar nin n\u2019O 42 nin no Ourense&gt;. &lt;E por que se chamaba In The\u2026como se diga iso?&gt;. &lt;Pois porque sempre \u00eda de gafas escuras, tanto de d\u00eda coma de noite. Era misterioso e con aur\u00e9ola de sinistro. Non sabiamos como miraba&gt;.<\/p>\n<p lang=\"gl-ES\" align=\"justify\">O Ruso comparou a BB con Paesa, o esp\u00eda que descubriu o paradeiro de Luis Rold\u00e1n, sobre o que comentou &lt;l\u00e1stima de non pillar un qui\u00f1\u00f3n do past\u00f3n que rapi\u00f1ou ese fideputa!&gt;. Mais o Lato quitoulle ferro \u00e1 comparaci\u00f3n e continuou co seu relato: &lt;Non era tan bo, nin tan r\u00e1pido coma ese que nomeaches, pero era eficaz facendo o seu traballo gratuitamente. Mais non sempre se sa\u00edu coa s\u00faa. Houbo unha vez que o toleamos. Viunos marchar de Santiago. Iamos tres nun Dous Cabalos e partiamos cami\u00f1o de Coimbra, en Portugal&gt;. &lt;Pensas que non o sei!&gt;, protestou molesto coa puntualizaci\u00f3n o de A Feosa. &lt;Digo que o toleamos porque nunca soubo onde nos dirixiamos, nin que iamos facer. T\u00ed\u00f1annos encargado mercar un novo ciclostil para imprimir mellor e m\u00e1is r\u00e1pido os panfletos. Na cidade lusa lev\u00e1ronnos a un <i>meeting<\/i> de \u00c1lvaro Cunhal. Choramos ateigados de emoci\u00f3n. E \u201cenganchamos unha chispa de vi\u00f1o de r\u00f3ncalle\u2026\u201d. E despois durm\u00edmola no coche. Cando chegamos de volta a Santiago, na Porta Faxeira estaba cravado coma un garda de tr\u00e1fico o BB agardando por n\u00f3s&gt;.<\/p>\n<p lang=\"gl-ES\" align=\"justify\">&lt;Sabes unha cousa, Ruso?&gt;. &lt;Non, dime&gt;. &lt;Este chaval rec\u00f3rdame \u00e1 historia que me contou unha amiga de Palmeira chamada Magdalena. Cando ela e o seu home, que era carpinteiro, traballaban en Andorra, ti\u00f1a o marido desta un compa\u00f1eiro portugu\u00e9s que sempre estaba cantando <i>Gr\u00e2ndola Vila Morena<\/i>, a canci\u00f3n da Revolu\u00e7ao dos Caraveis, e que lles falou dunha an\u00e9cdota sobre Oliveira de Salazar. Segundo o luso, o ditador castigou aos solteiros cun imposto porque hab\u00eda moitos e era necesario procrear para o Estado. Cando lle cobraron o imposto a un home que desco\u00f1ec\u00eda tal penalizaci\u00f3n, foi saber a que se deb\u00eda aquela multa. Dix\u00e9ronlle que era por estar solteiro. Cando o home replicou que o se\u00f1or Oliveira tam\u00e9n era solteiro, contest\u00e1ronlle que non, que o se\u00f1or presidente estaba casado coa na\u00e7on. E ent\u00f3n este exclamou: \u201cAh! Eu sab\u00eda que foder fod\u00edaa, o que non sab\u00eda era que estaba casado con ela!&gt;.<\/p>\n<p lang=\"gl-ES\" align=\"justify\">&lt;E dime, Lato, cal \u00e9 o parecido do voso comisario esp\u00eda co deste home portugu\u00e9s?&gt;. E o de Corea retrucoulle: &lt;Pois en que\u2026 N\u00f3s sabiamos que este fod\u00eda en n\u00f3s canto pod\u00eda, mais o que desco\u00f1eciamos era que tam\u00e9n estaba casado co partido&gt;. Afirmou coa cabeza e riu.<\/p>\n","protected":false},"excerpt":{"rendered":"<p>Gonzalo Trasbach.\u00a0Sentado na d\u2019O Beiro, Lato Saltamuros de Corea mira e escoita como na televisi\u00f3n, tal coma nun gali\u00f1eiro, discuten sobre a candente noticia da espionaxe aos independentistas catal\u00e1ns e incluso ao goberno de Espa\u00f1a. E ao mesmo tempo pensaba para si mesmo: &lt;N\u00f3s tam\u00e9n fomos espiados\u2026&gt;. Nese intre entrou no bar Venancio o Ruso &hellip; <a href=\"http:\/\/cafebarbantia.barbantia.es\/?p=14704\" class=\"more-link\">Seguir lendo <span class=\"screen-reader-text\">A n\u00f3s tam\u00e9n nos espiaban<\/span> <span class=\"meta-nav\">&rarr;<\/span><\/a><\/p>\n","protected":false},"author":1,"featured_media":0,"comment_status":"open","ping_status":"closed","sticky":false,"template":"","format":"standard","meta":{"_bbp_topic_count":0,"_bbp_reply_count":0,"_bbp_total_topic_count":0,"_bbp_total_reply_count":0,"_bbp_voice_count":0,"_bbp_anonymous_reply_count":0,"_bbp_topic_count_hidden":0,"_bbp_reply_count_hidden":0,"_bbp_forum_subforum_count":0,"_exactmetrics_skip_tracking":false,"_exactmetrics_sitenote_active":false,"_exactmetrics_sitenote_note":"","_exactmetrics_sitenote_category":0,"_monsterinsights_skip_tracking":false,"_monsterinsights_sitenote_active":false,"_monsterinsights_sitenote_note":"","_monsterinsights_sitenote_category":0},"categories":[18,9],"tags":[],"aioseo_notices":[],"_links":{"self":[{"href":"http:\/\/cafebarbantia.barbantia.es\/index.php?rest_route=\/wp\/v2\/posts\/14704"}],"collection":[{"href":"http:\/\/cafebarbantia.barbantia.es\/index.php?rest_route=\/wp\/v2\/posts"}],"about":[{"href":"http:\/\/cafebarbantia.barbantia.es\/index.php?rest_route=\/wp\/v2\/types\/post"}],"author":[{"embeddable":true,"href":"http:\/\/cafebarbantia.barbantia.es\/index.php?rest_route=\/wp\/v2\/users\/1"}],"replies":[{"embeddable":true,"href":"http:\/\/cafebarbantia.barbantia.es\/index.php?rest_route=%2Fwp%2Fv2%2Fcomments&post=14704"}],"version-history":[{"count":1,"href":"http:\/\/cafebarbantia.barbantia.es\/index.php?rest_route=\/wp\/v2\/posts\/14704\/revisions"}],"predecessor-version":[{"id":14706,"href":"http:\/\/cafebarbantia.barbantia.es\/index.php?rest_route=\/wp\/v2\/posts\/14704\/revisions\/14706"}],"wp:attachment":[{"href":"http:\/\/cafebarbantia.barbantia.es\/index.php?rest_route=%2Fwp%2Fv2%2Fmedia&parent=14704"}],"wp:term":[{"taxonomy":"category","embeddable":true,"href":"http:\/\/cafebarbantia.barbantia.es\/index.php?rest_route=%2Fwp%2Fv2%2Fcategories&post=14704"},{"taxonomy":"post_tag","embeddable":true,"href":"http:\/\/cafebarbantia.barbantia.es\/index.php?rest_route=%2Fwp%2Fv2%2Ftags&post=14704"}],"curies":[{"name":"wp","href":"https:\/\/api.w.org\/{rel}","templated":true}]}}