{"id":1517,"date":"2014-08-04T07:56:54","date_gmt":"2014-08-04T07:56:54","guid":{"rendered":"http:\/\/cafebarbantia.barbantia.es\/?p=1517"},"modified":"2014-08-04T07:56:54","modified_gmt":"2014-08-04T07:56:54","slug":"nai-e-fillo-de-calin-peter-netzer","status":"publish","type":"post","link":"http:\/\/cafebarbantia.barbantia.es\/?p=1517","title":{"rendered":"Nai e fillo, de Calin Peter Netzer"},"content":{"rendered":"<p style=\"text-align: justify;\"><em><strong><a href=\"http:\/\/cafebarbantia.barbantia.es\/wp-content\/uploads\/2014\/06\/Madre-e-hijo-Cartel.jpg\"><img decoding=\"async\" loading=\"lazy\" class=\"alignright size-medium wp-image-1518\" style=\"border: 1px solid black;\" alt=\"Madre-e-hijo-Cartel\" src=\"http:\/\/cafebarbantia.barbantia.es\/wp-content\/uploads\/2014\/06\/Madre-e-hijo-Cartel-208x300.jpg\" width=\"208\" height=\"300\" srcset=\"http:\/\/cafebarbantia.barbantia.es\/wp-content\/uploads\/2014\/06\/Madre-e-hijo-Cartel-208x300.jpg 208w, http:\/\/cafebarbantia.barbantia.es\/wp-content\/uploads\/2014\/06\/Madre-e-hijo-Cartel-710x1024.jpg 710w, http:\/\/cafebarbantia.barbantia.es\/wp-content\/uploads\/2014\/06\/Madre-e-hijo-Cartel-900x1297.jpg 900w, http:\/\/cafebarbantia.barbantia.es\/wp-content\/uploads\/2014\/06\/Madre-e-hijo-Cartel.jpg 1000w\" sizes=\"(max-width: 208px) 100vw, 208px\" \/><\/a>Xerardo AgraFoxo<\/strong><\/em>. No ano 2007 o Festival de Cannes premiaba coa Palma de Ouro a pel\u00edcula romanesa <i>Catro meses, tres semanas, dous d\u00edas \u2013<\/i>una historia centrada no aborto clandestino dunha moza- dirixida por Cristian Mungiu. Outra pel\u00edcula deste pa\u00eds, <i>Nai e fillo (Child\u00b4s Pose)<\/i>, dirixida por Calin Peter Netzer, ga\u00f1ou o ano pasado o Oso de Ouro do Festival de Berl\u00edn e foi seleccionada para os \u00d3scar \u00e1 Mellor Pel\u00edcula Estranxeira. Nestes dous filmes aparec\u00eda con luz propia Luminita Gheorghiu, actriz frecuente nos traballos de Michael Haneke.<!--more--><\/p>\n<p style=\"text-align: justify;\">O argumento relata\u00a0 unha relaci\u00f3n fillo\/nai enfermiza: Cornelia ten 60 anos e parece infeliz dende que o seu fillo Barbu, 34 anos, decidiu ser independente. Mudouse a un apartamento, ten coche propio, unha noiva que non o merece, segundo Cornelia, e, peor que todo o anterior, evita a s\u00faa nai sempre que lle \u00e9 posible. Cando esta sabe que o seu querido Barbu est\u00e1 involucrado nun tr\u00e1xico accidente de estrada, empregar\u00e1 todas as s\u00faas habilidades, contactos e di\u00f1eiro para impedir que o seu rapaz non vaia parar ao c\u00e1rcere.<\/p>\n<p style=\"text-align: justify;\"><a href=\"http:\/\/cafebarbantia.barbantia.es\/wp-content\/uploads\/2014\/06\/madre-e-hijo-2.jpg\"><img decoding=\"async\" loading=\"lazy\" class=\"alignleft size-medium wp-image-1519\" alt=\"madre e hijo 2\" src=\"http:\/\/cafebarbantia.barbantia.es\/wp-content\/uploads\/2014\/06\/madre-e-hijo-2-300x114.jpg\" width=\"300\" height=\"114\" srcset=\"http:\/\/cafebarbantia.barbantia.es\/wp-content\/uploads\/2014\/06\/madre-e-hijo-2-300x114.jpg 300w, http:\/\/cafebarbantia.barbantia.es\/wp-content\/uploads\/2014\/06\/madre-e-hijo-2-900x344.jpg 900w, http:\/\/cafebarbantia.barbantia.es\/wp-content\/uploads\/2014\/06\/madre-e-hijo-2.jpg 940w\" sizes=\"(max-width: 300px) 100vw, 300px\" \/><\/a>A pel\u00edcula, realizada coa c\u00e1mara na man e silencios longos e opresivos, conv\u00e9rtese nun retrato dos novos ricos que integran a sociedade romanesa. Un escenario onde a corrupci\u00f3n, a chantaxe e o tr\u00e1fico de influencias aparecen reflectidos a partir do comportamento dunha nai intrigante. Unha muller que, base\u00e1ndose na s\u00faa aparente\u00a0 boa vontade e xenerosidade e na s\u00faa faciana de muller educada, culta e c\u00edvica, aproveita\u00a0 a traxedia dun fillo para manipular a s\u00faa personalidade. \u00a0A pel\u00edcula semella tam\u00e9n unha radiograf\u00eda da nosa sociedade, tan corrupta e vulgar coma esa nai protectora e abafante.<\/p>\n","protected":false},"excerpt":{"rendered":"<p>Xerardo AgraFoxo. No ano 2007 o Festival de Cannes premiaba coa Palma de Ouro a pel\u00edcula romanesa Catro meses, tres semanas, dous d\u00edas \u2013una historia centrada no aborto clandestino dunha moza- dirixida por Cristian Mungiu. Outra pel\u00edcula deste pa\u00eds, Nai e fillo (Child\u00b4s Pose), dirixida por Calin Peter Netzer, ga\u00f1ou o ano pasado o Oso &hellip; <a href=\"http:\/\/cafebarbantia.barbantia.es\/?p=1517\" class=\"more-link\">Seguir lendo <span class=\"screen-reader-text\">Nai e fillo, de Calin Peter Netzer<\/span> <span class=\"meta-nav\">&rarr;<\/span><\/a><\/p>\n","protected":false},"author":1,"featured_media":0,"comment_status":"open","ping_status":"closed","sticky":false,"template":"","format":"standard","meta":{"_bbp_topic_count":0,"_bbp_reply_count":0,"_bbp_total_topic_count":0,"_bbp_total_reply_count":0,"_bbp_voice_count":0,"_bbp_anonymous_reply_count":0,"_bbp_topic_count_hidden":0,"_bbp_reply_count_hidden":0,"_bbp_forum_subforum_count":0,"_exactmetrics_skip_tracking":false,"_exactmetrics_sitenote_active":false,"_exactmetrics_sitenote_note":"","_exactmetrics_sitenote_category":0,"_monsterinsights_skip_tracking":false,"_monsterinsights_sitenote_active":false,"_monsterinsights_sitenote_note":"","_monsterinsights_sitenote_category":0},"categories":[6,21],"tags":[],"aioseo_notices":[],"_links":{"self":[{"href":"http:\/\/cafebarbantia.barbantia.es\/index.php?rest_route=\/wp\/v2\/posts\/1517"}],"collection":[{"href":"http:\/\/cafebarbantia.barbantia.es\/index.php?rest_route=\/wp\/v2\/posts"}],"about":[{"href":"http:\/\/cafebarbantia.barbantia.es\/index.php?rest_route=\/wp\/v2\/types\/post"}],"author":[{"embeddable":true,"href":"http:\/\/cafebarbantia.barbantia.es\/index.php?rest_route=\/wp\/v2\/users\/1"}],"replies":[{"embeddable":true,"href":"http:\/\/cafebarbantia.barbantia.es\/index.php?rest_route=%2Fwp%2Fv2%2Fcomments&post=1517"}],"version-history":[{"count":1,"href":"http:\/\/cafebarbantia.barbantia.es\/index.php?rest_route=\/wp\/v2\/posts\/1517\/revisions"}],"predecessor-version":[{"id":1520,"href":"http:\/\/cafebarbantia.barbantia.es\/index.php?rest_route=\/wp\/v2\/posts\/1517\/revisions\/1520"}],"wp:attachment":[{"href":"http:\/\/cafebarbantia.barbantia.es\/index.php?rest_route=%2Fwp%2Fv2%2Fmedia&parent=1517"}],"wp:term":[{"taxonomy":"category","embeddable":true,"href":"http:\/\/cafebarbantia.barbantia.es\/index.php?rest_route=%2Fwp%2Fv2%2Fcategories&post=1517"},{"taxonomy":"post_tag","embeddable":true,"href":"http:\/\/cafebarbantia.barbantia.es\/index.php?rest_route=%2Fwp%2Fv2%2Ftags&post=1517"}],"curies":[{"name":"wp","href":"https:\/\/api.w.org\/{rel}","templated":true}]}}