{"id":1781,"date":"2014-09-07T08:00:58","date_gmt":"2014-09-07T08:00:58","guid":{"rendered":"http:\/\/cafebarbantia.barbantia.es\/?p=1781"},"modified":"2014-09-06T08:30:35","modified_gmt":"2014-09-06T08:30:35","slug":"la-belleza-y-el-dolor-de-la-batalla-de-peter-englund","status":"publish","type":"post","link":"http:\/\/cafebarbantia.barbantia.es\/?p=1781","title":{"rendered":"La belleza y el dolor de la batalla, de Peter Englund"},"content":{"rendered":"<p style=\"text-align: justify;\"><em><strong><a href=\"http:\/\/cafebarbantia.barbantia.es\/wp-content\/uploads\/2014\/07\/la-belleza-y-el-dolor-1.jpg\"><img decoding=\"async\" loading=\"lazy\" class=\"alignleft size-medium wp-image-1782\" alt=\"la belleza y el dolor 1\" src=\"http:\/\/cafebarbantia.barbantia.es\/wp-content\/uploads\/2014\/07\/la-belleza-y-el-dolor-1-211x300.jpg\" width=\"211\" height=\"300\" srcset=\"http:\/\/cafebarbantia.barbantia.es\/wp-content\/uploads\/2014\/07\/la-belleza-y-el-dolor-1-211x300.jpg 211w, http:\/\/cafebarbantia.barbantia.es\/wp-content\/uploads\/2014\/07\/la-belleza-y-el-dolor-1.jpg 422w\" sizes=\"(max-width: 211px) 100vw, 211px\" \/><\/a>Xerardo AgraFoxo.<\/strong><\/em> Entre os numerosos libros publicados ou reeditados este ano con motivo da celebraci\u00f3n do centenario da Primeira Guerra Mundial, destaca con luz propia \u2013polo seu car\u00e1cter anovador\u2013 esta monumental obra escrita por un membro da Academia Sueca, a mesma que outorga o Premio Nobel de Literatura. Peter Englund doutorouse en Historia pola Universidade de Uppsala e debutou como escritor co libro <i>Poltava <\/i>(1989), a batalla que marcou o inicio do Imperio Ruso. Dende ent\u00f3n converteuse nun referente nas obras deste x\u00e9nero, recibiu numerosos premios e os seus libros\u00a0 foron traducidos\u00a0 a numerosos idiomas.<!--more--><\/p>\n<p style=\"text-align: justify;\">En <i>La belleza y el dolor de la batalla \u00a0<\/i>(2011),<i>\u00a0 <\/i>reconstr\u00fae, a partir dos testemu\u00f1os de 20 persoas e diversos documentos (cartas, fotos e diarios), como transcorreron os principais acontecementos daquel conflito xurdido despois do magnicidio de Saraxevo e bautizado polos historiadores como <i>A Gran Guerra.<\/i> Son as experiencias coti\u00e1s destes 20 homes e mulleres \u2013enfermeiras, cirurxi\u00e1ns, mari\u00f1eiros, enxe\u00f1eiros, soldados ou\u00a0 funcionarias\u2013 os que nos ofrecen o lado m\u00e1is humano e dram\u00e1tico dunha contenda que ocasionou 10 mill\u00f3ns de mortos nos campos de batalla e outras tantas v\u00edtimas civ\u00eds durante os catro anos de enfrontamentos. <a href=\"http:\/\/cafebarbantia.barbantia.es\/wp-content\/uploads\/2014\/07\/la-belleza.jpg\"><img decoding=\"async\" loading=\"lazy\" class=\"alignright size-medium wp-image-1783\" alt=\"la belleza\" src=\"http:\/\/cafebarbantia.barbantia.es\/wp-content\/uploads\/2014\/07\/la-belleza-200x300.jpg\" width=\"200\" height=\"300\" srcset=\"http:\/\/cafebarbantia.barbantia.es\/wp-content\/uploads\/2014\/07\/la-belleza-200x300.jpg 200w, http:\/\/cafebarbantia.barbantia.es\/wp-content\/uploads\/2014\/07\/la-belleza.jpg 400w\" sizes=\"(max-width: 200px) 100vw, 200px\" \/><\/a>E cunhas repercusi\u00f3ns pol\u00edticas tan traum\u00e1ticas no mapa de Europa \u2013cando era a rexi\u00f3n m\u00e1is rica e poboada do mundo\u2013 que non deixan de xurdir problemas derivados da paz mal arranxada polos vencedores no Pazo de Versalles.<\/p>\n<p style=\"text-align: justify;\">As 763 p\u00e1xinas de <i>La belleza y el dolor de la batalla<\/i>, excelentemente editado \u2013con cronolox\u00edas de cada ano do conflito, un preciso <i>dramatis personae<\/i> e unha coidada bibliograf\u00eda\u2013 semella un fresco conmovedor. Unha obra de vital importancia para comprender, a trav\u00e9s deste mosaico de experiencias persoais, que se poden ler como relatos curtos, a intrahistoria da Primeira Guerra Mundial.<\/p>\n","protected":false},"excerpt":{"rendered":"<p>Xerardo AgraFoxo. Entre os numerosos libros publicados ou reeditados este ano con motivo da celebraci\u00f3n do centenario da Primeira Guerra Mundial, destaca con luz propia \u2013polo seu car\u00e1cter anovador\u2013 esta monumental obra escrita por un membro da Academia Sueca, a mesma que outorga o Premio Nobel de Literatura. Peter Englund doutorouse en Historia pola Universidade &hellip; <a href=\"http:\/\/cafebarbantia.barbantia.es\/?p=1781\" class=\"more-link\">Seguir lendo <span class=\"screen-reader-text\">La belleza y el dolor de la batalla, de Peter Englund<\/span> <span class=\"meta-nav\">&rarr;<\/span><\/a><\/p>\n","protected":false},"author":1,"featured_media":0,"comment_status":"open","ping_status":"closed","sticky":false,"template":"","format":"standard","meta":{"_bbp_topic_count":0,"_bbp_reply_count":0,"_bbp_total_topic_count":0,"_bbp_total_reply_count":0,"_bbp_voice_count":0,"_bbp_anonymous_reply_count":0,"_bbp_topic_count_hidden":0,"_bbp_reply_count_hidden":0,"_bbp_forum_subforum_count":0,"_exactmetrics_skip_tracking":false,"_exactmetrics_sitenote_active":false,"_exactmetrics_sitenote_note":"","_exactmetrics_sitenote_category":0,"_monsterinsights_skip_tracking":false,"_monsterinsights_sitenote_active":false,"_monsterinsights_sitenote_note":"","_monsterinsights_sitenote_category":0},"categories":[9,21],"tags":[],"aioseo_notices":[],"_links":{"self":[{"href":"http:\/\/cafebarbantia.barbantia.es\/index.php?rest_route=\/wp\/v2\/posts\/1781"}],"collection":[{"href":"http:\/\/cafebarbantia.barbantia.es\/index.php?rest_route=\/wp\/v2\/posts"}],"about":[{"href":"http:\/\/cafebarbantia.barbantia.es\/index.php?rest_route=\/wp\/v2\/types\/post"}],"author":[{"embeddable":true,"href":"http:\/\/cafebarbantia.barbantia.es\/index.php?rest_route=\/wp\/v2\/users\/1"}],"replies":[{"embeddable":true,"href":"http:\/\/cafebarbantia.barbantia.es\/index.php?rest_route=%2Fwp%2Fv2%2Fcomments&post=1781"}],"version-history":[{"count":1,"href":"http:\/\/cafebarbantia.barbantia.es\/index.php?rest_route=\/wp\/v2\/posts\/1781\/revisions"}],"predecessor-version":[{"id":1784,"href":"http:\/\/cafebarbantia.barbantia.es\/index.php?rest_route=\/wp\/v2\/posts\/1781\/revisions\/1784"}],"wp:attachment":[{"href":"http:\/\/cafebarbantia.barbantia.es\/index.php?rest_route=%2Fwp%2Fv2%2Fmedia&parent=1781"}],"wp:term":[{"taxonomy":"category","embeddable":true,"href":"http:\/\/cafebarbantia.barbantia.es\/index.php?rest_route=%2Fwp%2Fv2%2Fcategories&post=1781"},{"taxonomy":"post_tag","embeddable":true,"href":"http:\/\/cafebarbantia.barbantia.es\/index.php?rest_route=%2Fwp%2Fv2%2Ftags&post=1781"}],"curies":[{"name":"wp","href":"https:\/\/api.w.org\/{rel}","templated":true}]}}