{"id":1887,"date":"2014-09-08T07:30:05","date_gmt":"2014-09-08T07:30:05","guid":{"rendered":"http:\/\/cafebarbantia.barbantia.es\/?p=1887"},"modified":"2014-09-07T09:33:25","modified_gmt":"2014-09-07T09:33:25","slug":"nos-vemos-alla-arriba-de-pierre-lemaitre","status":"publish","type":"post","link":"http:\/\/cafebarbantia.barbantia.es\/?p=1887","title":{"rendered":"Nos vemos all\u00e1 arriba, de Pierre Lemaitre"},"content":{"rendered":"<p style=\"text-align: justify;\"><em><b><a href=\"http:\/\/cafebarbantia.barbantia.es\/wp-content\/uploads\/2014\/08\/nos-vemos-alla.jpg\"><img decoding=\"async\" loading=\"lazy\" class=\"alignright size-medium wp-image-1888\" style=\"border: 1px solid black;\" alt=\"Nos vemos alla\u0301 arriba_150x230\" src=\"http:\/\/cafebarbantia.barbantia.es\/wp-content\/uploads\/2014\/08\/nos-vemos-alla-198x300.jpg\" width=\"198\" height=\"300\" srcset=\"http:\/\/cafebarbantia.barbantia.es\/wp-content\/uploads\/2014\/08\/nos-vemos-alla-198x300.jpg 198w, http:\/\/cafebarbantia.barbantia.es\/wp-content\/uploads\/2014\/08\/nos-vemos-alla.jpg 300w\" sizes=\"(max-width: 198px) 100vw, 198px\" \/><\/a>Ant\u00f3n Riveiro Coello<\/b><\/em><i>. Nos vemos all\u00e1 arriba<\/i>, de Pierre Lemaitre (Salamandra, 2014) \u00e9 unha novela francesa de aventuras protagonizada por dous soldados feridos na primeira guerra mundial, esa Gran Guerra de poder que desatou unha violencia estarrecedora e levou por diante a mill\u00f3ns de persoas. Neste ano do seu centenario chegou \u00e1s librar\u00edas este libro, despois de se facer co prestixioso premio Goncourt e proporcionarlle un importante \u00e9xito internacional a un autor que, at\u00e9 o de agora, apenas era co\u00f1ecido polas s\u00faas novelas de x\u00e9nero negro e criminal.<\/p>\n<p style=\"text-align: justify;\">Albert Maillard e \u00c9duard Pericourt son os personaxes principais desta novela \u00e1xil e entretida, por veces previsible, escrita con alento doutra \u00e9poca e cunha lingua espida, sen ning\u00fan tipo de complexidade formal nin alardes de estilo.<!--more--> O primeiro \u00e9 contable e home tradicional, con moitos medos. O segundo pertence a unha familia rica e ten un aquel bohemio, transgresor, iconoclasta, que contrasta co car\u00e1cter m\u00e1is precavido do primeiro. Non obstante, un feito fundamental que acontece durante o combate sanguento provocado polo ambicioso tenente Henri d\u2019Aulnay-Pradelle, establecer\u00e1 un v\u00ednculo definitivo entre os dous e ser\u00e1 o motor de toda esta novela que, entre moitas cousas, \u00e9 a historia dunha amizade e a condena moral da guerra por parte desas persoas que se viron empurradas a loitar sen m\u00e1is interese que a s\u00faa propia supervivencia.<\/p>\n<p style=\"text-align: justify;\"><a href=\"http:\/\/cafebarbantia.barbantia.es\/wp-content\/uploads\/2014\/08\/nos-vemos-2.jpg\"><img decoding=\"async\" loading=\"lazy\" class=\"alignleft size-medium wp-image-1889\" alt=\"nos vemos 2\" src=\"http:\/\/cafebarbantia.barbantia.es\/wp-content\/uploads\/2014\/08\/nos-vemos-2-300x285.jpg\" width=\"300\" height=\"285\" srcset=\"http:\/\/cafebarbantia.barbantia.es\/wp-content\/uploads\/2014\/08\/nos-vemos-2-300x285.jpg 300w, http:\/\/cafebarbantia.barbantia.es\/wp-content\/uploads\/2014\/08\/nos-vemos-2.jpg 478w\" sizes=\"(max-width: 300px) 100vw, 300px\" \/><\/a>Non me custa reco\u00f1ecer que me divert\u00edn moito con esta novela, un pouco \u201cpeliculeira\u201d, si, pero con excelentes atributos como poden ser a fiadura perfecta da trama, o seu ritmo desenfreado e a caracterizaci\u00f3n desenfadada duns personaxes ben atractivos. Est\u00e1 claro que a peneira temporal do Goncourt, con obras de autores de m\u00e1is peso que tam\u00e9n apa\u00f1aron o premio -Gracq, Houellebecq, Modiano, Echenoz ou Quignard-, vaille po\u00f1er dif\u00edcil a inmortalidade a esta novela de Pierre Lemaitre. Pero a aqueles aos que non lles preocupe o canon do tempo, deber\u00edan aproveitar para ler esta entretid\u00edsima novela. Seguro que o pasar\u00e1n ben.<\/p>\n","protected":false},"excerpt":{"rendered":"<p>Ant\u00f3n Riveiro Coello. Nos vemos all\u00e1 arriba, de Pierre Lemaitre (Salamandra, 2014) \u00e9 unha novela francesa de aventuras protagonizada por dous soldados feridos na primeira guerra mundial, esa Gran Guerra de poder que desatou unha violencia estarrecedora e levou por diante a mill\u00f3ns de persoas. Neste ano do seu centenario chegou \u00e1s librar\u00edas este libro, &hellip; <a href=\"http:\/\/cafebarbantia.barbantia.es\/?p=1887\" class=\"more-link\">Seguir lendo <span class=\"screen-reader-text\">Nos vemos all\u00e1 arriba, de Pierre Lemaitre<\/span> <span class=\"meta-nav\">&rarr;<\/span><\/a><\/p>\n","protected":false},"author":1,"featured_media":0,"comment_status":"open","ping_status":"closed","sticky":false,"template":"","format":"standard","meta":{"_bbp_topic_count":0,"_bbp_reply_count":0,"_bbp_total_topic_count":0,"_bbp_total_reply_count":0,"_bbp_voice_count":0,"_bbp_anonymous_reply_count":0,"_bbp_topic_count_hidden":0,"_bbp_reply_count_hidden":0,"_bbp_forum_subforum_count":0,"_exactmetrics_skip_tracking":false,"_exactmetrics_sitenote_active":false,"_exactmetrics_sitenote_note":"","_exactmetrics_sitenote_category":0,"_monsterinsights_skip_tracking":false,"_monsterinsights_sitenote_active":false,"_monsterinsights_sitenote_note":"","_monsterinsights_sitenote_category":0},"categories":[13,9],"tags":[],"aioseo_notices":[],"_links":{"self":[{"href":"http:\/\/cafebarbantia.barbantia.es\/index.php?rest_route=\/wp\/v2\/posts\/1887"}],"collection":[{"href":"http:\/\/cafebarbantia.barbantia.es\/index.php?rest_route=\/wp\/v2\/posts"}],"about":[{"href":"http:\/\/cafebarbantia.barbantia.es\/index.php?rest_route=\/wp\/v2\/types\/post"}],"author":[{"embeddable":true,"href":"http:\/\/cafebarbantia.barbantia.es\/index.php?rest_route=\/wp\/v2\/users\/1"}],"replies":[{"embeddable":true,"href":"http:\/\/cafebarbantia.barbantia.es\/index.php?rest_route=%2Fwp%2Fv2%2Fcomments&post=1887"}],"version-history":[{"count":3,"href":"http:\/\/cafebarbantia.barbantia.es\/index.php?rest_route=\/wp\/v2\/posts\/1887\/revisions"}],"predecessor-version":[{"id":1893,"href":"http:\/\/cafebarbantia.barbantia.es\/index.php?rest_route=\/wp\/v2\/posts\/1887\/revisions\/1893"}],"wp:attachment":[{"href":"http:\/\/cafebarbantia.barbantia.es\/index.php?rest_route=%2Fwp%2Fv2%2Fmedia&parent=1887"}],"wp:term":[{"taxonomy":"category","embeddable":true,"href":"http:\/\/cafebarbantia.barbantia.es\/index.php?rest_route=%2Fwp%2Fv2%2Fcategories&post=1887"},{"taxonomy":"post_tag","embeddable":true,"href":"http:\/\/cafebarbantia.barbantia.es\/index.php?rest_route=%2Fwp%2Fv2%2Ftags&post=1887"}],"curies":[{"name":"wp","href":"https:\/\/api.w.org\/{rel}","templated":true}]}}