{"id":1983,"date":"2014-09-09T07:30:52","date_gmt":"2014-09-09T07:30:52","guid":{"rendered":"http:\/\/cafebarbantia.barbantia.es\/?p=1983"},"modified":"2014-09-07T09:35:06","modified_gmt":"2014-09-07T09:35:06","slug":"abalar-cadris","status":"publish","type":"post","link":"http:\/\/cafebarbantia.barbantia.es\/?p=1983","title":{"rendered":"Abalar cadr\u00eds"},"content":{"rendered":"<p style=\"text-align: justify;\"><a href=\"http:\/\/cafebarbantia.barbantia.es\/wp-content\/uploads\/2014\/09\/abalar-1.jpg\"><img decoding=\"async\" loading=\"lazy\" class=\"alignleft size-medium wp-image-1984\" alt=\"abalar 1\" src=\"http:\/\/cafebarbantia.barbantia.es\/wp-content\/uploads\/2014\/09\/abalar-1-300x198.jpg\" width=\"300\" height=\"198\" srcset=\"http:\/\/cafebarbantia.barbantia.es\/wp-content\/uploads\/2014\/09\/abalar-1-300x198.jpg 300w, http:\/\/cafebarbantia.barbantia.es\/wp-content\/uploads\/2014\/09\/abalar-1-900x596.jpg 900w, http:\/\/cafebarbantia.barbantia.es\/wp-content\/uploads\/2014\/09\/abalar-1.jpg 1024w\" sizes=\"(max-width: 300px) 100vw, 300px\" \/><\/a><em><strong>Xos\u00e9 Manuel Lobato.\u00a0<\/strong><\/em>Incansable baile das ondas na superficie do mar, unha esgotadora danza para milenios de adoraci\u00f3n e veneraci\u00f3n ao seu gran referente, un embruxo p\u00e9treo de intensa atracci\u00f3n que emerxe das pedras dos cadr\u00eds, namorar e abalar.<\/p>\n<p style=\"text-align: justify;\">Resoar, un abrupto bruar que foxe subitamente dende a profundidade, terror de escuridade inquedo, transformado en harm\u00f3nica e agradable sensaci\u00f3n coral dun esp\u00edrito que entre estas pedras se converte en \u00fanico por excepcional.<!--more--><\/p>\n<p style=\"text-align: justify;\">Imperceptible estrutura f\u00edsica, ausencia corp\u00f3rea nun alento persistente, o seu espectro pos\u00fae capacidade e recursos para ser e non ser, estar e non estar, mais estas pedras de Mux\u00eda con identidade de seu, son co\u00f1ecedoras e tam\u00e9n necesitadas da marus\u00eda sopradora.<\/p>\n<p style=\"text-align: justify;\">Efecto intenso fundamentalmente na preamar, a\u00ednda que na baixamar o seu azo espectral non se esvaece e persiste co seu agarimo constante a tan emblem\u00e1tica morada p\u00e9trea.<\/p>\n<p style=\"text-align: justify;\">Percepci\u00f3n dunha sensaci\u00f3n agradable cando se visita a estas xoias con identidade, por curiosidade tentamos profundar nesa beberaxe m\u00edstica, que tanto seduce a unha gran maior\u00eda.<\/p>\n<p style=\"text-align: justify;\"><a href=\"http:\/\/cafebarbantia.barbantia.es\/wp-content\/uploads\/2014\/09\/abalar-2.jpg\"><img decoding=\"async\" loading=\"lazy\" class=\"alignright size-medium wp-image-1985\" alt=\"abalar 2\" src=\"http:\/\/cafebarbantia.barbantia.es\/wp-content\/uploads\/2014\/09\/abalar-2-300x168.jpg\" width=\"300\" height=\"168\" srcset=\"http:\/\/cafebarbantia.barbantia.es\/wp-content\/uploads\/2014\/09\/abalar-2-300x168.jpg 300w, http:\/\/cafebarbantia.barbantia.es\/wp-content\/uploads\/2014\/09\/abalar-2.jpg 795w\" sizes=\"(max-width: 300px) 100vw, 300px\" \/><\/a>No escudri\u00f1ar p\u00e9treo \u00e9 posible acadar a profunda sinuosidade, aqu\u00ed mora un refuxio atordado e brumado pola impetuosidade brav\u00eda do aloucado ar en compa\u00f1\u00eda do salgado mar.<\/p>\n<p style=\"text-align: justify;\">Durante a pasada invern\u00eda, mar e ar acompa\u00f1adas dos raios lograron dobregar e conquistar esta zona, o seu poder\u00edo bramou con fereza deixando unha desoladora imaxe de destruci\u00f3n, mais este lugar emblem\u00e1tico segue sendo unha referencia \u00fanica.<\/p>\n<p style=\"text-align: justify;\">Calquera que visite a zona e procure asento p\u00e9treo para cavilar, pode visualizar un litoral de gran diversidade, unha presentaci\u00f3n exclusiva dende este curruncho que amosa unha costa con personalidade de seu.<\/p>\n<p style=\"text-align: justify;\">Entre pestanexo e pestanexo, aqu\u00ed calquera pode admirar a liberdade dunhas ondas sen portelos nin fronteiras, a pureza dun ar que sempre sopra sen temor achegando frescor e un feixe de crom\u00e1tico clamor.<\/p>\n<p style=\"text-align: justify;\">Laio dos afogados preto da furna de Buxer\u00e1n, mari\u00f1eiros e piratas engaiolados polos harm\u00f3nicos cantos da noitebra, sons de namoramento que emerxen dende as profundidades do oc\u00e9ano.<\/p>\n<p style=\"text-align: justify;\">Brincadeira de cores, un arco da vella \u00fanico emerxendo dende o interior dunhas augas que abalan e devalan incansables, sempre con numerosas tonalidades, unha ofrenda tan excelsa e fermosa como diab\u00f3lica, para o incomparable cabo Vil\u00e1n.<\/p>\n<p>&nbsp;<\/p>\n","protected":false},"excerpt":{"rendered":"<p>Xos\u00e9 Manuel Lobato.\u00a0Incansable baile das ondas na superficie do mar, unha esgotadora danza para milenios de adoraci\u00f3n e veneraci\u00f3n ao seu gran referente, un embruxo p\u00e9treo de intensa atracci\u00f3n que emerxe das pedras dos cadr\u00eds, namorar e abalar. Resoar, un abrupto bruar que foxe subitamente dende a profundidade, terror de escuridade inquedo, transformado en harm\u00f3nica &hellip; <a href=\"http:\/\/cafebarbantia.barbantia.es\/?p=1983\" class=\"more-link\">Seguir lendo <span class=\"screen-reader-text\">Abalar cadr\u00eds<\/span> <span class=\"meta-nav\">&rarr;<\/span><\/a><\/p>\n","protected":false},"author":1,"featured_media":0,"comment_status":"open","ping_status":"closed","sticky":false,"template":"","format":"standard","meta":{"_bbp_topic_count":0,"_bbp_reply_count":0,"_bbp_total_topic_count":0,"_bbp_total_reply_count":0,"_bbp_voice_count":0,"_bbp_anonymous_reply_count":0,"_bbp_topic_count_hidden":0,"_bbp_reply_count_hidden":0,"_bbp_forum_subforum_count":0,"_exactmetrics_skip_tracking":false,"_exactmetrics_sitenote_active":false,"_exactmetrics_sitenote_note":"","_exactmetrics_sitenote_category":0,"_monsterinsights_skip_tracking":false,"_monsterinsights_sitenote_active":false,"_monsterinsights_sitenote_note":"","_monsterinsights_sitenote_category":0},"categories":[9,44],"tags":[],"aioseo_notices":[],"_links":{"self":[{"href":"http:\/\/cafebarbantia.barbantia.es\/index.php?rest_route=\/wp\/v2\/posts\/1983"}],"collection":[{"href":"http:\/\/cafebarbantia.barbantia.es\/index.php?rest_route=\/wp\/v2\/posts"}],"about":[{"href":"http:\/\/cafebarbantia.barbantia.es\/index.php?rest_route=\/wp\/v2\/types\/post"}],"author":[{"embeddable":true,"href":"http:\/\/cafebarbantia.barbantia.es\/index.php?rest_route=\/wp\/v2\/users\/1"}],"replies":[{"embeddable":true,"href":"http:\/\/cafebarbantia.barbantia.es\/index.php?rest_route=%2Fwp%2Fv2%2Fcomments&post=1983"}],"version-history":[{"count":1,"href":"http:\/\/cafebarbantia.barbantia.es\/index.php?rest_route=\/wp\/v2\/posts\/1983\/revisions"}],"predecessor-version":[{"id":1986,"href":"http:\/\/cafebarbantia.barbantia.es\/index.php?rest_route=\/wp\/v2\/posts\/1983\/revisions\/1986"}],"wp:attachment":[{"href":"http:\/\/cafebarbantia.barbantia.es\/index.php?rest_route=%2Fwp%2Fv2%2Fmedia&parent=1983"}],"wp:term":[{"taxonomy":"category","embeddable":true,"href":"http:\/\/cafebarbantia.barbantia.es\/index.php?rest_route=%2Fwp%2Fv2%2Fcategories&post=1983"},{"taxonomy":"post_tag","embeddable":true,"href":"http:\/\/cafebarbantia.barbantia.es\/index.php?rest_route=%2Fwp%2Fv2%2Ftags&post=1983"}],"curies":[{"name":"wp","href":"https:\/\/api.w.org\/{rel}","templated":true}]}}