{"id":2052,"date":"2014-11-11T07:00:51","date_gmt":"2014-11-11T07:00:51","guid":{"rendered":"http:\/\/cafebarbantia.barbantia.es\/?p=2052"},"modified":"2014-11-07T18:27:29","modified_gmt":"2014-11-07T18:27:29","slug":"isabelle-de-andre-gide","status":"publish","type":"post","link":"http:\/\/cafebarbantia.barbantia.es\/?p=2052","title":{"rendered":"Isabelle, de Andr\u00e9 Gide"},"content":{"rendered":"<p style=\"text-align: justify;\"><a href=\"http:\/\/cafebarbantia.barbantia.es\/wp-content\/uploads\/2014\/09\/isabelle1.jpg\"><img decoding=\"async\" loading=\"lazy\" class=\"alignright size-medium wp-image-2053\" alt=\"isabelle1\" src=\"http:\/\/cafebarbantia.barbantia.es\/wp-content\/uploads\/2014\/09\/isabelle1-200x300.jpg\" width=\"200\" height=\"300\" srcset=\"http:\/\/cafebarbantia.barbantia.es\/wp-content\/uploads\/2014\/09\/isabelle1-200x300.jpg 200w, http:\/\/cafebarbantia.barbantia.es\/wp-content\/uploads\/2014\/09\/isabelle1.jpg 331w\" sizes=\"(max-width: 200px) 100vw, 200px\" \/><\/a><em><strong>In\u00e9s Otero.\u00a0<\/strong><\/em>G\u00e9rad Lacase, un estudante de Letras da Sorbona, chega ao castelo de La Quartfourche, unha mansi\u00f3n normanda habitada polas familias Floch e Saint-Aur\u00e9ol. A s\u00faa intenci\u00f3n \u00e9 consultar a biblioteca para realizar unha tese doutoral sobre os serm\u00f3ns de Bossuet. Pero pronto se atopa cunha atmosfera sufocante (<i>un muro de lluvia me separaba del resto del mundo, lejos de toda pasi\u00f3n, lejos de la vida<\/i>), onde un nobre raro, o preceptor dun rapaz deforme e un vello profesor \u2013mergullado entre cartafoles antigos\u2013 conv\u00e9rtense no \u00a0escenario dunha propiedade a piques de esmorecer ante os cambios hist\u00f3ricos que se aveci\u00f1an.<!--more--><\/p>\n<p style=\"text-align: justify;\">Os d\u00edas transcorren con normalidade na vida de G\u00e9rard \u00a0ata que descobre asombrado o retrato de Isabelle Saint-Aur\u00e9ol (<i>contempl\u00e1ndola hab\u00eda perdido la noci\u00f3n del tiempo y del lugar<\/i>). No intento de reconstru\u00edr o pasado desta muller (<i>conocer su vida secreta; saber por qu\u00e9 caminos perfumados, pat\u00e9ticos y tenebrosos&#8230;<\/i>), que visita o castelo polas noites para bicar o seu fillo maltreito, verase enfrontado cunha realidade inesperada, unha historia que nunca imaxinara, onde os segredos familiares e a complexidade de certas condutas \u2013sobre todo o misterio que envolve \u00e1 enigm\u00e1tica protagonista da obra\u2013\u00a0 son o cerne desta singular novela curta.<\/p>\n<p style=\"text-align: justify;\"><a href=\"http:\/\/cafebarbantia.barbantia.es\/wp-content\/uploads\/2014\/09\/isabel-2.jpg\"><img decoding=\"async\" loading=\"lazy\" class=\"alignleft size-medium wp-image-2054\" alt=\"isabel 2\" src=\"http:\/\/cafebarbantia.barbantia.es\/wp-content\/uploads\/2014\/09\/isabel-2-300x166.jpg\" width=\"300\" height=\"166\" srcset=\"http:\/\/cafebarbantia.barbantia.es\/wp-content\/uploads\/2014\/09\/isabel-2-300x166.jpg 300w, http:\/\/cafebarbantia.barbantia.es\/wp-content\/uploads\/2014\/09\/isabel-2.jpg 630w\" sizes=\"(max-width: 300px) 100vw, 300px\" \/><\/a>En soamente 130 p\u00e1xinas Andr\u00e9 Gide condensa o mellor do seu estilo: trama sutil, personaxes enfrontados e atmosfera inquietante. Por certo,\u00a0 ao ano seguinte da s\u00faa morte no \u00a01951, a Igrexa Cat\u00f3lica inclu\u00edu as s\u00faas obras dentro do \u00cdndice de libros prohibidos. J&#8217;ai d\u00e9but\u00e9 par <em>Isabelle<\/em> , un petit roman qui m&#8217;a s\u00e9duit d\u00e8s les premi\u00e8res lignes.G\u00e9rard Lacase, \u00e9tudiant en Sorbonne, s\u00e9journe au ch\u00e2teau de Quartfourche pour prendre connaissance de documents in\u00e9dits relatifs aux sermons de Bossuet, son sujet de th\u00e8se.Un jour que G\u00e9rard se prom\u00e8ne avec Casimir, il d\u00e9couvre, dans une d\u00e9pendance abandonn\u00e9e, un portrait de jeune femme.<\/p>\n","protected":false},"excerpt":{"rendered":"<p>In\u00e9s Otero.\u00a0G\u00e9rad Lacase, un estudante de Letras da Sorbona, chega ao castelo de La Quartfourche, unha mansi\u00f3n normanda habitada polas familias Floch e Saint-Aur\u00e9ol. A s\u00faa intenci\u00f3n \u00e9 consultar a biblioteca para realizar unha tese doutoral sobre os serm\u00f3ns de Bossuet. Pero pronto se atopa cunha atmosfera sufocante (un muro de lluvia me separaba del &hellip; <a href=\"http:\/\/cafebarbantia.barbantia.es\/?p=2052\" class=\"more-link\">Seguir lendo <span class=\"screen-reader-text\">Isabelle, de Andr\u00e9 Gide<\/span> <span class=\"meta-nav\">&rarr;<\/span><\/a><\/p>\n","protected":false},"author":1,"featured_media":0,"comment_status":"open","ping_status":"closed","sticky":false,"template":"","format":"standard","meta":{"_bbp_topic_count":0,"_bbp_reply_count":0,"_bbp_total_topic_count":0,"_bbp_total_reply_count":0,"_bbp_voice_count":0,"_bbp_anonymous_reply_count":0,"_bbp_topic_count_hidden":0,"_bbp_reply_count_hidden":0,"_bbp_forum_subforum_count":0,"_exactmetrics_skip_tracking":false,"_exactmetrics_sitenote_active":false,"_exactmetrics_sitenote_note":"","_exactmetrics_sitenote_category":0,"_monsterinsights_skip_tracking":false,"_monsterinsights_sitenote_active":false,"_monsterinsights_sitenote_note":"","_monsterinsights_sitenote_category":0},"categories":[45,9],"tags":[],"aioseo_notices":[],"_links":{"self":[{"href":"http:\/\/cafebarbantia.barbantia.es\/index.php?rest_route=\/wp\/v2\/posts\/2052"}],"collection":[{"href":"http:\/\/cafebarbantia.barbantia.es\/index.php?rest_route=\/wp\/v2\/posts"}],"about":[{"href":"http:\/\/cafebarbantia.barbantia.es\/index.php?rest_route=\/wp\/v2\/types\/post"}],"author":[{"embeddable":true,"href":"http:\/\/cafebarbantia.barbantia.es\/index.php?rest_route=\/wp\/v2\/users\/1"}],"replies":[{"embeddable":true,"href":"http:\/\/cafebarbantia.barbantia.es\/index.php?rest_route=%2Fwp%2Fv2%2Fcomments&post=2052"}],"version-history":[{"count":1,"href":"http:\/\/cafebarbantia.barbantia.es\/index.php?rest_route=\/wp\/v2\/posts\/2052\/revisions"}],"predecessor-version":[{"id":2055,"href":"http:\/\/cafebarbantia.barbantia.es\/index.php?rest_route=\/wp\/v2\/posts\/2052\/revisions\/2055"}],"wp:attachment":[{"href":"http:\/\/cafebarbantia.barbantia.es\/index.php?rest_route=%2Fwp%2Fv2%2Fmedia&parent=2052"}],"wp:term":[{"taxonomy":"category","embeddable":true,"href":"http:\/\/cafebarbantia.barbantia.es\/index.php?rest_route=%2Fwp%2Fv2%2Fcategories&post=2052"},{"taxonomy":"post_tag","embeddable":true,"href":"http:\/\/cafebarbantia.barbantia.es\/index.php?rest_route=%2Fwp%2Fv2%2Ftags&post=2052"}],"curies":[{"name":"wp","href":"https:\/\/api.w.org\/{rel}","templated":true}]}}