{"id":207,"date":"2013-12-20T09:25:32","date_gmt":"2013-12-20T09:25:32","guid":{"rendered":"http:\/\/cafebarbantia.barbantia.es\/?p=207"},"modified":"2013-12-20T10:13:28","modified_gmt":"2013-12-20T10:13:28","slug":"maqroll-1-tras-o-ronsel-do-gavieiro","status":"publish","type":"post","link":"http:\/\/cafebarbantia.barbantia.es\/?p=207","title":{"rendered":"Maqroll 1. (Tras o ronsel do gavieiro)"},"content":{"rendered":"<p style=\"text-align: justify;\"><span><a href=\"http:\/\/cafebarbantia.barbantia.es\/wp-content\/uploads\/2013\/12\/Maqroll-1.jpg\"><img decoding=\"async\" loading=\"lazy\" class=\"alignleft  wp-image-208\" style=\"border: 1px solid black;\" alt=\"Maqroll 1\" src=\"http:\/\/cafebarbantia.barbantia.es\/wp-content\/uploads\/2013\/12\/Maqroll-1-215x300.jpg\" width=\"149\" height=\"208\" srcset=\"http:\/\/cafebarbantia.barbantia.es\/wp-content\/uploads\/2013\/12\/Maqroll-1-215x300.jpg 215w, http:\/\/cafebarbantia.barbantia.es\/wp-content\/uploads\/2013\/12\/Maqroll-1-736x1024.jpg 736w, http:\/\/cafebarbantia.barbantia.es\/wp-content\/uploads\/2013\/12\/Maqroll-1.jpg 1381w\" sizes=\"(max-width: 149px) 100vw, 149px\" \/><\/a><strong><em>Agust\u00edn Agra.<\/em><\/strong> Unha confesi\u00f3n pouco novidosa, coido que en nada allea \u00e1 que moitos de v\u00f3s poderiades facer, ser\u00eda afirmar que unha sensaci\u00f3n que adoita acompa\u00f1arme acot\u00edo \u00e9 a de chegar tarde. Procurarei explicarme: en cantas ocasi\u00f3ns ten que producirse o pasamento dunha autora ou dun autor \u2013o colombiano \u00c1lvaro Mutis neste particular caso\u2013 para, a trav\u00e9s da s\u00faa nota necrol\u00f3xica, descubrir a s\u00faa obra?<!--more-->Unha compa\u00f1eira de traballo recomendoumo de xeito encarecido hai m\u00e1is dunha d\u00e9cada \u2013mais eu fixen o\u00eddos xordos ao seu consello\u2013; m\u00e1is tarde visitou estas terras e deixounos para o recordo unha foto no Cumio da Curota \u2013m\u00e1goa, tampouco asist\u00edn a aquel encontro\u2013.\u00a0<\/span><\/p>\n<figure id=\"attachment_213\" aria-describedby=\"caption-attachment-213\" style=\"width: 300px\" class=\"wp-caption alignright\"><a href=\"http:\/\/cafebarbantia.barbantia.es\/wp-content\/uploads\/2013\/12\/simon.jpg\"><img decoding=\"async\" loading=\"lazy\" class=\"size-medium wp-image-213\" alt=\"Foto: Sim\u00f3n Balv\u00eds\" src=\"http:\/\/cafebarbantia.barbantia.es\/wp-content\/uploads\/2013\/12\/simon-300x200.jpg\" width=\"300\" height=\"200\" srcset=\"http:\/\/cafebarbantia.barbantia.es\/wp-content\/uploads\/2013\/12\/simon-300x200.jpg 300w, http:\/\/cafebarbantia.barbantia.es\/wp-content\/uploads\/2013\/12\/simon.jpg 960w\" sizes=\"(max-width: 300px) 100vw, 300px\" \/><\/a><figcaption id=\"caption-attachment-213\" class=\"wp-caption-text\">Foto: Sim\u00f3n Balv\u00eds<\/figcaption><\/figure>\n<p style=\"text-align: justify;\"><span>Pero non foi ata agora que dei en remontar o imaxinario Xurand\u00f3 na compa\u00f1a de Maqroll \u2013alteridade posible do lector ou lectora\u2013 para comezar unha viaxe (narrada cunha prosa tan exquisita que s\u00f3 provoca en min o desexo de non volver a encetar na vida unha li\u00f1a propia) que non conduc\u00eda r\u00edo arriba \u2013equivocado eu unha vez m\u00e1is\u2013 sen\u00f3n cara o interior de cada un de n\u00f3s. Si, supo\u00f1o que desta volta cheguei tam\u00e9n tarde. Son, a ben seguro, un dos \u00faltimos barbantios en acadar os fecundos territorios de Maqroll o gaviero. Pouco importa; se tardei case tres milenios en bater cos hex\u00e1metros da Il\u00edada, ben podo considerarme afortunado por ter arribado a este porto.<\/span><\/p>\n","protected":false},"excerpt":{"rendered":"<p>Agust\u00edn Agra. Unha confesi\u00f3n pouco novidosa, coido que en nada allea \u00e1 que moitos de v\u00f3s poderiades facer, ser\u00eda afirmar que unha sensaci\u00f3n que adoita acompa\u00f1arme acot\u00edo \u00e9 a de chegar tarde. Procurarei explicarme: en cantas ocasi\u00f3ns ten que producirse o pasamento dunha autora ou dun autor \u2013o colombiano \u00c1lvaro Mutis neste particular caso\u2013 para, &hellip; <a href=\"http:\/\/cafebarbantia.barbantia.es\/?p=207\" class=\"more-link\">Seguir lendo <span class=\"screen-reader-text\">Maqroll 1. (Tras o ronsel do gavieiro)<\/span> <span class=\"meta-nav\">&rarr;<\/span><\/a><\/p>\n","protected":false},"author":1,"featured_media":0,"comment_status":"open","ping_status":"closed","sticky":false,"template":"","format":"standard","meta":{"_bbp_topic_count":0,"_bbp_reply_count":0,"_bbp_total_topic_count":0,"_bbp_total_reply_count":0,"_bbp_voice_count":0,"_bbp_anonymous_reply_count":0,"_bbp_topic_count_hidden":0,"_bbp_reply_count_hidden":0,"_bbp_forum_subforum_count":0,"_exactmetrics_skip_tracking":false,"_exactmetrics_sitenote_active":false,"_exactmetrics_sitenote_note":"","_exactmetrics_sitenote_category":0,"_monsterinsights_skip_tracking":false,"_monsterinsights_sitenote_active":false,"_monsterinsights_sitenote_note":"","_monsterinsights_sitenote_category":0},"categories":[23,9],"tags":[],"aioseo_notices":[],"_links":{"self":[{"href":"http:\/\/cafebarbantia.barbantia.es\/index.php?rest_route=\/wp\/v2\/posts\/207"}],"collection":[{"href":"http:\/\/cafebarbantia.barbantia.es\/index.php?rest_route=\/wp\/v2\/posts"}],"about":[{"href":"http:\/\/cafebarbantia.barbantia.es\/index.php?rest_route=\/wp\/v2\/types\/post"}],"author":[{"embeddable":true,"href":"http:\/\/cafebarbantia.barbantia.es\/index.php?rest_route=\/wp\/v2\/users\/1"}],"replies":[{"embeddable":true,"href":"http:\/\/cafebarbantia.barbantia.es\/index.php?rest_route=%2Fwp%2Fv2%2Fcomments&post=207"}],"version-history":[{"count":9,"href":"http:\/\/cafebarbantia.barbantia.es\/index.php?rest_route=\/wp\/v2\/posts\/207\/revisions"}],"predecessor-version":[{"id":219,"href":"http:\/\/cafebarbantia.barbantia.es\/index.php?rest_route=\/wp\/v2\/posts\/207\/revisions\/219"}],"wp:attachment":[{"href":"http:\/\/cafebarbantia.barbantia.es\/index.php?rest_route=%2Fwp%2Fv2%2Fmedia&parent=207"}],"wp:term":[{"taxonomy":"category","embeddable":true,"href":"http:\/\/cafebarbantia.barbantia.es\/index.php?rest_route=%2Fwp%2Fv2%2Fcategories&post=207"},{"taxonomy":"post_tag","embeddable":true,"href":"http:\/\/cafebarbantia.barbantia.es\/index.php?rest_route=%2Fwp%2Fv2%2Ftags&post=207"}],"curies":[{"name":"wp","href":"https:\/\/api.w.org\/{rel}","templated":true}]}}