{"id":2345,"date":"2014-10-30T07:00:49","date_gmt":"2014-10-30T07:00:49","guid":{"rendered":"http:\/\/cafebarbantia.barbantia.es\/?p=2345"},"modified":"2014-10-26T23:19:13","modified_gmt":"2014-10-26T23:19:13","slug":"viaxe-dun-naturalista-arredor-do-mundo","status":"publish","type":"post","link":"http:\/\/cafebarbantia.barbantia.es\/?p=2345","title":{"rendered":"Viaxe dun naturalista arredor do mundo"},"content":{"rendered":"<p style=\"text-align: justify;\"><em><strong><a href=\"http:\/\/cafebarbantia.barbantia.es\/wp-content\/uploads\/2014\/10\/charles-1.jpg\"><img decoding=\"async\" loading=\"lazy\" class=\"alignright size-medium wp-image-2349\" alt=\"charles 1\" src=\"http:\/\/cafebarbantia.barbantia.es\/wp-content\/uploads\/2014\/10\/charles-1-216x300.jpg\" width=\"216\" height=\"300\" srcset=\"http:\/\/cafebarbantia.barbantia.es\/wp-content\/uploads\/2014\/10\/charles-1-216x300.jpg 216w, http:\/\/cafebarbantia.barbantia.es\/wp-content\/uploads\/2014\/10\/charles-1.jpg 323w\" sizes=\"(max-width: 216px) 100vw, 216px\" \/><\/a>Agust\u00edn Agra.\u00a0<\/strong><\/em>O buque da s\u00faa maxestade <i>Beagle<\/i>, ao mando do capit\u00e1n Fitz-Roy, zarpou de Davenport o 27 de decembro de 1831 cara a unha viaxe de cinco anos na que dar\u00eda a volta ao mudo. O obxecto da expedici\u00f3n era completar o estudo das costas de Sudam\u00e9rica e dalgunhas illas do Pac\u00edfico. A bordo, na calidade de naturalista, co obxectivo de colectar exemplares da fauna e flora e facer observaci\u00f3ns xeol\u00f3xicas, \u00eda Charles R. Darwin.<\/p>\n<p style=\"text-align: justify;\">Cando embarcou, a\u00ednda que acabado de diplomar en Cambridge, Darwin era pouco m\u00e1is ca un rapazolo de 22 anos. <!--more--><a href=\"http:\/\/cafebarbantia.barbantia.es\/wp-content\/uploads\/2014\/10\/charles-2.jpg\"><img decoding=\"async\" loading=\"lazy\" class=\"alignleft size-medium wp-image-2350\" style=\"border: 1px solid black;\" alt=\"charles 2\" src=\"http:\/\/cafebarbantia.barbantia.es\/wp-content\/uploads\/2014\/10\/charles-2-197x300.jpg\" width=\"197\" height=\"300\" srcset=\"http:\/\/cafebarbantia.barbantia.es\/wp-content\/uploads\/2014\/10\/charles-2-197x300.jpg 197w, http:\/\/cafebarbantia.barbantia.es\/wp-content\/uploads\/2014\/10\/charles-2.jpg 421w\" sizes=\"(max-width: 197px) 100vw, 197px\" \/><\/a>Nin era un especialista en anatom\u00eda comparada, nin tampouco un experto en mam\u00edferos, a paleontolox\u00eda a\u00ednda estaba en cueiros e nin ese nome recib\u00eda. Por\u00e9n, era un curioso impenitente que non deixou de observar e de facerse preguntas en todo o cami\u00f1o. \u00c1 gran capacidade de observaci\u00f3n engad\u00eda, tam\u00e9n, a de reflexi\u00f3n.<\/p>\n<p style=\"text-align: justify;\">Resulta apaixonante, 175 anos ap\u00f3s a s\u00faa publicaci\u00f3n, ler <i>Viaxe dun naturalista arredor do mundo<\/i>, o diario onde describe aquel lustro de navegaci\u00f3n: os avatares vividos e as observaci\u00f3ns cient\u00edficas, mais tam\u00e9n os seus comentarios sobre as culturas, os pobos e mesmo as pol\u00edticas dos lugares percorridos.<\/p>\n<p style=\"text-align: justify;\">Ler, descubrir, como non foi nas Gal\u00e1pagos, a carranchapernas da mesma li\u00f1a do Ecuador, como adoita repetirse onde aconteceu a epifan\u00eda&#8230; <a href=\"http:\/\/cafebarbantia.barbantia.es\/wp-content\/uploads\/2014\/10\/charles-3.jpg\"><img decoding=\"async\" loading=\"lazy\" class=\"alignright size-medium wp-image-2351\" alt=\"charles 3\" src=\"http:\/\/cafebarbantia.barbantia.es\/wp-content\/uploads\/2014\/10\/charles-3-300x220.jpg\" width=\"300\" height=\"220\" srcset=\"http:\/\/cafebarbantia.barbantia.es\/wp-content\/uploads\/2014\/10\/charles-3-300x220.jpg 300w, http:\/\/cafebarbantia.barbantia.es\/wp-content\/uploads\/2014\/10\/charles-3.jpg 448w\" sizes=\"(max-width: 300px) 100vw, 300px\" \/><\/a>Tres anos antes de acadar ese arquip\u00e9lago do Pac\u00edfico, visitou un campo de f\u00f3siles na Arxentina; nese lugar obtivo os primeiros indicios da Teor\u00eda sobre a orixe e a evoluci\u00f3n das especies: a maior revoluci\u00f3n da historia da ciencia.<\/p>\n<p style=\"text-align: justify;\">Ao desembarcar do HMS Beagle, no 1836, pasaran cinco anos na nosa habitual escala de tempo, mais, durante aquela volta ao mundo, na s\u00faa cabeza comezara a madurecer a Teor\u00eda \u2013con mai\u00fasculas- que far\u00eda cambalear as crenzas m\u00e1is arraigadas e indiscutibles.<\/p>\n","protected":false},"excerpt":{"rendered":"<p>Agust\u00edn Agra.\u00a0O buque da s\u00faa maxestade Beagle, ao mando do capit\u00e1n Fitz-Roy, zarpou de Davenport o 27 de decembro de 1831 cara a unha viaxe de cinco anos na que dar\u00eda a volta ao mudo. O obxecto da expedici\u00f3n era completar o estudo das costas de Sudam\u00e9rica e dalgunhas illas do Pac\u00edfico. A bordo, na &hellip; <a href=\"http:\/\/cafebarbantia.barbantia.es\/?p=2345\" class=\"more-link\">Seguir lendo <span class=\"screen-reader-text\">Viaxe dun naturalista arredor do mundo<\/span> <span class=\"meta-nav\">&rarr;<\/span><\/a><\/p>\n","protected":false},"author":1,"featured_media":0,"comment_status":"open","ping_status":"closed","sticky":false,"template":"","format":"standard","meta":{"_bbp_topic_count":0,"_bbp_reply_count":0,"_bbp_total_topic_count":0,"_bbp_total_reply_count":0,"_bbp_voice_count":0,"_bbp_anonymous_reply_count":0,"_bbp_topic_count_hidden":0,"_bbp_reply_count_hidden":0,"_bbp_forum_subforum_count":0,"_exactmetrics_skip_tracking":false,"_exactmetrics_sitenote_active":false,"_exactmetrics_sitenote_note":"","_exactmetrics_sitenote_category":0,"_monsterinsights_skip_tracking":false,"_monsterinsights_sitenote_active":false,"_monsterinsights_sitenote_note":"","_monsterinsights_sitenote_category":0},"categories":[23,39,7,22],"tags":[],"aioseo_notices":[],"_links":{"self":[{"href":"http:\/\/cafebarbantia.barbantia.es\/index.php?rest_route=\/wp\/v2\/posts\/2345"}],"collection":[{"href":"http:\/\/cafebarbantia.barbantia.es\/index.php?rest_route=\/wp\/v2\/posts"}],"about":[{"href":"http:\/\/cafebarbantia.barbantia.es\/index.php?rest_route=\/wp\/v2\/types\/post"}],"author":[{"embeddable":true,"href":"http:\/\/cafebarbantia.barbantia.es\/index.php?rest_route=\/wp\/v2\/users\/1"}],"replies":[{"embeddable":true,"href":"http:\/\/cafebarbantia.barbantia.es\/index.php?rest_route=%2Fwp%2Fv2%2Fcomments&post=2345"}],"version-history":[{"count":2,"href":"http:\/\/cafebarbantia.barbantia.es\/index.php?rest_route=\/wp\/v2\/posts\/2345\/revisions"}],"predecessor-version":[{"id":2352,"href":"http:\/\/cafebarbantia.barbantia.es\/index.php?rest_route=\/wp\/v2\/posts\/2345\/revisions\/2352"}],"wp:attachment":[{"href":"http:\/\/cafebarbantia.barbantia.es\/index.php?rest_route=%2Fwp%2Fv2%2Fmedia&parent=2345"}],"wp:term":[{"taxonomy":"category","embeddable":true,"href":"http:\/\/cafebarbantia.barbantia.es\/index.php?rest_route=%2Fwp%2Fv2%2Fcategories&post=2345"},{"taxonomy":"post_tag","embeddable":true,"href":"http:\/\/cafebarbantia.barbantia.es\/index.php?rest_route=%2Fwp%2Fv2%2Ftags&post=2345"}],"curies":[{"name":"wp","href":"https:\/\/api.w.org\/{rel}","templated":true}]}}