{"id":2368,"date":"2014-11-08T07:00:32","date_gmt":"2014-11-08T07:00:32","guid":{"rendered":"http:\/\/cafebarbantia.barbantia.es\/?p=2368"},"modified":"2014-11-03T10:06:01","modified_gmt":"2014-11-03T10:06:01","slug":"monumentos-de-tinta-ii-o-pensamento-galego","status":"publish","type":"post","link":"http:\/\/cafebarbantia.barbantia.es\/?p=2368","title":{"rendered":"Monumentos de tinta II. O pensamento galego"},"content":{"rendered":"<p style=\"text-align: justify;\"><b><i><a href=\"http:\/\/cafebarbantia.barbantia.es\/wp-content\/uploads\/2014\/10\/dicionario-pensamento-galego.jpg\"><img decoding=\"async\" loading=\"lazy\" class=\"alignleft size-medium wp-image-2370\" alt=\"dicionario pensamento galego\" src=\"http:\/\/cafebarbantia.barbantia.es\/wp-content\/uploads\/2014\/10\/dicionario-pensamento-galego-214x300.jpg\" width=\"214\" height=\"300\" srcset=\"http:\/\/cafebarbantia.barbantia.es\/wp-content\/uploads\/2014\/10\/dicionario-pensamento-galego-214x300.jpg 214w, http:\/\/cafebarbantia.barbantia.es\/wp-content\/uploads\/2014\/10\/dicionario-pensamento-galego.jpg 709w\" sizes=\"(max-width: 214px) 100vw, 214px\" \/><\/a>Rom\u00e1n Ar\u00e9n.<\/i><\/b><b> <\/b>Dende n\u00f3s, mais tam\u00e9n para todos. Urbi et orbi. Andr\u00e9s Torres Queiruga e Manuel Rivas Garc\u00eda coordinaro o <i>Dicionario Enciclopedia do Pensamento Galego<\/i> (2008, Xerais e Consello da Cultura Galega), coa colaboraci\u00f3n de case cincuenta especialistas. Si, n\u00f3s tam\u00e9n pensamos, dende os sal\u00f3ns universitarios das trincheiras literarias. En lat\u00edn, en galego, en castel\u00e1n, e at\u00e9 en franc\u00e9s e alem\u00e1n (por exemplo o meu lembrado Carlos Oliveira dende Munic). Xuntos Paulo Orosio, Ram\u00f3n Pi\u00f1eiro, Prisciliano, Ricardo Mella e Montero D\u00edaz, Cunqueiro e Rosal\u00eda. Cada entrada dos autores (e autoras, claro \u00e9) coa bibliograf\u00eda esencial. <!--more-->Escribe tres homes do Barbanza: Torres Queiruga, Xos\u00e9 Ram\u00f3n Barreiro Fern\u00e1ndez e Xos\u00e9 Lu\u00eds Axeitos. Pero est\u00fadanse tam\u00e9n Garc\u00eda Mart\u00ed, Rafael Dieste e Castelao. Pero a obra \u00e9 algo m\u00e1is: A s\u00faa segunda parte \u00e9 tem\u00e1tica, m\u00e1is de trescentas p\u00e1xinas para tratar a antropolox\u00eda, o pensamento cient\u00edfico, o dereito e a econom\u00eda, a est\u00e9tica e o exilio, o liberalismo e o absolutismo, o feminismo, a literatura galega, as matem\u00e1ticas e a medicina, o nacionalismo e a pedagox\u00eda, a pol\u00edtica, a prensa e a relixi\u00f3n. <a href=\"http:\/\/cafebarbantia.barbantia.es\/wp-content\/uploads\/2014\/10\/dicionario-pensamento-2.jpg\"><img decoding=\"async\" loading=\"lazy\" class=\"alignright size-medium wp-image-2371\" alt=\"dicionario pensamento 2\" src=\"http:\/\/cafebarbantia.barbantia.es\/wp-content\/uploads\/2014\/10\/dicionario-pensamento-2-300x227.jpg\" width=\"300\" height=\"227\" srcset=\"http:\/\/cafebarbantia.barbantia.es\/wp-content\/uploads\/2014\/10\/dicionario-pensamento-2-300x227.jpg 300w, http:\/\/cafebarbantia.barbantia.es\/wp-content\/uploads\/2014\/10\/dicionario-pensamento-2.jpg 450w\" sizes=\"(max-width: 300px) 100vw, 300px\" \/><\/a>M\u00e1is de setecentas p\u00e1xinas para amosar o que somos e o que pensamos, sen complexos, unindo co\u00f1ecemento e capacidade divulgativa. Un grande avance dende o pioneiro volume de 1992 que coordinara X. L. Barreiro, <i>\u00a0O pensamento galego na Historia<\/i>. Como ben di Manuel Rivas Garc\u00eda: \u201cSen incorrer nin en triunfalismos inxenuos nin en derrotismos pesimistas, ofr\u00e9cese as\u00ed&#8230; o panorama amplo e unitario dunha cultura con clara individualidade que, malia lagoas explicables, ofrece esforzos creativos e achegas orixinais.<\/p>\n","protected":false},"excerpt":{"rendered":"<p>Rom\u00e1n Ar\u00e9n. Dende n\u00f3s, mais tam\u00e9n para todos. Urbi et orbi. Andr\u00e9s Torres Queiruga e Manuel Rivas Garc\u00eda coordinaro o Dicionario Enciclopedia do Pensamento Galego (2008, Xerais e Consello da Cultura Galega), coa colaboraci\u00f3n de case cincuenta especialistas. Si, n\u00f3s tam\u00e9n pensamos, dende os sal\u00f3ns universitarios das trincheiras literarias. En lat\u00edn, en galego, en castel\u00e1n, &hellip; <a href=\"http:\/\/cafebarbantia.barbantia.es\/?p=2368\" class=\"more-link\">Seguir lendo <span class=\"screen-reader-text\">Monumentos de tinta II. O pensamento galego<\/span> <span class=\"meta-nav\">&rarr;<\/span><\/a><\/p>\n","protected":false},"author":1,"featured_media":0,"comment_status":"open","ping_status":"closed","sticky":false,"template":"","format":"standard","meta":{"_bbp_topic_count":0,"_bbp_reply_count":0,"_bbp_total_topic_count":0,"_bbp_total_reply_count":0,"_bbp_voice_count":0,"_bbp_anonymous_reply_count":0,"_bbp_topic_count_hidden":0,"_bbp_reply_count_hidden":0,"_bbp_forum_subforum_count":0,"_exactmetrics_skip_tracking":false,"_exactmetrics_sitenote_active":false,"_exactmetrics_sitenote_note":"","_exactmetrics_sitenote_category":0,"_monsterinsights_skip_tracking":false,"_monsterinsights_sitenote_active":false,"_monsterinsights_sitenote_note":"","_monsterinsights_sitenote_category":0},"categories":[7,28],"tags":[],"aioseo_notices":[],"_links":{"self":[{"href":"http:\/\/cafebarbantia.barbantia.es\/index.php?rest_route=\/wp\/v2\/posts\/2368"}],"collection":[{"href":"http:\/\/cafebarbantia.barbantia.es\/index.php?rest_route=\/wp\/v2\/posts"}],"about":[{"href":"http:\/\/cafebarbantia.barbantia.es\/index.php?rest_route=\/wp\/v2\/types\/post"}],"author":[{"embeddable":true,"href":"http:\/\/cafebarbantia.barbantia.es\/index.php?rest_route=\/wp\/v2\/users\/1"}],"replies":[{"embeddable":true,"href":"http:\/\/cafebarbantia.barbantia.es\/index.php?rest_route=%2Fwp%2Fv2%2Fcomments&post=2368"}],"version-history":[{"count":2,"href":"http:\/\/cafebarbantia.barbantia.es\/index.php?rest_route=\/wp\/v2\/posts\/2368\/revisions"}],"predecessor-version":[{"id":2372,"href":"http:\/\/cafebarbantia.barbantia.es\/index.php?rest_route=\/wp\/v2\/posts\/2368\/revisions\/2372"}],"wp:attachment":[{"href":"http:\/\/cafebarbantia.barbantia.es\/index.php?rest_route=%2Fwp%2Fv2%2Fmedia&parent=2368"}],"wp:term":[{"taxonomy":"category","embeddable":true,"href":"http:\/\/cafebarbantia.barbantia.es\/index.php?rest_route=%2Fwp%2Fv2%2Fcategories&post=2368"},{"taxonomy":"post_tag","embeddable":true,"href":"http:\/\/cafebarbantia.barbantia.es\/index.php?rest_route=%2Fwp%2Fv2%2Ftags&post=2368"}],"curies":[{"name":"wp","href":"https:\/\/api.w.org\/{rel}","templated":true}]}}