{"id":2394,"date":"2014-11-10T07:00:44","date_gmt":"2014-11-10T07:00:44","guid":{"rendered":"http:\/\/cafebarbantia.barbantia.es\/?p=2394"},"modified":"2014-11-07T18:22:16","modified_gmt":"2014-11-07T18:22:16","slug":"a-francis-bacon-homenaxe-de-ayaso-ao-pintor-irlandes","status":"publish","type":"post","link":"http:\/\/cafebarbantia.barbantia.es\/?p=2394","title":{"rendered":"\u00abA Francis Bacon\u00bb, homenaxe de Ayaso ao pintor irland\u00e9s"},"content":{"rendered":"<figure id=\"attachment_2395\" aria-describedby=\"caption-attachment-2395\" style=\"width: 221px\" class=\"wp-caption alignleft\"><a href=\"http:\/\/cafebarbantia.barbantia.es\/wp-content\/uploads\/2014\/10\/ayaso.jpg\"><img decoding=\"async\" loading=\"lazy\" class=\"size-medium wp-image-2395 \" alt=\"ayaso\" src=\"http:\/\/cafebarbantia.barbantia.es\/wp-content\/uploads\/2014\/10\/ayaso-221x300.jpg\" width=\"221\" height=\"300\" srcset=\"http:\/\/cafebarbantia.barbantia.es\/wp-content\/uploads\/2014\/10\/ayaso-221x300.jpg 221w, http:\/\/cafebarbantia.barbantia.es\/wp-content\/uploads\/2014\/10\/ayaso.jpg 300w\" sizes=\"(max-width: 221px) 100vw, 221px\" \/><\/a><figcaption id=\"caption-attachment-2395\" class=\"wp-caption-text\">Lenzo homenaxe a Francisco Bacon e a Vel\u00e1zquez<\/figcaption><\/figure>\n<p style=\"text-align: justify;\"><em><strong>Eme Cartea.\u00a0<\/strong><\/em>Sempre a arte se move nas marxes do abraio e a subversi\u00f3n: un voo sen \u00e1s entre o plaxio e a revolta. As\u00ed, o s\u00e9culo XX, coa aparici\u00f3n do daguerrotipo, das novas linguaxes est\u00e9ticas e, sobre todo, da persoal\u00edsima visi\u00f3n do artista, vai trocar o secular compromiso entre modelo e imaxe por xeitos alternativos de representaci\u00f3n do retratado.\u00a0Para Kafka, a fotograf\u00eda \u00e9 ollada superficial que tolda o oculto; s\u00f3 coa axuda do sentimento, m\u00e1is al\u00e1 do parecido e da pel, seremos quen de captar a vida debaixo dun rostro. \u00abTodo retrato pintado con sentimento \u00e9 un retrato do artista, non do modelo\u00bb, dinos O. Wilde, o profeta.<!--more--><\/p>\n<p style=\"text-align: justify;\"><i>A Francis Bacon<\/i>\u00a0\u00e9 unha pintura-homenaxe que Manuel Ayaso ofrece ao pintor irland\u00e9s. Detr\u00e1s, a serie obsesiva duns corenta cadros que Francis Bacon fai do\u00a0<i>Retrato de Inocencio X<\/i>, de Vel\u00e1zquez (para Taine, \u00aba obra mestra de todos os retratos\u00bb), talvez\u00a0<i>troppo vero<\/i>\u00a0pero que capta,\u00a0<i>in fraganti<\/i>, a en\u00e9rxica e receosa psicolox\u00eda do papa. \u00c1 s\u00faa vez, Cervantes insp\u00edrase no modelo papal de Rafael e na t\u00e9cnica de Tiziano. Pura transtextualidade en abismo.<\/p>\n<p style=\"text-align: justify;\">Pero se o retrato perdura no tempo \u00e9 grazas a unha profunda mutaci\u00f3n dram\u00e1tica da s\u00faa esencia: a verdade mim\u00e9tica d\u00e1 paso \u00e1 verdade enmascarada dos espellos c\u00f3ncavos, misteriosa por elocuente.<\/p>\n<p style=\"text-align: justify;\"><a href=\"http:\/\/cafebarbantia.barbantia.es\/wp-content\/uploads\/2014\/11\/ayaso.jpg\"><img decoding=\"async\" loading=\"lazy\" class=\"alignright size-medium wp-image-2427\" alt=\"ayaso\" src=\"http:\/\/cafebarbantia.barbantia.es\/wp-content\/uploads\/2014\/11\/ayaso-300x260.jpg\" width=\"300\" height=\"260\" srcset=\"http:\/\/cafebarbantia.barbantia.es\/wp-content\/uploads\/2014\/11\/ayaso-300x260.jpg 300w, http:\/\/cafebarbantia.barbantia.es\/wp-content\/uploads\/2014\/11\/ayaso.jpg 465w\" sizes=\"(max-width: 300px) 100vw, 300px\" \/><\/a>Para Wilde \u00abunha m\u00e1scara dinos m\u00e1is ca un rostro\u00bb. E un rostro enmascarado? Pois que o importante \u00e9 s\u00f3 visible aos ollos do coraz\u00f3n. Figuras carcasa con rostros \u00abdesfigurados\u00bb, predica a Nova figuraci\u00f3n \u00e1 que se adscriben\u00a0<i>in pectore<\/i>\u00a0Ayaso e Bacon, e que \u00e9 est\u00e9tica da crucifixi\u00f3n e alleamento social.\u00a0<i>Os Inocencios<\/i>\u00a0de Bacon e Ayaso son cr\u00edtica feroz ao poder, caranto\u00f1a e berro angustioso, alienaci\u00f3n e medo. O horror impotente das bocas abertas nas Escaleiras Potemkin de Odesa, ou na fame dun neno.<\/p>\n<p style=\"text-align: justify;\">A animalidade como beleza tr\u00e1xica, monstruosa, deformada, en permanente metamorfose kafkiana, como sa\u00edda das g\u00e1rgolas e capiteis xacobeos. En Ayaso, cada pincelada \u00e9 un rostro emerxente, de animal ou de anxo ca\u00eddo a sa\u00edr do humus fantasmag\u00f3rico da composici\u00f3n.<\/p>\n<p style=\"text-align: justify;\">Vitalistas os dous, fan pintura rebelde contra o esquezo e a morte. Pintura como met\u00e1fora do invisible, que trata de aflorar a trav\u00e9s do hermetismo da m\u00e1scara. Bacon \u00e9 m\u00e1is racionalista; Ayaso \u00e9 m\u00e1is surrealista; os dous son m\u00e1is expresionistas.<\/p>\n<p style=\"text-align: justify;\">A paleta escura e brillante de Bacon \u00e9 en Ayaso o negro azulado con toques vermellos, ocres e rotos; os dous herdan a cor \u00abarbitraria\u00bb de Van Gogh, contrastada e ricaz, creadora de realidade mais non realista. En ambos os dous as \u00abfiguras\u00bb interpelan o sistema nervioso, m\u00e1is ca o cerebro, dende ese primeiro plano herdado da perspectiva teol\u00f3xica.<\/p>\n<p style=\"text-align: justify;\">E m\u00e1is al\u00e1 da homenaxe e da r\u00e9plica, os dous reinterpretan alla sua maniera un modelo, a trav\u00e9s dun mon\u00f3logo dialogado entre d\u00faas est\u00e9ticas: a da ilusi\u00f3n velazque\u00f1a e a da sensaci\u00f3n do s\u00e9culo XX.<\/p>\n<p style=\"text-align: justify;\">Tres obras para a permanencia. Tres Mestres para a historia.<\/p>\n","protected":false},"excerpt":{"rendered":"<p>Eme Cartea.\u00a0Sempre a arte se move nas marxes do abraio e a subversi\u00f3n: un voo sen \u00e1s entre o plaxio e a revolta. As\u00ed, o s\u00e9culo XX, coa aparici\u00f3n do daguerrotipo, das novas linguaxes est\u00e9ticas e, sobre todo, da persoal\u00edsima visi\u00f3n do artista, vai trocar o secular compromiso entre modelo e imaxe por xeitos alternativos &hellip; <a href=\"http:\/\/cafebarbantia.barbantia.es\/?p=2394\" class=\"more-link\">Seguir lendo <span class=\"screen-reader-text\">\u00abA Francis Bacon\u00bb, homenaxe de Ayaso ao pintor irland\u00e9s<\/span> <span class=\"meta-nav\">&rarr;<\/span><\/a><\/p>\n","protected":false},"author":1,"featured_media":0,"comment_status":"open","ping_status":"closed","sticky":false,"template":"","format":"standard","meta":{"_bbp_topic_count":0,"_bbp_reply_count":0,"_bbp_total_topic_count":0,"_bbp_total_reply_count":0,"_bbp_voice_count":0,"_bbp_anonymous_reply_count":0,"_bbp_topic_count_hidden":0,"_bbp_reply_count_hidden":0,"_bbp_forum_subforum_count":0,"_exactmetrics_skip_tracking":false,"_exactmetrics_sitenote_active":false,"_exactmetrics_sitenote_note":"","_exactmetrics_sitenote_category":0,"_monsterinsights_skip_tracking":false,"_monsterinsights_sitenote_active":false,"_monsterinsights_sitenote_note":"","_monsterinsights_sitenote_category":0},"categories":[4,30],"tags":[],"aioseo_notices":[],"_links":{"self":[{"href":"http:\/\/cafebarbantia.barbantia.es\/index.php?rest_route=\/wp\/v2\/posts\/2394"}],"collection":[{"href":"http:\/\/cafebarbantia.barbantia.es\/index.php?rest_route=\/wp\/v2\/posts"}],"about":[{"href":"http:\/\/cafebarbantia.barbantia.es\/index.php?rest_route=\/wp\/v2\/types\/post"}],"author":[{"embeddable":true,"href":"http:\/\/cafebarbantia.barbantia.es\/index.php?rest_route=\/wp\/v2\/users\/1"}],"replies":[{"embeddable":true,"href":"http:\/\/cafebarbantia.barbantia.es\/index.php?rest_route=%2Fwp%2Fv2%2Fcomments&post=2394"}],"version-history":[{"count":2,"href":"http:\/\/cafebarbantia.barbantia.es\/index.php?rest_route=\/wp\/v2\/posts\/2394\/revisions"}],"predecessor-version":[{"id":2428,"href":"http:\/\/cafebarbantia.barbantia.es\/index.php?rest_route=\/wp\/v2\/posts\/2394\/revisions\/2428"}],"wp:attachment":[{"href":"http:\/\/cafebarbantia.barbantia.es\/index.php?rest_route=%2Fwp%2Fv2%2Fmedia&parent=2394"}],"wp:term":[{"taxonomy":"category","embeddable":true,"href":"http:\/\/cafebarbantia.barbantia.es\/index.php?rest_route=%2Fwp%2Fv2%2Fcategories&post=2394"},{"taxonomy":"post_tag","embeddable":true,"href":"http:\/\/cafebarbantia.barbantia.es\/index.php?rest_route=%2Fwp%2Fv2%2Ftags&post=2394"}],"curies":[{"name":"wp","href":"https:\/\/api.w.org\/{rel}","templated":true}]}}