{"id":2438,"date":"2014-11-12T07:00:21","date_gmt":"2014-11-12T07:00:21","guid":{"rendered":"http:\/\/cafebarbantia.barbantia.es\/?p=2438"},"modified":"2014-11-11T17:58:36","modified_gmt":"2014-11-11T17:58:36","slug":"poesia-e-sangue-unha-experiencia","status":"publish","type":"post","link":"http:\/\/cafebarbantia.barbantia.es\/?p=2438","title":{"rendered":"Poes\u00eda e sangue. Unha experiencia."},"content":{"rendered":"<p style=\"text-align: justify;\"><a href=\"http:\/\/cafebarbantia.barbantia.es\/wp-content\/uploads\/2014\/11\/A_memoria_da_choiva700pxalto.jpg\"><img decoding=\"async\" loading=\"lazy\" class=\"alignleft size-medium wp-image-2439\" alt=\"A_memoria_da_choiva700pxalto\" src=\"http:\/\/cafebarbantia.barbantia.es\/wp-content\/uploads\/2014\/11\/A_memoria_da_choiva700pxalto-198x300.jpg\" width=\"198\" height=\"300\" srcset=\"http:\/\/cafebarbantia.barbantia.es\/wp-content\/uploads\/2014\/11\/A_memoria_da_choiva700pxalto-198x300.jpg 198w, http:\/\/cafebarbantia.barbantia.es\/wp-content\/uploads\/2014\/11\/A_memoria_da_choiva700pxalto.jpg 462w\" sizes=\"(max-width: 198px) 100vw, 198px\" \/><\/a><em><strong>Ux\u00eda Casal.\u00a0<\/strong><\/em>\u00c1 marxe de sensibilidades, coido que o que buscamos nos libros que lemos \u00e9 que nos sorprendan dun ou doutro xeito. Tanto ten o x\u00e9nero ou subx\u00e9nero que se escolla; o importante \u00e9 notar ese impacto que, coma un sopapo, nos sacuda e nos encha os sentidos dese pracer que s\u00f3 as palabras poden achegar. Por iso resultoume tan pracenteira a lectura de <i>A memoria da choiva<\/i> de Pedro Feijoo; xa na primeira parte fun sentindo como me medraba unha especie de euforia exultante por atoparme diante dunha novela negra (\u00e1 que son moi afeccionada) diferente, a\u00ednda que a palabra <i>diferente <\/i>por si soa non queira dicir demasiado.<!--more--><\/p>\n<p style=\"text-align: justify;\">\u00a0\u00a0\u00a0\u00a0\u00a0 Estamos ante un asasino en serie que lles anuncia \u00e1s v\u00edctimas a s\u00faa morte mediante cadanseu poema de Rosal\u00eda, e abof\u00e9 que estarrece a brutalidade dos crimes baseados nas m\u00e1goas da poeta. O que nun principio coidamos dores da alma conv\u00e9rtense en dores f\u00edsicas e reais que baten co seu horror os ollos desta lectora, afeita como est\u00e1 a ler novelas do subx\u00e9nero, por veces truculentas at\u00e9 a n\u00e1usea. Pero iso non abonda para sorprender. A orixinalidade de Feijoo por descubrirnos outro xeito de entender os poemas rosalianos (o que implica unha exhaustiva documentaci\u00f3n previa, tanto da obra como da vida da poeta), a s\u00faa imaxinaci\u00f3n, van unidas \u00e1 calidade literaria, un ritmo axil\u00edsimo e un avance da acci\u00f3n que deixan sen alento. <a href=\"http:\/\/cafebarbantia.barbantia.es\/wp-content\/uploads\/2014\/11\/pedro-feijoo.jpg\"><img decoding=\"async\" loading=\"lazy\" class=\"alignright size-medium wp-image-2440\" alt=\"pedro feijoo\" src=\"http:\/\/cafebarbantia.barbantia.es\/wp-content\/uploads\/2014\/11\/pedro-feijoo-300x200.jpg\" width=\"300\" height=\"200\" srcset=\"http:\/\/cafebarbantia.barbantia.es\/wp-content\/uploads\/2014\/11\/pedro-feijoo-300x200.jpg 300w, http:\/\/cafebarbantia.barbantia.es\/wp-content\/uploads\/2014\/11\/pedro-feijoo-1024x682.jpg 1024w, http:\/\/cafebarbantia.barbantia.es\/wp-content\/uploads\/2014\/11\/pedro-feijoo-900x600.jpg 900w, http:\/\/cafebarbantia.barbantia.es\/wp-content\/uploads\/2014\/11\/pedro-feijoo.jpg 1200w\" sizes=\"(max-width: 300px) 100vw, 300px\" \/><\/a>A variedade de escenarios e de personaxes, o manexo dos mesmos por parte do autor, a s\u00faa caracterizaci\u00f3n, as s\u00faas reflexi\u00f3ns&#8230;, todo se une nun conxunto que acada o que calquera bo escritor quere conseguir: entreter o lector, procurarlle pracer e deixalo, unha vez rematada a obra, coa necesidade de mirar de novo a foto de quen a fixo posible, se cadra para comprobar que existe de verdade.<\/p>\n<p style=\"text-align: justify;\">\u00a0\u00a0\u00a0\u00a0\u00a0 Non \u00e9 doado atopar novela negra en galego que re\u00fana esas calidades. Pedro Feijoo achou a chave m\u00e1xica. A mi\u00f1a admiraci\u00f3n, se\u00f1or Feijoo.<\/p>\n<p>&nbsp;<\/p>\n","protected":false},"excerpt":{"rendered":"<p>Ux\u00eda Casal.\u00a0\u00c1 marxe de sensibilidades, coido que o que buscamos nos libros que lemos \u00e9 que nos sorprendan dun ou doutro xeito. Tanto ten o x\u00e9nero ou subx\u00e9nero que se escolla; o importante \u00e9 notar ese impacto que, coma un sopapo, nos sacuda e nos encha os sentidos dese pracer que s\u00f3 as palabras poden &hellip; <a href=\"http:\/\/cafebarbantia.barbantia.es\/?p=2438\" class=\"more-link\">Seguir lendo <span class=\"screen-reader-text\">Poes\u00eda e sangue. Unha experiencia.<\/span> <span class=\"meta-nav\">&rarr;<\/span><\/a><\/p>\n","protected":false},"author":1,"featured_media":0,"comment_status":"open","ping_status":"closed","sticky":false,"template":"","format":"standard","meta":{"_bbp_topic_count":0,"_bbp_reply_count":0,"_bbp_total_topic_count":0,"_bbp_total_reply_count":0,"_bbp_voice_count":0,"_bbp_anonymous_reply_count":0,"_bbp_topic_count_hidden":0,"_bbp_reply_count_hidden":0,"_bbp_forum_subforum_count":0,"_exactmetrics_skip_tracking":false,"_exactmetrics_sitenote_active":false,"_exactmetrics_sitenote_note":"","_exactmetrics_sitenote_category":0,"_monsterinsights_skip_tracking":false,"_monsterinsights_sitenote_active":false,"_monsterinsights_sitenote_note":"","_monsterinsights_sitenote_category":0},"categories":[9,19],"tags":[],"aioseo_notices":[],"_links":{"self":[{"href":"http:\/\/cafebarbantia.barbantia.es\/index.php?rest_route=\/wp\/v2\/posts\/2438"}],"collection":[{"href":"http:\/\/cafebarbantia.barbantia.es\/index.php?rest_route=\/wp\/v2\/posts"}],"about":[{"href":"http:\/\/cafebarbantia.barbantia.es\/index.php?rest_route=\/wp\/v2\/types\/post"}],"author":[{"embeddable":true,"href":"http:\/\/cafebarbantia.barbantia.es\/index.php?rest_route=\/wp\/v2\/users\/1"}],"replies":[{"embeddable":true,"href":"http:\/\/cafebarbantia.barbantia.es\/index.php?rest_route=%2Fwp%2Fv2%2Fcomments&post=2438"}],"version-history":[{"count":1,"href":"http:\/\/cafebarbantia.barbantia.es\/index.php?rest_route=\/wp\/v2\/posts\/2438\/revisions"}],"predecessor-version":[{"id":2441,"href":"http:\/\/cafebarbantia.barbantia.es\/index.php?rest_route=\/wp\/v2\/posts\/2438\/revisions\/2441"}],"wp:attachment":[{"href":"http:\/\/cafebarbantia.barbantia.es\/index.php?rest_route=%2Fwp%2Fv2%2Fmedia&parent=2438"}],"wp:term":[{"taxonomy":"category","embeddable":true,"href":"http:\/\/cafebarbantia.barbantia.es\/index.php?rest_route=%2Fwp%2Fv2%2Fcategories&post=2438"},{"taxonomy":"post_tag","embeddable":true,"href":"http:\/\/cafebarbantia.barbantia.es\/index.php?rest_route=%2Fwp%2Fv2%2Ftags&post=2438"}],"curies":[{"name":"wp","href":"https:\/\/api.w.org\/{rel}","templated":true}]}}