{"id":2456,"date":"2014-11-19T07:00:53","date_gmt":"2014-11-19T07:00:53","guid":{"rendered":"http:\/\/cafebarbantia.barbantia.es\/?p=2456"},"modified":"2014-11-16T23:17:28","modified_gmt":"2014-11-16T23:17:28","slug":"dende-o-conflito-de-maria-reimondez","status":"publish","type":"post","link":"http:\/\/cafebarbantia.barbantia.es\/?p=2456","title":{"rendered":"Dende o conflito, de Mar\u00eda Reim\u00f3ndez"},"content":{"rendered":"<p style=\"text-align: justify;\"><em><strong><a href=\"http:\/\/cafebarbantia.barbantia.es\/wp-content\/uploads\/2014\/11\/dende-o-conflito.jpg\"><img decoding=\"async\" loading=\"lazy\" class=\"alignright size-medium wp-image-2457\" alt=\"dende o conflito\" src=\"http:\/\/cafebarbantia.barbantia.es\/wp-content\/uploads\/2014\/11\/dende-o-conflito-198x300.jpg\" width=\"198\" height=\"300\" srcset=\"http:\/\/cafebarbantia.barbantia.es\/wp-content\/uploads\/2014\/11\/dende-o-conflito-198x300.jpg 198w, http:\/\/cafebarbantia.barbantia.es\/wp-content\/uploads\/2014\/11\/dende-o-conflito.jpg 200w\" sizes=\"(max-width: 198px) 100vw, 198px\" \/><\/a>Mar\u00eda Xes\u00fas Blanco.\u00a0<\/strong><\/em>En <i>Dende o conflito <\/i>(Novela merecedora do Premio Xerais 2014) a escritora lucense Mar\u00eda Reim\u00f3ndez, autora de obras reco\u00f1ecidas e galardoadas como <i>O club da calceta, O caderno de\u00a0 Bit\u00e1cora,<\/i> <i>Usha<\/i> ou <i>A d\u00fabida<\/i>, artella un escenario poli\u00e9drico arredor da traxectoria vital dunha reporteira galega que informa sobre situaci\u00f3ns de conflito para a BBC. Cunha prosa \u00e1xil e transparente, a trama l\u00e9vanos por territorios como Kigali, Bagdad, Addis Abeba, Afganist\u00e1n, Sri Lanka ou Porto Pr\u00edncipe. M\u00e1is tam\u00e9n a espazos m\u00e1is pr\u00f3ximos nos afectos, como Londres, Berl\u00edn, Compostela ou Vilalba. <!--more-->Lugares que, dun xeito paradoxal, amosar\u00e1n a faciana m\u00e1is fr\u00e1xil e apaixonada da protagonista e aos que retornar\u00e1 con frecuencia, en definitiva, para coller folgos e sentir a calor e a amizade dos seus.<\/p>\n<p style=\"text-align: justify;\">Estamos ante un xeito de contar que zumega emoci\u00f3n e que convida a reflexionar. Como case todo o que escribe Mar\u00eda Reim\u00f3ndez. E que, m\u00e1is al\u00e1 de contar feitos estremecedores, afonda nas raz\u00f3ns do que acontece cuestionando alg\u00fans aspectos do noso tempo a trav\u00e9s dunha xornalista, que pese aos atrancos e as dificultades por ser muller, ergue a s\u00faa voz para que outras e outros tam\u00e9n o poidan facer. Asemade, a presenza de personaxes diversas e a mestura de diferentes rexistros narrativos como di\u00e1logos, cr\u00f3nica xornal\u00edstica, cartas, pequenas historias ou correos electr\u00f3nicos conforman unha magn\u00edfica proposta narrativa.<\/p>\n<p style=\"text-align: justify;\"><a href=\"http:\/\/cafebarbantia.barbantia.es\/wp-content\/uploads\/2014\/11\/Maria_Reimondez.jpg\"><img decoding=\"async\" loading=\"lazy\" class=\"alignleft size-medium wp-image-2458\" alt=\"Maria_Reimondez\" src=\"http:\/\/cafebarbantia.barbantia.es\/wp-content\/uploads\/2014\/11\/Maria_Reimondez-300x277.jpg\" width=\"300\" height=\"277\" srcset=\"http:\/\/cafebarbantia.barbantia.es\/wp-content\/uploads\/2014\/11\/Maria_Reimondez-300x277.jpg 300w, http:\/\/cafebarbantia.barbantia.es\/wp-content\/uploads\/2014\/11\/Maria_Reimondez-1024x946.jpg 1024w, http:\/\/cafebarbantia.barbantia.es\/wp-content\/uploads\/2014\/11\/Maria_Reimondez-900x832.jpg 900w\" sizes=\"(max-width: 300px) 100vw, 300px\" \/><\/a>Moi interesantes os fragmentos de textos de \u00edndole xornal\u00edstico ao longo da novela de reco\u00f1ecidas reporteiras de guerra como Mari Calvin, Lara Logan, Martha Gellhorn ou Sof\u00eda Casanova, que celebran \u00e1s mulleres que foron, e que son quen de tomar posici\u00f3n e de escribir a verdade sobre situaci\u00f3ns de conflito para dar luz como ben di a protagonista \u201c\u00e1s ra\u00edces das guerras que levan por diante as vidas das persoas que queremos e daquelas que non co\u00f1ecemos pero \u00e1s que nos une a m\u00e1is b\u00e1sica humanidade\u201d.<\/p>\n<p style=\"text-align: justify;\">Unha novela dende o conflito e sobre a maneira de facer xornalismo, dende a invisibilidade e sobre a urxencia de constru\u00edr afectos e de tender pontes para transformar a sociedade. Un xeito de facer literatura\u00a0 que doe e que fai gozar, e que agasalla ao lector cunha lectura intensa e pouco convencional.<\/p>\n","protected":false},"excerpt":{"rendered":"<p>Mar\u00eda Xes\u00fas Blanco.\u00a0En Dende o conflito (Novela merecedora do Premio Xerais 2014) a escritora lucense Mar\u00eda Reim\u00f3ndez, autora de obras reco\u00f1ecidas e galardoadas como O club da calceta, O caderno de\u00a0 Bit\u00e1cora, Usha ou A d\u00fabida, artella un escenario poli\u00e9drico arredor da traxectoria vital dunha reporteira galega que informa sobre situaci\u00f3ns de conflito para a &hellip; <a href=\"http:\/\/cafebarbantia.barbantia.es\/?p=2456\" class=\"more-link\">Seguir lendo <span class=\"screen-reader-text\">Dende o conflito, de Mar\u00eda Reim\u00f3ndez<\/span> <span class=\"meta-nav\">&rarr;<\/span><\/a><\/p>\n","protected":false},"author":1,"featured_media":0,"comment_status":"open","ping_status":"closed","sticky":false,"template":"","format":"standard","meta":{"_bbp_topic_count":0,"_bbp_reply_count":0,"_bbp_total_topic_count":0,"_bbp_total_reply_count":0,"_bbp_voice_count":0,"_bbp_anonymous_reply_count":0,"_bbp_topic_count_hidden":0,"_bbp_reply_count_hidden":0,"_bbp_forum_subforum_count":0,"_exactmetrics_skip_tracking":false,"_exactmetrics_sitenote_active":false,"_exactmetrics_sitenote_note":"","_exactmetrics_sitenote_category":0,"_monsterinsights_skip_tracking":false,"_monsterinsights_sitenote_active":false,"_monsterinsights_sitenote_note":"","_monsterinsights_sitenote_category":0},"categories":[38,9],"tags":[],"aioseo_notices":[],"_links":{"self":[{"href":"http:\/\/cafebarbantia.barbantia.es\/index.php?rest_route=\/wp\/v2\/posts\/2456"}],"collection":[{"href":"http:\/\/cafebarbantia.barbantia.es\/index.php?rest_route=\/wp\/v2\/posts"}],"about":[{"href":"http:\/\/cafebarbantia.barbantia.es\/index.php?rest_route=\/wp\/v2\/types\/post"}],"author":[{"embeddable":true,"href":"http:\/\/cafebarbantia.barbantia.es\/index.php?rest_route=\/wp\/v2\/users\/1"}],"replies":[{"embeddable":true,"href":"http:\/\/cafebarbantia.barbantia.es\/index.php?rest_route=%2Fwp%2Fv2%2Fcomments&post=2456"}],"version-history":[{"count":1,"href":"http:\/\/cafebarbantia.barbantia.es\/index.php?rest_route=\/wp\/v2\/posts\/2456\/revisions"}],"predecessor-version":[{"id":2459,"href":"http:\/\/cafebarbantia.barbantia.es\/index.php?rest_route=\/wp\/v2\/posts\/2456\/revisions\/2459"}],"wp:attachment":[{"href":"http:\/\/cafebarbantia.barbantia.es\/index.php?rest_route=%2Fwp%2Fv2%2Fmedia&parent=2456"}],"wp:term":[{"taxonomy":"category","embeddable":true,"href":"http:\/\/cafebarbantia.barbantia.es\/index.php?rest_route=%2Fwp%2Fv2%2Fcategories&post=2456"},{"taxonomy":"post_tag","embeddable":true,"href":"http:\/\/cafebarbantia.barbantia.es\/index.php?rest_route=%2Fwp%2Fv2%2Ftags&post=2456"}],"curies":[{"name":"wp","href":"https:\/\/api.w.org\/{rel}","templated":true}]}}