{"id":255,"date":"2013-12-31T10:39:35","date_gmt":"2013-12-31T10:39:35","guid":{"rendered":"http:\/\/cafebarbantia.barbantia.es\/?p=255"},"modified":"2014-01-21T09:43:55","modified_gmt":"2014-01-21T09:43:55","slug":"os-hologramas-da-lua","status":"publish","type":"post","link":"http:\/\/cafebarbantia.barbantia.es\/?p=255","title":{"rendered":"Os hologramas da l\u00faa"},"content":{"rendered":"<p style=\"text-align: justify;\"><b><i><a href=\"http:\/\/cafebarbantia.barbantia.es\/wp-content\/uploads\/2013\/12\/A-LUA-DA-COLLEITA.jpg\"><img decoding=\"async\" loading=\"lazy\" class=\"alignleft  wp-image-256\" alt=\"A LUA DA COLLEITA\" src=\"http:\/\/cafebarbantia.barbantia.es\/wp-content\/uploads\/2013\/12\/A-LUA-DA-COLLEITA-193x300.jpg\" width=\"149\" height=\"231\" srcset=\"http:\/\/cafebarbantia.barbantia.es\/wp-content\/uploads\/2013\/12\/A-LUA-DA-COLLEITA-193x300.jpg 193w, http:\/\/cafebarbantia.barbantia.es\/wp-content\/uploads\/2013\/12\/A-LUA-DA-COLLEITA.jpg 472w\" sizes=\"(max-width: 149px) 100vw, 149px\" \/><\/a>Ant\u00f3n Riveiro Coello.<\/i><\/b> Non \u00e9 Anxos Sumai unha autora que se prodigue demasiado, mais cando o fai somos moitos os que celebramos a aparici\u00f3n dos seus libros. <i>Anxos da garda, Melod\u00eda de d\u00edas usados <\/i>ou<i> As\u00ed nacen as baleas<\/i> son libros cos que a autora foi conquistando un lugar destacado nas nosas letras e no coraz\u00f3n dos lectores. Desta volta, o Nadal tr\u00f3uxonos esta turbadora <i>A l\u00faa da colleita <\/i>(Editorial Galaxia, 244 p\u00e1x.), merecente do XXV Premio de Novela Manuel Garc\u00eda Barros, e que acontece, na s\u00faa maior parte, ao p\u00e9 do r\u00edo Ulla, xusto nun lugar onde o r\u00edo cambia de x\u00e9nero e se funde na r\u00eda de Arousa, como a mesma autora di.\u00a0<!--more-->Nuria, a protagonista da novela \u00e9 un ser m\u00faltiple, que volve a estas terras para descansar, para esconxurar as sombras, para deixar de ser outras e encontrarse, refundirse nunha soa.\u00a0E sobre estes vimbios tan crebadizos a autora \u00e9 quen de cami\u00f1ar, asumindo os riscos e o perigo da ca\u00edda, pero Anxos ten oficio dabondo non s\u00f3 para sa\u00edr airosa do intento sen\u00f3n para colocarnos aos lectores no mesmo arame da protagonista e facernos atravesar a novela coma fun\u00e1mbulos ao p\u00e9 dun cantil. Vela\u00ed o m\u00e1is sorprendente desta novela psicol\u00f3xica e inquietante: a capacidade de entrar(mos) nos escuros mecanismos dunha mente esquizofr\u00e9nica e apalpar as s\u00faas emoci\u00f3ns, a s\u00faa fraxilidade, os seus medos, as s\u00faas obsesi\u00f3ns, os seus desconcertos. Anxos Sumai disp\u00f3n o material con tal audacia que por veces somos os lectores, e non a protagonista, os que vemos ese mundo en <i>hologramas<\/i>, en secuencias distorsionadas, en desacougantes e memorables so\u00f1os, coma os dos nenos do autob\u00fas.<a href=\"http:\/\/cafebarbantia.barbantia.es\/wp-content\/uploads\/2013\/12\/a-l\u00faa-da-colleita-lapela.jpg\"><img decoding=\"async\" loading=\"lazy\" class=\"alignright size-full wp-image-257\" alt=\"a l\u00faa da colleita lapela\" src=\"http:\/\/cafebarbantia.barbantia.es\/wp-content\/uploads\/2013\/12\/a-l\u00faa-da-colleita-lapela.jpg\" width=\"300\" height=\"166\" \/><\/a> Ten a novela moit\u00edsimos m\u00e1is engados, personaxes complexos dese\u00f1ados cunha \u00f3ptica impresionista, temas transcendentes como a necesidade de amar, a sensibilidade art\u00edstica, a angustia creadora, a diferente percepci\u00f3n do tempo e do espazo e, sobre todo, o exquisito lirismo que percorre con naturalidade as m\u00e1is das p\u00e1xinas desta novela intelixente, arriscada e reveladora.<\/p>\n","protected":false},"excerpt":{"rendered":"<p>Ant\u00f3n Riveiro Coello. Non \u00e9 Anxos Sumai unha autora que se prodigue demasiado, mais cando o fai somos moitos os que celebramos a aparici\u00f3n dos seus libros. Anxos da garda, Melod\u00eda de d\u00edas usados ou As\u00ed nacen as baleas son libros cos que a autora foi conquistando un lugar destacado nas nosas letras e no &hellip; <a href=\"http:\/\/cafebarbantia.barbantia.es\/?p=255\" class=\"more-link\">Seguir lendo <span class=\"screen-reader-text\">Os hologramas da l\u00faa<\/span> <span class=\"meta-nav\">&rarr;<\/span><\/a><\/p>\n","protected":false},"author":1,"featured_media":0,"comment_status":"open","ping_status":"closed","sticky":false,"template":"","format":"standard","meta":{"_bbp_topic_count":0,"_bbp_reply_count":0,"_bbp_total_topic_count":0,"_bbp_total_reply_count":0,"_bbp_voice_count":0,"_bbp_anonymous_reply_count":0,"_bbp_topic_count_hidden":0,"_bbp_reply_count_hidden":0,"_bbp_forum_subforum_count":0,"_exactmetrics_skip_tracking":false,"_exactmetrics_sitenote_active":false,"_exactmetrics_sitenote_note":"","_exactmetrics_sitenote_category":0,"_monsterinsights_skip_tracking":false,"_monsterinsights_sitenote_active":false,"_monsterinsights_sitenote_note":"","_monsterinsights_sitenote_category":0},"categories":[13,9],"tags":[],"aioseo_notices":[],"_links":{"self":[{"href":"http:\/\/cafebarbantia.barbantia.es\/index.php?rest_route=\/wp\/v2\/posts\/255"}],"collection":[{"href":"http:\/\/cafebarbantia.barbantia.es\/index.php?rest_route=\/wp\/v2\/posts"}],"about":[{"href":"http:\/\/cafebarbantia.barbantia.es\/index.php?rest_route=\/wp\/v2\/types\/post"}],"author":[{"embeddable":true,"href":"http:\/\/cafebarbantia.barbantia.es\/index.php?rest_route=\/wp\/v2\/users\/1"}],"replies":[{"embeddable":true,"href":"http:\/\/cafebarbantia.barbantia.es\/index.php?rest_route=%2Fwp%2Fv2%2Fcomments&post=255"}],"version-history":[{"count":8,"href":"http:\/\/cafebarbantia.barbantia.es\/index.php?rest_route=\/wp\/v2\/posts\/255\/revisions"}],"predecessor-version":[{"id":334,"href":"http:\/\/cafebarbantia.barbantia.es\/index.php?rest_route=\/wp\/v2\/posts\/255\/revisions\/334"}],"wp:attachment":[{"href":"http:\/\/cafebarbantia.barbantia.es\/index.php?rest_route=%2Fwp%2Fv2%2Fmedia&parent=255"}],"wp:term":[{"taxonomy":"category","embeddable":true,"href":"http:\/\/cafebarbantia.barbantia.es\/index.php?rest_route=%2Fwp%2Fv2%2Fcategories&post=255"},{"taxonomy":"post_tag","embeddable":true,"href":"http:\/\/cafebarbantia.barbantia.es\/index.php?rest_route=%2Fwp%2Fv2%2Ftags&post=255"}],"curies":[{"name":"wp","href":"https:\/\/api.w.org\/{rel}","templated":true}]}}