{"id":2555,"date":"2014-12-10T07:00:43","date_gmt":"2014-12-10T07:00:43","guid":{"rendered":"http:\/\/cafebarbantia.barbantia.es\/?p=2555"},"modified":"2014-12-08T09:36:55","modified_gmt":"2014-12-08T09:36:55","slug":"resistencia-cotia","status":"publish","type":"post","link":"http:\/\/cafebarbantia.barbantia.es\/?p=2555","title":{"rendered":"Resistencia coti\u00e1"},"content":{"rendered":"<p style=\"text-align: justify;\"><a href=\"http:\/\/cafebarbantia.barbantia.es\/wp-content\/uploads\/2014\/11\/nadal-ver\u00e1n.jpg\"><img decoding=\"async\" loading=\"lazy\" class=\"size-medium wp-image-2556 alignleft\" alt=\"nadal ver\u00e1n\" src=\"http:\/\/cafebarbantia.barbantia.es\/wp-content\/uploads\/2014\/11\/nadal-ver\u00e1n-200x300.jpg\" width=\"200\" height=\"300\" srcset=\"http:\/\/cafebarbantia.barbantia.es\/wp-content\/uploads\/2014\/11\/nadal-ver\u00e1n-200x300.jpg 200w, http:\/\/cafebarbantia.barbantia.es\/wp-content\/uploads\/2014\/11\/nadal-ver\u00e1n.jpg 500w\" sizes=\"(max-width: 200px) 100vw, 200px\" \/><\/a><em><strong>Mar\u00eda Xes\u00fas Blanco.\u00a0<\/strong><\/em>Hai unhas semanas, cando a roupa de ver\u00e1n segu\u00eda leda nos armarios e os term\u00f3metros das nosas casas marcaban temperaturas inusuais de outono, m\u00e1is ben propias do ver\u00e1n, os andeis dos supermercados comezaban a encherse de produtos do Nadal. Parec\u00eda que desta vez os estrategos do consumo decidiran adiantar a campa\u00f1a de vendas a\u00ednda m\u00e1is que en anos anteriores. E fac\u00edano con sixilo, e a traiz\u00f3n, sen ru\u00eddos nin anuncios publicitarios.\u00a0Lembro ben aquela tarde, nos \u00faltimos d\u00edas de outubro, cando empurraba co meu fillo o carro da compra nun establecemento comercial da comarca. De s\u00fapeto, os dous quedamos apampados no medio do corredor diante dunha fila de doces t\u00edpicos para esas datas. <!--more-->Confuso e sorprendido, o neno deu un brinco e preguntoume por que hab\u00eda tantas caixas de turr\u00f3n se a\u00ednda faltaba moito para que vi\u00f1esen os Reis Magos.<\/p>\n<p style=\"text-align: justify;\">Sen contestar, inviteino a mirar a lista da compra para saber que direcci\u00f3n coller. De primeiro, leu en voz alta, seis cart\u00f3ns de zume e d\u00faas caixas de leite. Pero coma un foguete levoume a onde el cr\u00eda que estaban os chocolates e as galletas de canela. E atop\u00e1monos, outra vez, con varios andeis de xoguetes e de adob\u00edos de Nadal. Desta vez non lle fixo ningunha graza que as s\u00faas lambetadas favoritas fosen cambiadas de sitio por mor de ofrecer outros produtos, que para a mi\u00f1a sorpresa, non espertaron nel ning\u00fan interese.<\/p>\n<p style=\"text-align: justify;\"><a href=\"http:\/\/cafebarbantia.barbantia.es\/wp-content\/uploads\/2014\/11\/nadal-ver\u00e1n-2.jpeg\"><img decoding=\"async\" loading=\"lazy\" class=\"size-medium wp-image-2557 alignright\" alt=\"dv1849001\" src=\"http:\/\/cafebarbantia.barbantia.es\/wp-content\/uploads\/2014\/11\/nadal-ver\u00e1n-2-300x199.jpeg\" width=\"300\" height=\"199\" srcset=\"http:\/\/cafebarbantia.barbantia.es\/wp-content\/uploads\/2014\/11\/nadal-ver\u00e1n-2-300x199.jpeg 300w, http:\/\/cafebarbantia.barbantia.es\/wp-content\/uploads\/2014\/11\/nadal-ver\u00e1n-2.jpeg 499w\" sizes=\"(max-width: 300px) 100vw, 300px\" \/><\/a>Decidida, prendino da man e pensei que para todo hai unha primeira vez. Fariamos a compra por Internet. Cando subimos ao coche sent\u00edn a ledicia de saber que desta volta os estrategos do consumo m\u00e1is voraz provocaran a indiferenza nunha perso\u00ed\u00f1a tan vulnerable coma un meni\u00f1o de oito anos. Mais tam\u00e9n a indignaci\u00f3n de co\u00f1ecer a carraxe e o desasosego que vivir\u00edan moitas familias que non poden permitirse ning\u00fan exceso nestes tempos.<\/p>\n<p style=\"text-align: justify;\">E neste outono, que xa zumega fr\u00edo e choiva, sei que as r\u00faas olen a casta\u00f1as asadas e a cogomelos silvestres. E que os armarios cheos de roupa de abrigo presenten un inverno duro e o bulicio das novas datas.<\/p>\n<p style=\"text-align: justify;\">Pero, abof\u00e9!, d\u00edgolles que non entrei nun supermercado dende hai semanas.<\/p>\n","protected":false},"excerpt":{"rendered":"<p>Mar\u00eda Xes\u00fas Blanco.\u00a0Hai unhas semanas, cando a roupa de ver\u00e1n segu\u00eda leda nos armarios e os term\u00f3metros das nosas casas marcaban temperaturas inusuais de outono, m\u00e1is ben propias do ver\u00e1n, os andeis dos supermercados comezaban a encherse de produtos do Nadal. Parec\u00eda que desta vez os estrategos do consumo decidiran adiantar a campa\u00f1a de vendas &hellip; <a href=\"http:\/\/cafebarbantia.barbantia.es\/?p=2555\" class=\"more-link\">Seguir lendo <span class=\"screen-reader-text\">Resistencia coti\u00e1<\/span> <span class=\"meta-nav\">&rarr;<\/span><\/a><\/p>\n","protected":false},"author":1,"featured_media":0,"comment_status":"open","ping_status":"closed","sticky":false,"template":"","format":"standard","meta":{"_bbp_topic_count":0,"_bbp_reply_count":0,"_bbp_total_topic_count":0,"_bbp_total_reply_count":0,"_bbp_voice_count":0,"_bbp_anonymous_reply_count":0,"_bbp_topic_count_hidden":0,"_bbp_reply_count_hidden":0,"_bbp_forum_subforum_count":0,"_exactmetrics_skip_tracking":false,"_exactmetrics_sitenote_active":false,"_exactmetrics_sitenote_note":"","_exactmetrics_sitenote_category":0,"_monsterinsights_skip_tracking":false,"_monsterinsights_sitenote_active":false,"_monsterinsights_sitenote_note":"","_monsterinsights_sitenote_category":0},"categories":[7,38,9],"tags":[],"aioseo_notices":[],"_links":{"self":[{"href":"http:\/\/cafebarbantia.barbantia.es\/index.php?rest_route=\/wp\/v2\/posts\/2555"}],"collection":[{"href":"http:\/\/cafebarbantia.barbantia.es\/index.php?rest_route=\/wp\/v2\/posts"}],"about":[{"href":"http:\/\/cafebarbantia.barbantia.es\/index.php?rest_route=\/wp\/v2\/types\/post"}],"author":[{"embeddable":true,"href":"http:\/\/cafebarbantia.barbantia.es\/index.php?rest_route=\/wp\/v2\/users\/1"}],"replies":[{"embeddable":true,"href":"http:\/\/cafebarbantia.barbantia.es\/index.php?rest_route=%2Fwp%2Fv2%2Fcomments&post=2555"}],"version-history":[{"count":2,"href":"http:\/\/cafebarbantia.barbantia.es\/index.php?rest_route=\/wp\/v2\/posts\/2555\/revisions"}],"predecessor-version":[{"id":2589,"href":"http:\/\/cafebarbantia.barbantia.es\/index.php?rest_route=\/wp\/v2\/posts\/2555\/revisions\/2589"}],"wp:attachment":[{"href":"http:\/\/cafebarbantia.barbantia.es\/index.php?rest_route=%2Fwp%2Fv2%2Fmedia&parent=2555"}],"wp:term":[{"taxonomy":"category","embeddable":true,"href":"http:\/\/cafebarbantia.barbantia.es\/index.php?rest_route=%2Fwp%2Fv2%2Fcategories&post=2555"},{"taxonomy":"post_tag","embeddable":true,"href":"http:\/\/cafebarbantia.barbantia.es\/index.php?rest_route=%2Fwp%2Fv2%2Ftags&post=2555"}],"curies":[{"name":"wp","href":"https:\/\/api.w.org\/{rel}","templated":true}]}}