{"id":2725,"date":"2015-01-10T07:00:21","date_gmt":"2015-01-10T07:00:21","guid":{"rendered":"http:\/\/cafebarbantia.barbantia.es\/?p=2725"},"modified":"2015-01-05T19:13:44","modified_gmt":"2015-01-05T19:13:44","slug":"sombrio-embruxo","status":"publish","type":"post","link":"http:\/\/cafebarbantia.barbantia.es\/?p=2725","title":{"rendered":"Sombr\u00edo embruxo"},"content":{"rendered":"<p style=\"text-align: justify;\"><a href=\"http:\/\/cafebarbantia.barbantia.es\/wp-content\/uploads\/2015\/01\/la\u00f1as2.jpg\"><img decoding=\"async\" loading=\"lazy\" class=\"size-medium wp-image-2726 alignleft\" alt=\"la\u00f1as2\" src=\"http:\/\/cafebarbantia.barbantia.es\/wp-content\/uploads\/2015\/01\/la\u00f1as2-300x225.jpg\" width=\"300\" height=\"225\" srcset=\"http:\/\/cafebarbantia.barbantia.es\/wp-content\/uploads\/2015\/01\/la\u00f1as2-300x225.jpg 300w, http:\/\/cafebarbantia.barbantia.es\/wp-content\/uploads\/2015\/01\/la\u00f1as2-900x675.jpg 900w, http:\/\/cafebarbantia.barbantia.es\/wp-content\/uploads\/2015\/01\/la\u00f1as2.jpg 1024w\" sizes=\"(max-width: 300px) 100vw, 300px\" \/><\/a><em><strong>Xos\u00e9 Manuel Lobato.\u00a0<\/strong><\/em>O La\u00f1as \u00e9 esa corrente fluvial escasa que procura grandeza, desta forma pode ser comprendida a s\u00faa excitada busca sen desmaio do confortable e grandioso acougo no amplo regazo do Ulla. Este afluente diminuto do r\u00edo que constr\u00fae e modela Arousa, percorre entre mesta vexetaci\u00f3n de ribeira os seus derradeiros folgos de independencia, a s\u00faa felicidade \u00e9 manifesta no seu son de agudo trobador que agasalla e alegra cun m\u00edstico e constante rumor.\u00a0<!--more--><\/p>\n<p style=\"text-align: justify;\">Augas xogantinas, cantoras e loitadoras, te\u00f1en esa capacidade intr\u00ednseca para transformar as dificultades en diversidade de novidades, no seu paso deixan o son do saltar e aturuxar, mais tanta sonoridade s\u00f3 \u00e9 unha artima\u00f1a tentando evitar numeroso arsenal p\u00e9treo. Por\u00e9n, logran con extenuante esforzo a perfecci\u00f3n de evasi\u00f3n sonora que resoa dende o coraz\u00f3n da fraga ata as s\u00faas extremidades.<\/p>\n<p style=\"text-align: justify;\">Ribeiras de embruxo, sobreviventes dos lumes galegos que todo arrasan, o \u00e9xito da s\u00faa existencia actual est\u00e1 nas caracter\u00edsticas especiais desta p\u00eda m\u00f3bil de extrema humidade saturada de natural beleza.<\/p>\n<figure id=\"attachment_2727\" aria-describedby=\"caption-attachment-2727\" style=\"width: 300px\" class=\"wp-caption alignright\"><a href=\"http:\/\/cafebarbantia.barbantia.es\/wp-content\/uploads\/2015\/01\/la\u00f1as-salto-das-pombas-teresalaloba.jpg\"><img decoding=\"async\" loading=\"lazy\" class=\"size-medium wp-image-2727\" alt=\"Foto: TeresalaLoba\" src=\"http:\/\/cafebarbantia.barbantia.es\/wp-content\/uploads\/2015\/01\/la\u00f1as-salto-das-pombas-teresalaloba-300x225.jpg\" width=\"300\" height=\"225\" srcset=\"http:\/\/cafebarbantia.barbantia.es\/wp-content\/uploads\/2015\/01\/la\u00f1as-salto-das-pombas-teresalaloba-300x225.jpg 300w, http:\/\/cafebarbantia.barbantia.es\/wp-content\/uploads\/2015\/01\/la\u00f1as-salto-das-pombas-teresalaloba.jpg 500w\" sizes=\"(max-width: 300px) 100vw, 300px\" \/><\/a><figcaption id=\"caption-attachment-2727\" class=\"wp-caption-text\">Foto: TeresalaLoba<\/figcaption><\/figure>\n<p style=\"text-align: justify;\">Eco resoando con fereza salvaxe no salto das Pombas, un branco brinco, estreito e sofisticado, obrigado abandono no ar para laiar con intensidade entre d\u00faas cadeiras formadas pola milenaria fortaleza p\u00e9trea, ca\u00edda e barranco seguen estilizando no tempo a s\u00faa bela imaxe.<\/p>\n<p style=\"text-align: justify;\">Auga que brinca e ronca, a s\u00faa estirpe de pureza identidade non co\u00f1ece o desmaio nin o falecemento, xamais renunciou \u00e1 s\u00faa orixe, comprende os contempor\u00e1neos sen esquecer a historia dos devanceiros que se perpetuaron dende a s\u00faa agraciada comunicaci\u00f3n, sempre observando o envellecemento do d\u00edscolo tempo.<\/p>\n<p style=\"text-align: justify;\">Un privilexio \u00fanico escoitar devagar no cami\u00f1ar o falar destas augas do r\u00edo La\u00f1as, elas reciben con ledicia a calquera visitante exercendo de perfectas anfitrioas das precoces irm\u00e1s do rego Bese\u00f1o, todas unidas nun ente \u00fanico danzan na feitizar\u00eda das sombras, perciben o engado das insuas, cadoiros e correntes de vertixe das que gozan as s\u00faas camaradas do Ulla.<\/p>\n<p style=\"text-align: justify;\"><a href=\"http:\/\/cafebarbantia.barbantia.es\/wp-content\/uploads\/2015\/01\/la\u00f1as-3-bese\u00f1o.jpg\"><img decoding=\"async\" loading=\"lazy\" class=\"alignleft size-medium wp-image-2728\" alt=\"la\u00f1as 3 bese\u00f1o\" src=\"http:\/\/cafebarbantia.barbantia.es\/wp-content\/uploads\/2015\/01\/la\u00f1as-3-bese\u00f1o-300x225.jpg\" width=\"300\" height=\"225\" srcset=\"http:\/\/cafebarbantia.barbantia.es\/wp-content\/uploads\/2015\/01\/la\u00f1as-3-bese\u00f1o-300x225.jpg 300w, http:\/\/cafebarbantia.barbantia.es\/wp-content\/uploads\/2015\/01\/la\u00f1as-3-bese\u00f1o-900x675.jpg 900w, http:\/\/cafebarbantia.barbantia.es\/wp-content\/uploads\/2015\/01\/la\u00f1as-3-bese\u00f1o.jpg 1024w\" sizes=\"(max-width: 300px) 100vw, 300px\" \/><\/a>Inxenuas coma calquera outra crianza, tam\u00e9n moi brincadeiras e con escasa madureza, as\u00ed \u00e9 o perfil destas augas do La\u00f1as, excelso atributo \u00e1 inocencia, mais superada con aguerrida decisi\u00f3n na s\u00faa paix\u00f3n en movemento polo vieiro do inquisidor remu\u00ed\u00f1o de dificultades; canles, moas, fortificaci\u00f3n,&#8230; para acadar ese encontro so\u00f1ado. Nove fontes, o ed\u00e9n do Ulla.<\/p>\n<p style=\"text-align: justify;\">Uni\u00f3n no inspirado anhelo de lograr gozar da harmon\u00eda e protecci\u00f3n da multitude, experiencia de ciclo pechado, imprevisible en determinadas etapas, mais unha paix\u00f3n acuosa no ansiado e procurado encontro.<\/p>\n<p style=\"text-align: justify;\">Impacto, desilusi\u00f3n e desafortunado desacougo, cando as xoviais e adolescentes mol\u00e9culas do La\u00f1as comproban por si mesmas, que en Nove fontes o Ulla de antano \u00e9 unha quimera. Augas encadeadas no capricho dos espoliadores, coacci\u00f3n humillante da\u00a0 liberdade dun ser libre por natureza.<\/p>\n<p style=\"text-align: justify;\">Caos elevado ata unha entrop\u00eda avasaladora nesta emblem\u00e1tica paraxe, escenario diab\u00f3lico na arroutada, perturbador do ritmo vital dun ecosistema que desaparece e aparece segundo o antollo do encoro das proximidades. Un aut\u00e9ntico desatino que transforma a esencia vital desta contorna e mesmo a s\u00faa raz\u00f3n de existir.<\/p>\n<p style=\"text-align: justify;\">Afervoadas b\u00e1goas das mozas augas do La\u00f1as, o impacto da realidade rachou de s\u00fapeto coa s\u00faa memoria a longo prazo, ba\u00fal de experiencias anteriores pracenteiras de tempos moi afastados.<\/p>\n<p style=\"text-align: justify;\"><a href=\"http:\/\/cafebarbantia.barbantia.es\/wp-content\/uploads\/2015\/01\/la\u00f1as-3-M\u00e1cara.jpg\"><img decoding=\"async\" loading=\"lazy\" class=\"alignright size-medium wp-image-2729\" alt=\"la\u00f1as 3 M\u00e1cara\" src=\"http:\/\/cafebarbantia.barbantia.es\/wp-content\/uploads\/2015\/01\/la\u00f1as-3-M\u00e1cara-300x164.jpg\" width=\"300\" height=\"164\" srcset=\"http:\/\/cafebarbantia.barbantia.es\/wp-content\/uploads\/2015\/01\/la\u00f1as-3-M\u00e1cara-300x164.jpg 300w, http:\/\/cafebarbantia.barbantia.es\/wp-content\/uploads\/2015\/01\/la\u00f1as-3-M\u00e1cara.jpg 822w\" sizes=\"(max-width: 300px) 100vw, 300px\" \/><\/a>Desilusi\u00f3n, elos atafegantes dun estadio depresivo, tobog\u00e1n represor no cumio da desesperaci\u00f3n para unhas augas que s\u00f3 desexaban vogar contracorrente con denodados esforzos ata lograr o \u00e9xito de gozar con intensa naturalidade dos r\u00e1pidos de M\u00e1cara.<\/p>\n<p style=\"text-align: justify;\">Protexida por unha deusa desco\u00f1ecida, M\u00e1cara non ter por estas terras par, o festival musicado sobre espumosa danza de escenario p\u00e9treo \u00e9 unha ledicia largamente so\u00f1ada na ara da ilusi\u00f3n dunhas infant\u00eds acuosas no seu extremo m\u00e1is efervescente.<\/p>\n<p style=\"text-align: justify;\">Tempos pret\u00e9ritos, candor insultante das novas e idealistas augas do La\u00f1as, a evidencia de Nove fontes \u00e9 complicado de aceptar, a transformaci\u00f3n radical do Ulla nun mar imprevisible de preamar a baixamar \u00e9 un reverberar de ca\u00f3ticas decisi\u00f3ns.<\/p>\n<p style=\"text-align: justify;\">Irreco\u00f1ecible esta grata morada de antano, as s\u00faas acci\u00f3ns semellan a vontade dun\u00a0 neur\u00f3tico, as c\u00e1ndidas augas do Bese\u00f1o e La\u00f1as no seu c\u00f3digo de candidez non reco\u00f1ecen a elemento tan ex\u00f3tico e diferente, pois na s\u00faa memoria hist\u00f3rica lembraban o seu paso pola zona en ciclos anteriores. Mais atordadas contin\u00faan na procura do ed\u00e9n de Nove fontes, as mol\u00e9culas brincadeiras insisten e res\u00edstense a aceptar a realidade actual desta contorna.<\/p>\n<p style=\"text-align: justify;\">Dubidan de si mesmas, posiblemente a vivencia dunha ilusi\u00f3n pasada ou unha realidade de mentes fixadas e obsesivas coa saudade do vivido, so\u00f1ado ou imaxinado. A crueldade actual non pode ser tan diferente do pasado.<\/p>\n<p style=\"text-align: justify;\">Benvidas tenras mol\u00e9culas do Bese\u00f1o e La\u00f1as a unha realidade que ten como expo\u00f1ente m\u00e1is clarificador este lugar de Nove fontes. Estamos na era do pensamento petrificado, tam\u00e9n dos encoros, mentres este sombr\u00edo embruxo aparenta ser un esconxuro reseso da deusa Benestar na s\u00faa radical modernizaci\u00f3n.<\/p>\n<p style=\"text-align: justify;\">Tensi\u00f3n e desasosego transpira a morada deste humilde mensaxeiro, o derradeiro lagarto real de Nove fontes.<\/p>\n<p>&nbsp;<\/p>\n","protected":false},"excerpt":{"rendered":"<p>Xos\u00e9 Manuel Lobato.\u00a0O La\u00f1as \u00e9 esa corrente fluvial escasa que procura grandeza, desta forma pode ser comprendida a s\u00faa excitada busca sen desmaio do confortable e grandioso acougo no amplo regazo do Ulla. Este afluente diminuto do r\u00edo que constr\u00fae e modela Arousa, percorre entre mesta vexetaci\u00f3n de ribeira os seus derradeiros folgos de independencia, &hellip; <a href=\"http:\/\/cafebarbantia.barbantia.es\/?p=2725\" class=\"more-link\">Seguir lendo <span class=\"screen-reader-text\">Sombr\u00edo embruxo<\/span> <span class=\"meta-nav\">&rarr;<\/span><\/a><\/p>\n","protected":false},"author":1,"featured_media":0,"comment_status":"open","ping_status":"closed","sticky":false,"template":"","format":"standard","meta":{"_bbp_topic_count":0,"_bbp_reply_count":0,"_bbp_total_topic_count":0,"_bbp_total_reply_count":0,"_bbp_voice_count":0,"_bbp_anonymous_reply_count":0,"_bbp_topic_count_hidden":0,"_bbp_reply_count_hidden":0,"_bbp_forum_subforum_count":0,"_exactmetrics_skip_tracking":false,"_exactmetrics_sitenote_active":false,"_exactmetrics_sitenote_note":"","_exactmetrics_sitenote_category":0,"_monsterinsights_skip_tracking":false,"_monsterinsights_sitenote_active":false,"_monsterinsights_sitenote_note":"","_monsterinsights_sitenote_category":0},"categories":[9,22,44],"tags":[],"aioseo_notices":[],"_links":{"self":[{"href":"http:\/\/cafebarbantia.barbantia.es\/index.php?rest_route=\/wp\/v2\/posts\/2725"}],"collection":[{"href":"http:\/\/cafebarbantia.barbantia.es\/index.php?rest_route=\/wp\/v2\/posts"}],"about":[{"href":"http:\/\/cafebarbantia.barbantia.es\/index.php?rest_route=\/wp\/v2\/types\/post"}],"author":[{"embeddable":true,"href":"http:\/\/cafebarbantia.barbantia.es\/index.php?rest_route=\/wp\/v2\/users\/1"}],"replies":[{"embeddable":true,"href":"http:\/\/cafebarbantia.barbantia.es\/index.php?rest_route=%2Fwp%2Fv2%2Fcomments&post=2725"}],"version-history":[{"count":1,"href":"http:\/\/cafebarbantia.barbantia.es\/index.php?rest_route=\/wp\/v2\/posts\/2725\/revisions"}],"predecessor-version":[{"id":2730,"href":"http:\/\/cafebarbantia.barbantia.es\/index.php?rest_route=\/wp\/v2\/posts\/2725\/revisions\/2730"}],"wp:attachment":[{"href":"http:\/\/cafebarbantia.barbantia.es\/index.php?rest_route=%2Fwp%2Fv2%2Fmedia&parent=2725"}],"wp:term":[{"taxonomy":"category","embeddable":true,"href":"http:\/\/cafebarbantia.barbantia.es\/index.php?rest_route=%2Fwp%2Fv2%2Fcategories&post=2725"},{"taxonomy":"post_tag","embeddable":true,"href":"http:\/\/cafebarbantia.barbantia.es\/index.php?rest_route=%2Fwp%2Fv2%2Ftags&post=2725"}],"curies":[{"name":"wp","href":"https:\/\/api.w.org\/{rel}","templated":true}]}}