{"id":2773,"date":"2015-01-16T07:00:07","date_gmt":"2015-01-16T07:00:07","guid":{"rendered":"http:\/\/cafebarbantia.barbantia.es\/?p=2773"},"modified":"2015-01-15T21:09:39","modified_gmt":"2015-01-15T21:09:39","slug":"atlas-de-la-novela-europea-1800-1900","status":"publish","type":"post","link":"http:\/\/cafebarbantia.barbantia.es\/?p=2773","title":{"rendered":"Atlas de la novela europea (1800-1900)"},"content":{"rendered":"<p style=\"text-align: justify;\"><em><strong><a href=\"http:\/\/cafebarbantia.barbantia.es\/wp-content\/uploads\/2015\/01\/atlas.jpg\"><img decoding=\"async\" loading=\"lazy\" class=\"alignleft size-medium wp-image-2775\" style=\"border: 1px solid black;\" alt=\"atlas\" src=\"http:\/\/cafebarbantia.barbantia.es\/wp-content\/uploads\/2015\/01\/atlas-196x300.jpg\" width=\"196\" height=\"300\" srcset=\"http:\/\/cafebarbantia.barbantia.es\/wp-content\/uploads\/2015\/01\/atlas-196x300.jpg 196w, http:\/\/cafebarbantia.barbantia.es\/wp-content\/uploads\/2015\/01\/atlas-671x1024.jpg 671w, http:\/\/cafebarbantia.barbantia.es\/wp-content\/uploads\/2015\/01\/atlas-900x1373.jpg 900w, http:\/\/cafebarbantia.barbantia.es\/wp-content\/uploads\/2015\/01\/atlas.jpg 1248w\" sizes=\"(max-width: 196px) 100vw, 196px\" \/><\/a>Pedro Garc\u00eda Vidal.\u00a0<\/strong><\/em>Suso La\u00ed\u00f1o, o noso lector \u201comn\u00edvoro\u201d, gusta de sementar -con agarimo non exento dunha certa \u201cmalicia\u201d p\u00edcara- o territorio <i>Barbantia<\/i>, e faino deixando caer nas mans dos habitantes deste espazo lecturas in\u00e9ditas ou de difusi\u00f3n limitada co obxecto de abrir novos horizontes. Co\u00f1ecedor do meu coraz\u00f3n \u201cxeogr\u00e1fico\u201d, nos d\u00edas previos \u00e1s vacaci\u00f3ns de Nadal, sobre a mesa do caf\u00e9 dos venres, al\u00ed estaba a tentaci\u00f3n en forma de libro con tan suxestivo t\u00edtulo: <i>Atlas de la novela europea<\/i>. Sab\u00eda que non poder\u00eda resistir a tentaci\u00f3n de lelo. A condici\u00f3n de pr\u00e9stamo ser\u00eda o compromiso de realizaci\u00f3n dunha cr\u00edtica da obra \u00e1 volta das vacaci\u00f3ns. Xa que logo, a\u00ed vai o prometido.<!--more--><\/p>\n<p style=\"text-align: justify;\">A interrelaci\u00f3n entre as obras literarias e os entornos nos que acontecen as historias \u00e9 indubidable. Pensemos no Rianxo de Castelao ou de Manuel Antonio, na Pobra de Victoriano Garc\u00eda Mart\u00ed \u00a0ou no Taramancos do poeta Avil\u00e9s, por citar espazos e autores pr\u00f3ximos. A xeograf\u00eda conv\u00e9rtese en fonte de inspiraci\u00f3n para quen escribe e, ao mesmo tempo, a literatura est\u00e1 presente nas descrici\u00f3ns e explicaci\u00f3ns xeogr\u00e1ficas. Por outra banda, a literatura constr\u00fae xeograf\u00edas propias que, con frecuencia, aportan ao lector co\u00f1ecementos xeogr\u00e1ficos.<\/p>\n<p style=\"text-align: justify;\"><a href=\"http:\/\/cafebarbantia.barbantia.es\/wp-content\/uploads\/2015\/01\/Franco.jpg\"><img decoding=\"async\" loading=\"lazy\" class=\"alignright size-medium wp-image-2776\" alt=\"Franco\" src=\"http:\/\/cafebarbantia.barbantia.es\/wp-content\/uploads\/2015\/01\/Franco-300x300.jpg\" width=\"300\" height=\"300\" srcset=\"http:\/\/cafebarbantia.barbantia.es\/wp-content\/uploads\/2015\/01\/Franco-300x300.jpg 300w, http:\/\/cafebarbantia.barbantia.es\/wp-content\/uploads\/2015\/01\/Franco-150x150.jpg 150w, http:\/\/cafebarbantia.barbantia.es\/wp-content\/uploads\/2015\/01\/Franco-144x144.jpg 144w, http:\/\/cafebarbantia.barbantia.es\/wp-content\/uploads\/2015\/01\/Franco.jpg 454w\" sizes=\"(max-width: 300px) 100vw, 300px\" \/><\/a>Semella claro, polo tanto, que dado que toda creaci\u00f3n literaria se desenvolve nun espazo xeogr\u00e1fico determinado, a xeograf\u00eda \u00e9 un aspecto decisivo do desenvolvemento e da invenci\u00f3n literaria: unha forza activa, concreta, que deixa as s\u00faas pegadas nos textos, nas tramas, nos sistemas de expectativas. Relacionar, por tanto, xeograf\u00eda e literatura pon \u00e1 luz aspectos do campo literario que ata o de agora permanec\u00edan ocultos.<\/p>\n<p style=\"text-align: justify;\">A tese principal do autor \u00e9 que a xeograf\u00eda interv\u00e9n na literatura de d\u00faas formas: a) o espazo na literatura, a ficci\u00f3n do espazo; b) a literatura no espazo, o espazo hist\u00f3rico. O estudo de \u00e1mbolos dous espazos vai levarse a cabo por medio dos mapas. Os mapas como elementos anal\u00edticos -nunca decorativos, como vi\u00f1a sendo norma- que desmontan a obra de maneira diferente da habitual e propo\u00f1en ao razoamento cr\u00edtico funci\u00f3ns novas (un bo mapa vale por mil palabras, afirma un refr\u00e1n bastante com\u00fan entre os cart\u00f3grafos).<\/p>\n<p style=\"text-align: justify;\">Pero colocar un fen\u00f3meno literario no seu propio espazo non \u00e9, en efecto, a conclusi\u00f3n do traballo xeogr\u00e1fico sen\u00f3n s\u00f3 o comezo. Nese punto comeza incluso a parte m\u00e1is fermosa \u2013e dif\u00edcil\u2013 do proceso: mirar a carta xeogr\u00e1fica e discernir sobre ela, tentando comprender de que modo unha disposici\u00f3n espacial espec\u00edfica pode transformarse nunha historia fascinante. Os mapas literarios son para o autor, en definitiva, os piares en que se fundan as reflexi\u00f3ns deste libro.<\/p>\n<p style=\"text-align: justify;\"><a href=\"http:\/\/cafebarbantia.barbantia.es\/wp-content\/uploads\/2015\/01\/atlas-de-la-novela-europea-1800-19001251.jpg\"><img decoding=\"async\" loading=\"lazy\" class=\"alignleft size-medium wp-image-2777\" alt=\"atlas-de-la-novela-europea-1800-1900~1251\" src=\"http:\/\/cafebarbantia.barbantia.es\/wp-content\/uploads\/2015\/01\/atlas-de-la-novela-europea-1800-19001251-194x300.jpg\" width=\"194\" height=\"300\" srcset=\"http:\/\/cafebarbantia.barbantia.es\/wp-content\/uploads\/2015\/01\/atlas-de-la-novela-europea-1800-19001251-194x300.jpg 194w, http:\/\/cafebarbantia.barbantia.es\/wp-content\/uploads\/2015\/01\/atlas-de-la-novela-europea-1800-19001251.jpg 414w\" sizes=\"(max-width: 194px) 100vw, 194px\" \/><\/a>A tese do autor de que espazos diferentes producen historias diferentes, as\u00ed como que sen certo tipo de espazos certo tipo de historias fanse simplemente imposibles, vai artell\u00e1ndose nas p\u00e1xinas do libro para conformar unha historia espacial da novela europea do XIX: a novela e o estado-naci\u00f3n (Austen e a novela moderna); o papel na novela da cidade e os seus diferentes barrios (O Londres do XIX: d\u00faas cidades. O Par\u00eds do XIX: seis ou sete pequenos mundos);\u00a0 o protagonismo das diversas clases sociais (son os ricos quen se desprazan pola cidade, os pobres apenas se moven. A clase media une os espazos de ricos e pobres, que non se tocan); a presenza de realidade e ficci\u00f3n (o Londres de Sherlock Holmes), etc.<\/p>\n<p style=\"text-align: justify;\">Nesta breve historia da novela europea en cen mapas xeogr\u00e1ficos, podemos atopar unha perspectiva nova das obras de Balzac, Dickens, Conan Doyle e outros, ademais de ver como era a Inglaterra de Jane Austen e que tan diferente era a Espa\u00f1a da picaresca, ou da Francia da <i>Comedia humana<\/i>. En definitiva, un estudo realmente atractivo cheo de vent\u00e1s abertas a novas miradas f\u00f3ra dos vieiros habituais da cr\u00edtica literaria e, igualmente, un manancial de suxestivas propostas de traballo no campo da xeograf\u00eda.<\/p>\n","protected":false},"excerpt":{"rendered":"<p>Pedro Garc\u00eda Vidal.\u00a0Suso La\u00ed\u00f1o, o noso lector \u201comn\u00edvoro\u201d, gusta de sementar -con agarimo non exento dunha certa \u201cmalicia\u201d p\u00edcara- o territorio Barbantia, e faino deixando caer nas mans dos habitantes deste espazo lecturas in\u00e9ditas ou de difusi\u00f3n limitada co obxecto de abrir novos horizontes. Co\u00f1ecedor do meu coraz\u00f3n \u201cxeogr\u00e1fico\u201d, nos d\u00edas previos \u00e1s vacaci\u00f3ns de &hellip; <a href=\"http:\/\/cafebarbantia.barbantia.es\/?p=2773\" class=\"more-link\">Seguir lendo <span class=\"screen-reader-text\">Atlas de la novela europea (1800-1900)<\/span> <span class=\"meta-nav\">&rarr;<\/span><\/a><\/p>\n","protected":false},"author":1,"featured_media":0,"comment_status":"open","ping_status":"closed","sticky":false,"template":"","format":"standard","meta":{"_bbp_topic_count":0,"_bbp_reply_count":0,"_bbp_total_topic_count":0,"_bbp_total_reply_count":0,"_bbp_voice_count":0,"_bbp_anonymous_reply_count":0,"_bbp_topic_count_hidden":0,"_bbp_reply_count_hidden":0,"_bbp_forum_subforum_count":0,"_exactmetrics_skip_tracking":false,"_exactmetrics_sitenote_active":false,"_exactmetrics_sitenote_note":"","_exactmetrics_sitenote_category":0,"_monsterinsights_skip_tracking":false,"_monsterinsights_sitenote_active":false,"_monsterinsights_sitenote_note":"","_monsterinsights_sitenote_category":0},"categories":[7,9,34],"tags":[],"aioseo_notices":[],"_links":{"self":[{"href":"http:\/\/cafebarbantia.barbantia.es\/index.php?rest_route=\/wp\/v2\/posts\/2773"}],"collection":[{"href":"http:\/\/cafebarbantia.barbantia.es\/index.php?rest_route=\/wp\/v2\/posts"}],"about":[{"href":"http:\/\/cafebarbantia.barbantia.es\/index.php?rest_route=\/wp\/v2\/types\/post"}],"author":[{"embeddable":true,"href":"http:\/\/cafebarbantia.barbantia.es\/index.php?rest_route=\/wp\/v2\/users\/1"}],"replies":[{"embeddable":true,"href":"http:\/\/cafebarbantia.barbantia.es\/index.php?rest_route=%2Fwp%2Fv2%2Fcomments&post=2773"}],"version-history":[{"count":2,"href":"http:\/\/cafebarbantia.barbantia.es\/index.php?rest_route=\/wp\/v2\/posts\/2773\/revisions"}],"predecessor-version":[{"id":2778,"href":"http:\/\/cafebarbantia.barbantia.es\/index.php?rest_route=\/wp\/v2\/posts\/2773\/revisions\/2778"}],"wp:attachment":[{"href":"http:\/\/cafebarbantia.barbantia.es\/index.php?rest_route=%2Fwp%2Fv2%2Fmedia&parent=2773"}],"wp:term":[{"taxonomy":"category","embeddable":true,"href":"http:\/\/cafebarbantia.barbantia.es\/index.php?rest_route=%2Fwp%2Fv2%2Fcategories&post=2773"},{"taxonomy":"post_tag","embeddable":true,"href":"http:\/\/cafebarbantia.barbantia.es\/index.php?rest_route=%2Fwp%2Fv2%2Ftags&post=2773"}],"curies":[{"name":"wp","href":"https:\/\/api.w.org\/{rel}","templated":true}]}}