{"id":2933,"date":"2015-02-28T07:00:23","date_gmt":"2015-02-28T07:00:23","guid":{"rendered":"http:\/\/cafebarbantia.barbantia.es\/?p=2933"},"modified":"2015-02-22T17:55:48","modified_gmt":"2015-02-22T17:55:48","slug":"abrirse-a-luz","status":"publish","type":"post","link":"http:\/\/cafebarbantia.barbantia.es\/?p=2933","title":{"rendered":"Abrirse \u00e1 luz"},"content":{"rendered":"<p style=\"text-align: justify;\"><em><strong><a href=\"http:\/\/cafebarbantia.barbantia.es\/wp-content\/uploads\/2015\/01\/a-distancia.jpg\"><img decoding=\"async\" loading=\"lazy\" class=\"alignright size-medium wp-image-2934\" alt=\"a distancia\" src=\"http:\/\/cafebarbantia.barbantia.es\/wp-content\/uploads\/2015\/01\/a-distancia-183x300.jpg\" width=\"183\" height=\"300\" srcset=\"http:\/\/cafebarbantia.barbantia.es\/wp-content\/uploads\/2015\/01\/a-distancia-183x300.jpg 183w, http:\/\/cafebarbantia.barbantia.es\/wp-content\/uploads\/2015\/01\/a-distancia.jpg 358w\" sizes=\"(max-width: 183px) 100vw, 183px\" \/><\/a>Rom\u00e1n Ar\u00e9n.\u00a0<\/strong><\/em>O novo poemario de Eva Veiga, o noveno dende que en 1993 publicara <i>Fuxid\u00edos<\/i>, v\u00e9n de ga\u00f1ar, e merecidamente, o XIII Premio Fiz Vergara Vilari\u00f1o. Un chanzo m\u00e1is nunha obra que \u00e9 un esforzo continuo de depuraci\u00f3n dunha po\u00e9tica en busca da maior esencialidade, pero sen buscar hermetismo que impida a comu\u00f1\u00f3n co lector. Un labor para abrirse \u00e1 luz sen esquecer o misterio da vida, ese lugar \u00fanico no que a poes\u00eda, sendo comunicable, \u00e9 un fulgor. Ningu\u00e9n le adanicamente un libro e menos se xa co\u00f1ece o resto da obra da autora, que xa dende os paratextos previos, Celan e Yeats, nos pon en cami\u00f1o: luz e sombra, unidade e ferida, ser e nada. Corenta e sete poemas, en xeral breves poemas, no ronsel da poes\u00eda esencialista e valentiana, que converte a experiencia en algo m\u00e1is que reconto bibliogr\u00e1fico. <!--more-->Merg\u00fallaa no ser e t\u00edralle a ganga, para que a vida sexa sen esquecer a nada: <i>\u201cNa cicatriz \/ dunha pinga de auga \/ sobrevivir\u201d<\/i>. Non de balde este \u00e9 o derradeiro poema do libro. A perda no cami\u00f1o, a esgazadura e a luz. Non perde o ton elex\u00edaco xa manifesto nas s\u00faas obras anteriores, dep\u00farao. A gran poes\u00eda \u00e9, dalg\u00fan xeito, experiencia do ferido, cami\u00f1o dende o escuro, procura de luz, non sempre conseguida: <i>\u201cxazo \/ baixo a n\u00e9boa \/\/ a luz \/ dis\u00f3lveme \/\/ e fica\u201d<\/i>. A escuridade do ser redimida na luz. Eis o cami\u00f1o.<\/p>\n","protected":false},"excerpt":{"rendered":"<p>Rom\u00e1n Ar\u00e9n.\u00a0O novo poemario de Eva Veiga, o noveno dende que en 1993 publicara Fuxid\u00edos, v\u00e9n de ga\u00f1ar, e merecidamente, o XIII Premio Fiz Vergara Vilari\u00f1o. Un chanzo m\u00e1is nunha obra que \u00e9 un esforzo continuo de depuraci\u00f3n dunha po\u00e9tica en busca da maior esencialidade, pero sen buscar hermetismo que impida a comu\u00f1\u00f3n co lector. &hellip; <a href=\"http:\/\/cafebarbantia.barbantia.es\/?p=2933\" class=\"more-link\">Seguir lendo <span class=\"screen-reader-text\">Abrirse \u00e1 luz<\/span> <span class=\"meta-nav\">&rarr;<\/span><\/a><\/p>\n","protected":false},"author":1,"featured_media":0,"comment_status":"open","ping_status":"closed","sticky":false,"template":"","format":"standard","meta":{"_bbp_topic_count":0,"_bbp_reply_count":0,"_bbp_total_topic_count":0,"_bbp_total_reply_count":0,"_bbp_voice_count":0,"_bbp_anonymous_reply_count":0,"_bbp_topic_count_hidden":0,"_bbp_reply_count_hidden":0,"_bbp_forum_subforum_count":0,"_exactmetrics_skip_tracking":false,"_exactmetrics_sitenote_active":false,"_exactmetrics_sitenote_note":"","_exactmetrics_sitenote_category":0,"_monsterinsights_skip_tracking":false,"_monsterinsights_sitenote_active":false,"_monsterinsights_sitenote_note":"","_monsterinsights_sitenote_category":0},"categories":[10,28],"tags":[],"aioseo_notices":[],"_links":{"self":[{"href":"http:\/\/cafebarbantia.barbantia.es\/index.php?rest_route=\/wp\/v2\/posts\/2933"}],"collection":[{"href":"http:\/\/cafebarbantia.barbantia.es\/index.php?rest_route=\/wp\/v2\/posts"}],"about":[{"href":"http:\/\/cafebarbantia.barbantia.es\/index.php?rest_route=\/wp\/v2\/types\/post"}],"author":[{"embeddable":true,"href":"http:\/\/cafebarbantia.barbantia.es\/index.php?rest_route=\/wp\/v2\/users\/1"}],"replies":[{"embeddable":true,"href":"http:\/\/cafebarbantia.barbantia.es\/index.php?rest_route=%2Fwp%2Fv2%2Fcomments&post=2933"}],"version-history":[{"count":1,"href":"http:\/\/cafebarbantia.barbantia.es\/index.php?rest_route=\/wp\/v2\/posts\/2933\/revisions"}],"predecessor-version":[{"id":2935,"href":"http:\/\/cafebarbantia.barbantia.es\/index.php?rest_route=\/wp\/v2\/posts\/2933\/revisions\/2935"}],"wp:attachment":[{"href":"http:\/\/cafebarbantia.barbantia.es\/index.php?rest_route=%2Fwp%2Fv2%2Fmedia&parent=2933"}],"wp:term":[{"taxonomy":"category","embeddable":true,"href":"http:\/\/cafebarbantia.barbantia.es\/index.php?rest_route=%2Fwp%2Fv2%2Fcategories&post=2933"},{"taxonomy":"post_tag","embeddable":true,"href":"http:\/\/cafebarbantia.barbantia.es\/index.php?rest_route=%2Fwp%2Fv2%2Ftags&post=2933"}],"curies":[{"name":"wp","href":"https:\/\/api.w.org\/{rel}","templated":true}]}}