{"id":2936,"date":"2015-02-16T07:00:56","date_gmt":"2015-02-16T07:00:56","guid":{"rendered":"http:\/\/cafebarbantia.barbantia.es\/?p=2936"},"modified":"2015-02-08T18:40:46","modified_gmt":"2015-02-08T18:40:46","slug":"fernando-sande-y-lago-un-albeitar-do-seculo-xviii","status":"publish","type":"post","link":"http:\/\/cafebarbantia.barbantia.es\/?p=2936","title":{"rendered":"Fernando Sande y Lago, un alb\u00e9itar do s\u00e9culo XVIII"},"content":{"rendered":"<p style=\"text-align: justify;\"><a href=\"http:\/\/cafebarbantia.barbantia.es\/wp-content\/uploads\/2015\/01\/Escritor.-Sande_Y_Lago.-jpg.jpg\"><img decoding=\"async\" loading=\"lazy\" class=\"size-medium wp-image-2937 alignright\" alt=\"Escritor. Sande_Y_Lago. jpg\" src=\"http:\/\/cafebarbantia.barbantia.es\/wp-content\/uploads\/2015\/01\/Escritor.-Sande_Y_Lago.-jpg-197x300.jpg\" width=\"197\" height=\"300\" srcset=\"http:\/\/cafebarbantia.barbantia.es\/wp-content\/uploads\/2015\/01\/Escritor.-Sande_Y_Lago.-jpg-197x300.jpg 197w, http:\/\/cafebarbantia.barbantia.es\/wp-content\/uploads\/2015\/01\/Escritor.-Sande_Y_Lago.-jpg-675x1024.jpg 675w, http:\/\/cafebarbantia.barbantia.es\/wp-content\/uploads\/2015\/01\/Escritor.-Sande_Y_Lago.-jpg-900x1364.jpg 900w, http:\/\/cafebarbantia.barbantia.es\/wp-content\/uploads\/2015\/01\/Escritor.-Sande_Y_Lago.-jpg.jpg 1090w\" sizes=\"(max-width: 197px) 100vw, 197px\" \/><\/a><em><strong>Pastor Rodr\u00edguez.\u00a0<\/strong><\/em>Sabemos que era natural de Noia porque as\u00ed o declara na portada da segunda edici\u00f3n da s\u00faa obra <i>Compendio de Albeyter\u00eda<\/i>, en 1729. Pero poucos m\u00e1is datos seguros temos da s\u00faa vida. Cremos que recibiu unha s\u00f3lida formaci\u00f3n universitaria en Compostela e sabemos que en 1690 estivo presente en Valladolid nas festas celebradas por mor da chegada de Mar\u00eda Ana de Neoburgo, a esposa de Carlos II de Austria. A primeira edici\u00f3n do seu grande tratado apareceu en 1717 e a obra \u00e9 un dos grandes estudos veterinarios do seu s\u00e9culo. Pero \u00e9 algo m\u00e1is ca iso, pois o libro V da obra \u00e9 un tratado de mineralox\u00eda, que incl\u00fae, ademais, un estudo das augas minerais que \u00e9, case con seguridade, o primeiro feito en Espa\u00f1a, ou iso asegura Llorente no seu <i>Compendio de bibliograf\u00eda de la veterinaria espa\u00f1ola<\/i>, opini\u00f3n que repiten Manuel Murgu\u00eda e Antonio Couceiro Freijomil.<!--more--> En 1729 f\u00edxose a edici\u00f3n m\u00e1is completa, cunha d\u00e9cima do autor \u00e1 Virxe da Paz e da Piedade, pero a obra tivo tam\u00e9n unha traduci\u00f3n portuguesa, editada en Coimbra en 1737, ademais dunha reedici\u00f3n no s\u00e9culo XX feita por Edici\u00f3s do Castro e o Seminario de Estudos Galegos. O seu primeiro estudoso serio foi o galego Rodr\u00edguez Mourelo en 1906, e no Barbanza interes\u00e1ronse por Sande y Lago, J. M. Agra Cadarso na revista <i>Finisterre<\/i> en 1944; Carlos Garc\u00eda Bay\u00f3n no xornal <i>ABC<\/i> en 1968, e Xos\u00e9 Agrelo e Manuel Hermida nas s\u00faas <i>Efem\u00e9rides noyesas<\/i>, de 1971.<\/p>\n","protected":false},"excerpt":{"rendered":"<p>Pastor Rodr\u00edguez.\u00a0Sabemos que era natural de Noia porque as\u00ed o declara na portada da segunda edici\u00f3n da s\u00faa obra Compendio de Albeyter\u00eda, en 1729. Pero poucos m\u00e1is datos seguros temos da s\u00faa vida. Cremos que recibiu unha s\u00f3lida formaci\u00f3n universitaria en Compostela e sabemos que en 1690 estivo presente en Valladolid nas festas celebradas por &hellip; <a href=\"http:\/\/cafebarbantia.barbantia.es\/?p=2936\" class=\"more-link\">Seguir lendo <span class=\"screen-reader-text\">Fernando Sande y Lago, un alb\u00e9itar do s\u00e9culo XVIII<\/span> <span class=\"meta-nav\">&rarr;<\/span><\/a><\/p>\n","protected":false},"author":1,"featured_media":0,"comment_status":"open","ping_status":"closed","sticky":false,"template":"","format":"standard","meta":{"_bbp_topic_count":0,"_bbp_reply_count":0,"_bbp_total_topic_count":0,"_bbp_total_reply_count":0,"_bbp_voice_count":0,"_bbp_anonymous_reply_count":0,"_bbp_topic_count_hidden":0,"_bbp_reply_count_hidden":0,"_bbp_forum_subforum_count":0,"_exactmetrics_skip_tracking":false,"_exactmetrics_sitenote_active":false,"_exactmetrics_sitenote_note":"","_exactmetrics_sitenote_category":0,"_monsterinsights_skip_tracking":false,"_monsterinsights_sitenote_active":false,"_monsterinsights_sitenote_note":"","_monsterinsights_sitenote_category":0},"categories":[39,9,37],"tags":[],"aioseo_notices":[],"_links":{"self":[{"href":"http:\/\/cafebarbantia.barbantia.es\/index.php?rest_route=\/wp\/v2\/posts\/2936"}],"collection":[{"href":"http:\/\/cafebarbantia.barbantia.es\/index.php?rest_route=\/wp\/v2\/posts"}],"about":[{"href":"http:\/\/cafebarbantia.barbantia.es\/index.php?rest_route=\/wp\/v2\/types\/post"}],"author":[{"embeddable":true,"href":"http:\/\/cafebarbantia.barbantia.es\/index.php?rest_route=\/wp\/v2\/users\/1"}],"replies":[{"embeddable":true,"href":"http:\/\/cafebarbantia.barbantia.es\/index.php?rest_route=%2Fwp%2Fv2%2Fcomments&post=2936"}],"version-history":[{"count":2,"href":"http:\/\/cafebarbantia.barbantia.es\/index.php?rest_route=\/wp\/v2\/posts\/2936\/revisions"}],"predecessor-version":[{"id":2989,"href":"http:\/\/cafebarbantia.barbantia.es\/index.php?rest_route=\/wp\/v2\/posts\/2936\/revisions\/2989"}],"wp:attachment":[{"href":"http:\/\/cafebarbantia.barbantia.es\/index.php?rest_route=%2Fwp%2Fv2%2Fmedia&parent=2936"}],"wp:term":[{"taxonomy":"category","embeddable":true,"href":"http:\/\/cafebarbantia.barbantia.es\/index.php?rest_route=%2Fwp%2Fv2%2Fcategories&post=2936"},{"taxonomy":"post_tag","embeddable":true,"href":"http:\/\/cafebarbantia.barbantia.es\/index.php?rest_route=%2Fwp%2Fv2%2Ftags&post=2936"}],"curies":[{"name":"wp","href":"https:\/\/api.w.org\/{rel}","templated":true}]}}