{"id":2969,"date":"2015-02-25T07:00:04","date_gmt":"2015-02-25T07:00:04","guid":{"rendered":"http:\/\/cafebarbantia.barbantia.es\/?p=2969"},"modified":"2015-02-16T19:48:04","modified_gmt":"2015-02-16T19:48:04","slug":"o-kafka-de-1913","status":"publish","type":"post","link":"http:\/\/cafebarbantia.barbantia.es\/?p=2969","title":{"rendered":"O Kafka de 1913"},"content":{"rendered":"<p style=\"text-align: justify;\"><b><i><a href=\"http:\/\/cafebarbantia.barbantia.es\/wp-content\/uploads\/2015\/02\/fogonero.jpg\"><img decoding=\"async\" loading=\"lazy\" class=\"size-medium wp-image-2971 alignleft\" style=\"border: 1px solid black;\" alt=\"fogonero\" src=\"http:\/\/cafebarbantia.barbantia.es\/wp-content\/uploads\/2015\/02\/fogonero-213x300.jpg\" width=\"213\" height=\"300\" srcset=\"http:\/\/cafebarbantia.barbantia.es\/wp-content\/uploads\/2015\/02\/fogonero-213x300.jpg 213w, http:\/\/cafebarbantia.barbantia.es\/wp-content\/uploads\/2015\/02\/fogonero-729x1024.jpg 729w, http:\/\/cafebarbantia.barbantia.es\/wp-content\/uploads\/2015\/02\/fogonero-900x1263.jpg 900w, http:\/\/cafebarbantia.barbantia.es\/wp-content\/uploads\/2015\/02\/fogonero.jpg 1551w\" sizes=\"(max-width: 213px) 100vw, 213px\" \/><\/a>Miguel Mari\u00f1o.<\/i><\/b> Ten a editorial N\u00f3rdica, que tantos autores escandinavos de calidade tira do prelo, unha colecci\u00f3n de cl\u00e1sicos ilustrados, de Fitzgerald a Poe, que incl\u00fae <i>O fogueiro<\/i>, o pequeno libro que Kafka, que mandou destru\u00edr os seus manuscritos, editou voluntariamente en 1913 e que non est\u00e1 nos dous volumes que Galaxia editou en galego cos contos do autor de Praga.\u00a0Tr\u00e1tase dunha par\u00e1bola que ia ser o primeiro cap\u00edtulo da novela inacabada <i>O desaparecido<\/i>. Par\u00e1bola que a maior\u00eda dos cr\u00edticos \u201clen\u201d como anticipo do Kafka posterior, aquel que amosa, cun humor angustiado, o ser humano en mans dun destino que non controla.<!--more--><\/p>\n<p style=\"text-align: justify;\">Un mozo enviado a Am\u00e9rica polos pais tras ter un fillo cunha criada, vaise converter no defensor dun fogueiro tratado inxustamente, ao chegar a Nova York. A viaxe cara \u00e1s estruturas de poder ten para a maior\u00eda dos int\u00e9rpretes un final \u201cfeliz\u201d. Hanna Arendt dic\u00eda que os protagonistas de Kafka non son verdadeiras persoas (ideas? pois) e por iso precisamente recibimos a s\u00faa chamada.<\/p>\n<p style=\"text-align: justify;\"><a href=\"http:\/\/cafebarbantia.barbantia.es\/wp-content\/uploads\/2015\/02\/Kafka-fronius.jpg\"><img decoding=\"async\" loading=\"lazy\" class=\"size-medium wp-image-2972 alignright\" alt=\"Kafka-fronius\" src=\"http:\/\/cafebarbantia.barbantia.es\/wp-content\/uploads\/2015\/02\/Kafka-fronius-219x300.jpg\" width=\"219\" height=\"300\" srcset=\"http:\/\/cafebarbantia.barbantia.es\/wp-content\/uploads\/2015\/02\/Kafka-fronius-219x300.jpg 219w, http:\/\/cafebarbantia.barbantia.es\/wp-content\/uploads\/2015\/02\/Kafka-fronius.jpg 325w\" sizes=\"(max-width: 219px) 100vw, 219px\" \/><\/a>Pero, nos humoristas sempre hai un pero ou dous, o final da f\u00e1bula \u00e9 m\u00e1is ambiguo do que parece. O mozo Robmann atopa no barco a seu t\u00edo, senador, e marcha con el tras a defensa do fogueiro. Non sabemos que ser\u00e1 del e o mozo emigrante \u201cempezou a dubidar que aquel home (seu t\u00edo) puidese substitu\u00edr ao fogueiro algunha vez\u201d. A felicidade, o \u00e9xito, ap\u00e1rtannos da defensa da verdade? S\u00f3 queda a nostalxia do ben intentado?<\/p>\n<p style=\"text-align: justify;\">Kafka vai ilustrado por Max, un debuxante catal\u00e1n moi co\u00f1ecido polo seu c\u00f3mic \u201cBard\u00edn el Superrealista\u201d e polas s\u00faas colaboraci\u00f3ns en El Pa\u00eds.<\/p>\n","protected":false},"excerpt":{"rendered":"<p>Miguel Mari\u00f1o. Ten a editorial N\u00f3rdica, que tantos autores escandinavos de calidade tira do prelo, unha colecci\u00f3n de cl\u00e1sicos ilustrados, de Fitzgerald a Poe, que incl\u00fae O fogueiro, o pequeno libro que Kafka, que mandou destru\u00edr os seus manuscritos, editou voluntariamente en 1913 e que non est\u00e1 nos dous volumes que Galaxia editou en galego &hellip; <a href=\"http:\/\/cafebarbantia.barbantia.es\/?p=2969\" class=\"more-link\">Seguir lendo <span class=\"screen-reader-text\">O Kafka de 1913<\/span> <span class=\"meta-nav\">&rarr;<\/span><\/a><\/p>\n","protected":false},"author":1,"featured_media":0,"comment_status":"open","ping_status":"closed","sticky":false,"template":"","format":"standard","meta":{"_bbp_topic_count":0,"_bbp_reply_count":0,"_bbp_total_topic_count":0,"_bbp_total_reply_count":0,"_bbp_voice_count":0,"_bbp_anonymous_reply_count":0,"_bbp_topic_count_hidden":0,"_bbp_reply_count_hidden":0,"_bbp_forum_subforum_count":0,"_exactmetrics_skip_tracking":false,"_exactmetrics_sitenote_active":false,"_exactmetrics_sitenote_note":"","_exactmetrics_sitenote_category":0,"_monsterinsights_skip_tracking":false,"_monsterinsights_sitenote_active":false,"_monsterinsights_sitenote_note":"","_monsterinsights_sitenote_category":0},"categories":[51,9],"tags":[],"aioseo_notices":[],"_links":{"self":[{"href":"http:\/\/cafebarbantia.barbantia.es\/index.php?rest_route=\/wp\/v2\/posts\/2969"}],"collection":[{"href":"http:\/\/cafebarbantia.barbantia.es\/index.php?rest_route=\/wp\/v2\/posts"}],"about":[{"href":"http:\/\/cafebarbantia.barbantia.es\/index.php?rest_route=\/wp\/v2\/types\/post"}],"author":[{"embeddable":true,"href":"http:\/\/cafebarbantia.barbantia.es\/index.php?rest_route=\/wp\/v2\/users\/1"}],"replies":[{"embeddable":true,"href":"http:\/\/cafebarbantia.barbantia.es\/index.php?rest_route=%2Fwp%2Fv2%2Fcomments&post=2969"}],"version-history":[{"count":4,"href":"http:\/\/cafebarbantia.barbantia.es\/index.php?rest_route=\/wp\/v2\/posts\/2969\/revisions"}],"predecessor-version":[{"id":3042,"href":"http:\/\/cafebarbantia.barbantia.es\/index.php?rest_route=\/wp\/v2\/posts\/2969\/revisions\/3042"}],"wp:attachment":[{"href":"http:\/\/cafebarbantia.barbantia.es\/index.php?rest_route=%2Fwp%2Fv2%2Fmedia&parent=2969"}],"wp:term":[{"taxonomy":"category","embeddable":true,"href":"http:\/\/cafebarbantia.barbantia.es\/index.php?rest_route=%2Fwp%2Fv2%2Fcategories&post=2969"},{"taxonomy":"post_tag","embeddable":true,"href":"http:\/\/cafebarbantia.barbantia.es\/index.php?rest_route=%2Fwp%2Fv2%2Ftags&post=2969"}],"curies":[{"name":"wp","href":"https:\/\/api.w.org\/{rel}","templated":true}]}}