{"id":2994,"date":"2015-02-20T07:00:17","date_gmt":"2015-02-20T07:00:17","guid":{"rendered":"http:\/\/cafebarbantia.barbantia.es\/?p=2994"},"modified":"2015-02-09T17:20:27","modified_gmt":"2015-02-09T17:20:27","slug":"mes-castelao","status":"publish","type":"post","link":"http:\/\/cafebarbantia.barbantia.es\/?p=2994","title":{"rendered":"Mes Castelao"},"content":{"rendered":"<p style=\"text-align: justify;\"><i><strong><a href=\"http:\/\/cafebarbantia.barbantia.es\/wp-content\/uploads\/2015\/02\/castelao-1.jpg\"><img decoding=\"async\" loading=\"lazy\" class=\"size-medium wp-image-2995 alignright\" style=\"border: 1px solid black;\" alt=\"castelao 1\" src=\"http:\/\/cafebarbantia.barbantia.es\/wp-content\/uploads\/2015\/02\/castelao-1-165x300.jpg\" width=\"165\" height=\"300\" srcset=\"http:\/\/cafebarbantia.barbantia.es\/wp-content\/uploads\/2015\/02\/castelao-1-165x300.jpg 165w, http:\/\/cafebarbantia.barbantia.es\/wp-content\/uploads\/2015\/02\/castelao-1.jpg 442w\" sizes=\"(max-width: 165px) 100vw, 165px\" \/><\/a>Xos\u00e9 Manuel Lobato.\u00a0<\/strong>\u00c9 no intre en que a terra, pra se durmir, vaille virando as costas \u00e1 luz e o fume das tellas, mesto e leitoso, vaise esparexando no fondo do val. Non \u00e9 cousa de outro mundo pintar o que ven os ollos, que ser\u00e1n comestos polos vermes; pero na paisaxe hai m\u00e1is cousas que fitar&#8230;<\/i><\/p>\n<p style=\"text-align: justify;\">Observar, cavilar e identificar a imaxinaci\u00f3n creativa cunha realidade propia, de seu, unha causa sentida profundamente.<\/p>\n<p style=\"text-align: justify;\">Mais relacionarse coa paisaxe, mergullarse nun universo natural que acolle un incontable n\u00famero de est\u00edmulos e acontecementos, significa capacidade ilimitada de empat\u00eda co medio.<!--more--><\/p>\n<p style=\"text-align: justify;\">Xaneiro \u00e9 tempo de adormecer e amorri\u00f1ar, por\u00e9n un ollo sempre permanece ao axexo, escrutando o pr\u00f3ximo espertar dunha natureza\u00a0 latente e receptiva aos ciclos vitais.<\/p>\n<p style=\"text-align: justify;\">Mais ese espertador \u00e1 espreita e a natureza de Galicia, lograron confabulaci\u00f3n co setestrelo m\u00e1xico que alumea nesta contorna, para traer e levar neste adormecido mes ao referente m\u00e1is s\u00f3lido desta terra.<\/p>\n<p style=\"text-align: justify;\"><a href=\"http:\/\/cafebarbantia.barbantia.es\/wp-content\/uploads\/2015\/02\/castelao-2.jpg\"><img decoding=\"async\" loading=\"lazy\" class=\"size-full wp-image-2996 alignleft\" alt=\"castelao 2\" src=\"http:\/\/cafebarbantia.barbantia.es\/wp-content\/uploads\/2015\/02\/castelao-2.jpg\" width=\"259\" height=\"194\" \/><\/a>O neno Daniel, quixo arribar a este Aqu\u00e9n cunha ondada teimuda, que nos derradeiros d\u00edas de xaneiro porfiaba co seu forte avalar conquistar a ribeira de Rianxo.<\/p>\n<p style=\"text-align: justify;\">Quince escasos lustros despois de ingratos e crueis acontecementos, Castelao desp\u00eddese na outra ourela atl\u00e1ntica, no Al\u00e9n, mentres en Galicia o devalo cincento dese sete de xaneiro deixa pegada inmorredoira.<\/p>\n<p style=\"text-align: justify;\">Amante e defensor coma ningu\u00e9n dunha realidade natural, Castelao amosou ao mundo unha terra esplendorosa e fermosa. Mais, o vate rianxeiro, sempre denunciou o asoballamento e inxustizas das que Galicia e o seu medio natural \u00e9 doente permanente.<\/p>\n<p style=\"text-align: justify;\">Normalmente x\u00e9lido, ventoso e chuvioso, o mes de xaneiro \u00e9 dende o pasamento de Castelao, unha \u00e9poca de homenaxes e reco\u00f1ecementos para o debuxante, escritor e pol\u00edtico dunha causa, defensa e dignidade de Galicia.<\/p>\n<p style=\"text-align: justify;\">Escenas tinxidas de brancas ama\u00f1ecidas, raras anoitecidas coa brincadeira no solpor, noite de luar inmerso nunha coral estelar&#8230;<\/p>\n<p style=\"text-align: justify;\"><a href=\"http:\/\/cafebarbantia.barbantia.es\/wp-content\/uploads\/2015\/02\/castelao-3.jpg\"><img decoding=\"async\" loading=\"lazy\" class=\"wp-image-2997 alignright\" alt=\"castelao 3\" src=\"http:\/\/cafebarbantia.barbantia.es\/wp-content\/uploads\/2015\/02\/castelao-3.jpg\" width=\"270\" height=\"270\" srcset=\"http:\/\/cafebarbantia.barbantia.es\/wp-content\/uploads\/2015\/02\/castelao-3.jpg 300w, http:\/\/cafebarbantia.barbantia.es\/wp-content\/uploads\/2015\/02\/castelao-3-150x150.jpg 150w, http:\/\/cafebarbantia.barbantia.es\/wp-content\/uploads\/2015\/02\/castelao-3-144x144.jpg 144w\" sizes=\"(max-width: 270px) 100vw, 270px\" \/><\/a>Por iso, este polifac\u00e9tico\u00a0 e relevante persoeiro, decatouse e afirmou sen d\u00fabida que <i>hai m\u00e1is fermosura nas flori\u00f1as dos campos que nas flores do xard\u00edn.<\/i><\/p>\n<p style=\"text-align: justify;\">Contundente, asegura que esas flori\u00f1as ventureiras, que nacen libremente nos campos son a s\u00faa raz\u00f3n para ser un ventureiro das letras.<\/p>\n<p style=\"text-align: justify;\">Asubiando marchou xaneiro, mais Castelao e a s\u00faa obra seguen con todos n\u00f3s por sempre, a s\u00faa causa tam\u00e9n permanece presente nese mundo natural que non esquece.<\/p>\n<p style=\"text-align: justify;\">Por\u00e9n, a diversidade humana \u00e9 moi retorcida, pois a paisaxe que visualiza un ser humano dos ollos para f\u00f3ra, normalmente \u00e9 o reflexo do que agocha, de ollos para dentro.<\/p>\n","protected":false},"excerpt":{"rendered":"<p>Xos\u00e9 Manuel Lobato.\u00a0\u00c9 no intre en que a terra, pra se durmir, vaille virando as costas \u00e1 luz e o fume das tellas, mesto e leitoso, vaise esparexando no fondo do val. Non \u00e9 cousa de outro mundo pintar o que ven os ollos, que ser\u00e1n comestos polos vermes; pero na paisaxe hai m\u00e1is cousas &hellip; <a href=\"http:\/\/cafebarbantia.barbantia.es\/?p=2994\" class=\"more-link\">Seguir lendo <span class=\"screen-reader-text\">Mes Castelao<\/span> <span class=\"meta-nav\">&rarr;<\/span><\/a><\/p>\n","protected":false},"author":1,"featured_media":0,"comment_status":"open","ping_status":"closed","sticky":false,"template":"","format":"standard","meta":{"_bbp_topic_count":0,"_bbp_reply_count":0,"_bbp_total_topic_count":0,"_bbp_total_reply_count":0,"_bbp_voice_count":0,"_bbp_anonymous_reply_count":0,"_bbp_topic_count_hidden":0,"_bbp_reply_count_hidden":0,"_bbp_forum_subforum_count":0,"_exactmetrics_skip_tracking":false,"_exactmetrics_sitenote_active":false,"_exactmetrics_sitenote_note":"","_exactmetrics_sitenote_category":0,"_monsterinsights_skip_tracking":false,"_monsterinsights_sitenote_active":false,"_monsterinsights_sitenote_note":"","_monsterinsights_sitenote_category":0},"categories":[7,9,44],"tags":[],"aioseo_notices":[],"_links":{"self":[{"href":"http:\/\/cafebarbantia.barbantia.es\/index.php?rest_route=\/wp\/v2\/posts\/2994"}],"collection":[{"href":"http:\/\/cafebarbantia.barbantia.es\/index.php?rest_route=\/wp\/v2\/posts"}],"about":[{"href":"http:\/\/cafebarbantia.barbantia.es\/index.php?rest_route=\/wp\/v2\/types\/post"}],"author":[{"embeddable":true,"href":"http:\/\/cafebarbantia.barbantia.es\/index.php?rest_route=\/wp\/v2\/users\/1"}],"replies":[{"embeddable":true,"href":"http:\/\/cafebarbantia.barbantia.es\/index.php?rest_route=%2Fwp%2Fv2%2Fcomments&post=2994"}],"version-history":[{"count":3,"href":"http:\/\/cafebarbantia.barbantia.es\/index.php?rest_route=\/wp\/v2\/posts\/2994\/revisions"}],"predecessor-version":[{"id":3000,"href":"http:\/\/cafebarbantia.barbantia.es\/index.php?rest_route=\/wp\/v2\/posts\/2994\/revisions\/3000"}],"wp:attachment":[{"href":"http:\/\/cafebarbantia.barbantia.es\/index.php?rest_route=%2Fwp%2Fv2%2Fmedia&parent=2994"}],"wp:term":[{"taxonomy":"category","embeddable":true,"href":"http:\/\/cafebarbantia.barbantia.es\/index.php?rest_route=%2Fwp%2Fv2%2Fcategories&post=2994"},{"taxonomy":"post_tag","embeddable":true,"href":"http:\/\/cafebarbantia.barbantia.es\/index.php?rest_route=%2Fwp%2Fv2%2Ftags&post=2994"}],"curies":[{"name":"wp","href":"https:\/\/api.w.org\/{rel}","templated":true}]}}