{"id":3005,"date":"2015-02-21T07:00:32","date_gmt":"2015-02-21T07:00:32","guid":{"rendered":"http:\/\/cafebarbantia.barbantia.es\/?p=3005"},"modified":"2015-02-13T11:49:48","modified_gmt":"2015-02-13T11:49:48","slug":"no-centenario-de-xose-ma-alvarez-blazquez","status":"publish","type":"post","link":"http:\/\/cafebarbantia.barbantia.es\/?p=3005","title":{"rendered":"No centenario de Xos\u00e9 M\u00aa \u00c1lvarez Bl\u00e1zquez"},"content":{"rendered":"<p style=\"text-align: justify;\"><b><i><a href=\"http:\/\/cafebarbantia.barbantia.es\/wp-content\/uploads\/2015\/02\/baiona.jpg\"><img decoding=\"async\" loading=\"lazy\" class=\"size-medium wp-image-3006 alignleft\" style=\"border: 1px solid black;\" alt=\"baiona\" src=\"http:\/\/cafebarbantia.barbantia.es\/wp-content\/uploads\/2015\/02\/baiona-192x300.jpg\" width=\"192\" height=\"300\" srcset=\"http:\/\/cafebarbantia.barbantia.es\/wp-content\/uploads\/2015\/02\/baiona-192x300.jpg 192w, http:\/\/cafebarbantia.barbantia.es\/wp-content\/uploads\/2015\/02\/baiona-658x1024.jpg 658w, http:\/\/cafebarbantia.barbantia.es\/wp-content\/uploads\/2015\/02\/baiona.jpg 726w\" sizes=\"(max-width: 192px) 100vw, 192px\" \/><\/a>Rom\u00e1n Ar\u00e9n.<\/i><\/b> Membro dunha familia que aportou catro xeraci\u00f3ns de escritores \u00e1 literatura galega, homenaxeado cun D\u00eda das Letras Galegas, parece que \u201cpasado o d\u00eda, pasada a romar\u00eda\u201d. E non s\u00f3 de actualidade pode vivir o lector, non pode perder o f\u00edo de Ariadna e estar sempre coma un Ad\u00e1n neonato no labirinto. E os lectores galegos do com\u00fan est\u00e1n agora, con raz\u00f3n, \u00e1vidos, arelantes de novidades, pero non deben esquecer os seus cl\u00e1sicos (e ler s\u00f3 os dos demais, que tam\u00e9n son nosos), deben valoralos e relelos. E Xos\u00e9 M\u00aa \u00c1lvarez Bl\u00e1zquez, bo e xeneroso, home de mil saberes, editor benem\u00e9rito de Castrelos, promotor da colecci\u00f3n m\u00e1is popular da literatura galega, O Moucho, etn\u00f3grafo, arque\u00f3logo, erudito, bo narrador, ten as s\u00faas obras maiores, na mi\u00f1a opini\u00f3n non especializada, <!--more-->no eido da poes\u00eda con <i>Canle segredo<\/i> (1976), fermoso libro elex\u00edaco, e na erudici\u00f3n coa antolox\u00eda dos S\u00e9culos Escuros que preparou para Galaxia, a\u00ednda que tam\u00e9n a s\u00faa antolox\u00eda medieval ten m\u00e9ritos, a\u00ednda que estea xa superada. Foi a primeira que, de verdade, se fixo en Galicia e para Galicia. E iso f\u00f3ra da \u201cAcademia\u201d entendida como mundo universitario, paup\u00e9rrimo nos 50 e ao que non lle interesaban estas cousas nin Galicia. A s\u00faa profesi\u00f3n de libreiro e editor, permitiulle rescatar in\u00e9ditos e cl\u00e1sicos, de Pardo de Andrade a Pastor D\u00edaz, por po\u00f1er dous exemplos. Pero Xos\u00e9 M\u00aa \u00c1lvarez Bl\u00e1zquez foi un mestre represaliado, dunha familia esgazada e con asasinados polos golpistas, pero foi home constante no traballo, sen mala \u201cbaba\u201d, enxe\u00f1oso e sabio. Un pol\u00edgrafo, pois foi tam\u00e9n dramaturgo, historiador, bo narrador en castel\u00e1n, conferenciante, membro da Real Academia Galega, estudoso da prensa viguesa.<\/p>\n<p style=\"text-align: justify;\"><a href=\"http:\/\/cafebarbantia.barbantia.es\/wp-content\/uploads\/2015\/02\/alvarezblazquez.jpg\"><img decoding=\"async\" loading=\"lazy\" class=\"size-medium wp-image-3007 alignright\" alt=\"alvarezblazquez\" src=\"http:\/\/cafebarbantia.barbantia.es\/wp-content\/uploads\/2015\/02\/alvarezblazquez-300x173.jpg\" width=\"300\" height=\"173\" srcset=\"http:\/\/cafebarbantia.barbantia.es\/wp-content\/uploads\/2015\/02\/alvarezblazquez-300x173.jpg 300w, http:\/\/cafebarbantia.barbantia.es\/wp-content\/uploads\/2015\/02\/alvarezblazquez.jpg 646w\" sizes=\"(max-width: 300px) 100vw, 300px\" \/><\/a>Eu quero lembralo hoxe cunha obra menor, menor pola extensi\u00f3n, polas limitaci\u00f3ns do x\u00e9nero (\u00e9 unha conferencia), pero chea de sabedor\u00eda, graza e estilo: <i>Cr\u00f3nica rimada de Baiona e o seu mar<\/i>, que pronunciou en 1964 e que en 2008 editou o Instituto de Estudos Mi\u00f1oranos, ao coidado\u00a0 de Ant\u00f3n Bascato. Miguel Anxo Mouri\u00f1o puxo as notas eruditas e \u00fatiles. Sabiamos que Milton fala de Baiona e Nemancos no seu <i>Lycidas<\/i>? O poema foi escrito por mor da morte de E. King en 1637 fronte \u00e1s costas galegas, nun naufraxio. Ou sabiamos que anda Galicia en Baiona en Ariosto, no <i>Orlando Furioso<\/i>? Pois si. \u201cIsabella sono io, che figlia fui, del re mal fortunato di Gallizia\u201d. E de Ariosto e Milton ao licenciado Molina, pasando polo Arcipreste de Hita (\u201cDe parte de Bayona ven\u00edan muchos ca\u00e7ones&#8230;\u201d) e por Valerio Marcial (con d\u00fabidas dos eruditos).<\/p>\n<p style=\"text-align: justify;\">Amor ao pa\u00eds, ao saber gratu\u00edto, ao enriquecemento do esp\u00edrito, porque, tomando palabras do autor, \u201cse houbo algunha vez un V\u00e9laro de ouro, estaba aqu\u00ed no Finisterre prodixioso, onde abrollaban, como precioso sangue da terra, o estra\u00f1o e o \u2018oro galeco\u2019\u201d.<\/p>\n","protected":false},"excerpt":{"rendered":"<p>Rom\u00e1n Ar\u00e9n. Membro dunha familia que aportou catro xeraci\u00f3ns de escritores \u00e1 literatura galega, homenaxeado cun D\u00eda das Letras Galegas, parece que \u201cpasado o d\u00eda, pasada a romar\u00eda\u201d. E non s\u00f3 de actualidade pode vivir o lector, non pode perder o f\u00edo de Ariadna e estar sempre coma un Ad\u00e1n neonato no labirinto. E os &hellip; <a href=\"http:\/\/cafebarbantia.barbantia.es\/?p=3005\" class=\"more-link\">Seguir lendo <span class=\"screen-reader-text\">No centenario de Xos\u00e9 M\u00aa \u00c1lvarez Bl\u00e1zquez<\/span> <span class=\"meta-nav\">&rarr;<\/span><\/a><\/p>\n","protected":false},"author":1,"featured_media":0,"comment_status":"open","ping_status":"closed","sticky":false,"template":"","format":"standard","meta":{"_bbp_topic_count":0,"_bbp_reply_count":0,"_bbp_total_topic_count":0,"_bbp_total_reply_count":0,"_bbp_voice_count":0,"_bbp_anonymous_reply_count":0,"_bbp_topic_count_hidden":0,"_bbp_reply_count_hidden":0,"_bbp_forum_subforum_count":0,"_exactmetrics_skip_tracking":false,"_exactmetrics_sitenote_active":false,"_exactmetrics_sitenote_note":"","_exactmetrics_sitenote_category":0,"_monsterinsights_skip_tracking":false,"_monsterinsights_sitenote_active":false,"_monsterinsights_sitenote_note":"","_monsterinsights_sitenote_category":0},"categories":[7,28],"tags":[],"aioseo_notices":[],"_links":{"self":[{"href":"http:\/\/cafebarbantia.barbantia.es\/index.php?rest_route=\/wp\/v2\/posts\/3005"}],"collection":[{"href":"http:\/\/cafebarbantia.barbantia.es\/index.php?rest_route=\/wp\/v2\/posts"}],"about":[{"href":"http:\/\/cafebarbantia.barbantia.es\/index.php?rest_route=\/wp\/v2\/types\/post"}],"author":[{"embeddable":true,"href":"http:\/\/cafebarbantia.barbantia.es\/index.php?rest_route=\/wp\/v2\/users\/1"}],"replies":[{"embeddable":true,"href":"http:\/\/cafebarbantia.barbantia.es\/index.php?rest_route=%2Fwp%2Fv2%2Fcomments&post=3005"}],"version-history":[{"count":3,"href":"http:\/\/cafebarbantia.barbantia.es\/index.php?rest_route=\/wp\/v2\/posts\/3005\/revisions"}],"predecessor-version":[{"id":3025,"href":"http:\/\/cafebarbantia.barbantia.es\/index.php?rest_route=\/wp\/v2\/posts\/3005\/revisions\/3025"}],"wp:attachment":[{"href":"http:\/\/cafebarbantia.barbantia.es\/index.php?rest_route=%2Fwp%2Fv2%2Fmedia&parent=3005"}],"wp:term":[{"taxonomy":"category","embeddable":true,"href":"http:\/\/cafebarbantia.barbantia.es\/index.php?rest_route=%2Fwp%2Fv2%2Fcategories&post=3005"},{"taxonomy":"post_tag","embeddable":true,"href":"http:\/\/cafebarbantia.barbantia.es\/index.php?rest_route=%2Fwp%2Fv2%2Ftags&post=3005"}],"curies":[{"name":"wp","href":"https:\/\/api.w.org\/{rel}","templated":true}]}}