{"id":3230,"date":"2015-04-22T06:00:06","date_gmt":"2015-04-22T06:00:06","guid":{"rendered":"http:\/\/cafebarbantia.barbantia.es\/?p=3230"},"modified":"2015-04-18T18:13:32","modified_gmt":"2015-04-18T18:13:32","slug":"esther-carrodeguas-teatro-e-poesia","status":"publish","type":"post","link":"http:\/\/cafebarbantia.barbantia.es\/?p=3230","title":{"rendered":"Esther Carrodeguas, teatro e poes\u00eda"},"content":{"rendered":"<p style=\"text-align: justify;\"><a href=\"http:\/\/cafebarbantia.barbantia.es\/wp-content\/uploads\/2015\/03\/esther.jpg\"><img decoding=\"async\" loading=\"lazy\" class=\"alignleft size-medium wp-image-3231\" alt=\"esther\" src=\"http:\/\/cafebarbantia.barbantia.es\/wp-content\/uploads\/2015\/03\/esther-220x300.jpg\" width=\"220\" height=\"300\" srcset=\"http:\/\/cafebarbantia.barbantia.es\/wp-content\/uploads\/2015\/03\/esther-220x300.jpg 220w, http:\/\/cafebarbantia.barbantia.es\/wp-content\/uploads\/2015\/03\/esther.jpg 407w\" sizes=\"(max-width: 220px) 100vw, 220px\" \/><\/a><em><strong>Pastor Rodr\u00edguez.\u00a0<\/strong><\/em>Esta rianxeira nada en 1979 \u00e9 un <i>\u201canimal\u201d<\/i> teatral, pero tam\u00e9n poeta. Licenciada en Xornalismo, t\u00e9cnica superior en imaxe, con estudos de teatro, \u00e9 a directora do grupo teatral <i>Airi\u00f1os<\/i>, un grupo con m\u00e1is de oitenta anos de actividade, pero \u00e9 asemade actriz, fot\u00f3grafa, t\u00e9cnica audiovisual e ga\u00f1adora do Premio \u00e1 mellor direcci\u00f3n da Mostra de Teatro Universitario. Sen d\u00fabida, unha das figuras emerxentes de m\u00e1is forza no Barbanza. Carrodeguas non s\u00f3 escribe, dirixe ou interpreta teatro, sempre co galego como material de traballo, sen\u00f3n que tam\u00e9n \u00e9 activista cultural, promotora do concurso <i>Slam de Poes\u00eda<\/i> e poeta, autora de volumes como <i>Collage <\/i>(Barbantesa, 2011), un poemario rupturista, e <i>Supermarket. <!--more-->Un poemario delicioso<\/i>, cheo de humor, de retranca, que presenta cun espect\u00e1culo propio, que xa vai pola cuarta edici\u00f3n. Non acaban a\u00ed as achegas de Esther Fern\u00e1ndez Carrodeguas, pois foi premiada no 2006 no Pedr\u00f3n de Ouro con <i>Subir o tel\u00f3n <\/i>(Edici\u00f3ns do Castro, 2008), e publicou tam\u00e9n <i>\u201cBolboreta\u201d<\/i> no volume colectivo <i>A cor dos so\u00f1os<\/i>, ademais de<i> \u201cFantas\u00eda n\u00ba 1 en mi menor\u201d<\/i> e<i> <\/i><i>\u201cRep\u00fablica\u201d<\/i><em> <\/em>(ambas na <i>Revista N\u00faa das Artes Esc\u00e9nicas<\/i>). <a href=\"http:\/\/cafebarbantia.barbantia.es\/wp-content\/uploads\/2015\/03\/ester.jpg\"><img decoding=\"async\" loading=\"lazy\" class=\"alignright size-medium wp-image-3353\" alt=\"ester\" src=\"http:\/\/cafebarbantia.barbantia.es\/wp-content\/uploads\/2015\/03\/ester-300x189.jpg\" width=\"300\" height=\"189\" srcset=\"http:\/\/cafebarbantia.barbantia.es\/wp-content\/uploads\/2015\/03\/ester-300x189.jpg 300w, http:\/\/cafebarbantia.barbantia.es\/wp-content\/uploads\/2015\/03\/ester-900x569.jpg 900w, http:\/\/cafebarbantia.barbantia.es\/wp-content\/uploads\/2015\/03\/ester.jpg 980w\" sizes=\"(max-width: 300px) 100vw, 300px\" \/><\/a>Versatilidade, humor, forza vital ser\u00edan as caracter\u00edsticas axeitadas para describir a s\u00faa personalidade, sen esquecer o dinamismo que pon nas montaxes esc\u00e9nicas co seu grupo teatral. Porque, como ben escribe en <i>Supermarket<\/i>, xa de nena <i>\u201cfaciamos teatro sen querer \/ sobreactuabamos \/ sen co\u00f1ecer esa palabra \/ debiamos de ser \/ o mellor espect\u00e1culo do mundo\u201d<\/i>.<\/p>\n","protected":false},"excerpt":{"rendered":"<p>Pastor Rodr\u00edguez.\u00a0Esta rianxeira nada en 1979 \u00e9 un \u201canimal\u201d teatral, pero tam\u00e9n poeta. Licenciada en Xornalismo, t\u00e9cnica superior en imaxe, con estudos de teatro, \u00e9 a directora do grupo teatral Airi\u00f1os, un grupo con m\u00e1is de oitenta anos de actividade, pero \u00e9 asemade actriz, fot\u00f3grafa, t\u00e9cnica audiovisual e ga\u00f1adora do Premio \u00e1 mellor direcci\u00f3n da &hellip; <a href=\"http:\/\/cafebarbantia.barbantia.es\/?p=3230\" class=\"more-link\">Seguir lendo <span class=\"screen-reader-text\">Esther Carrodeguas, teatro e poes\u00eda<\/span> <span class=\"meta-nav\">&rarr;<\/span><\/a><\/p>\n","protected":false},"author":1,"featured_media":0,"comment_status":"open","ping_status":"closed","sticky":false,"template":"","format":"standard","meta":{"_bbp_topic_count":0,"_bbp_reply_count":0,"_bbp_total_topic_count":0,"_bbp_total_reply_count":0,"_bbp_voice_count":0,"_bbp_anonymous_reply_count":0,"_bbp_topic_count_hidden":0,"_bbp_reply_count_hidden":0,"_bbp_forum_subforum_count":0,"_exactmetrics_skip_tracking":false,"_exactmetrics_sitenote_active":false,"_exactmetrics_sitenote_note":"","_exactmetrics_sitenote_category":0,"_monsterinsights_skip_tracking":false,"_monsterinsights_sitenote_active":false,"_monsterinsights_sitenote_note":"","_monsterinsights_sitenote_category":0},"categories":[7,37,10,11],"tags":[],"aioseo_notices":[],"_links":{"self":[{"href":"http:\/\/cafebarbantia.barbantia.es\/index.php?rest_route=\/wp\/v2\/posts\/3230"}],"collection":[{"href":"http:\/\/cafebarbantia.barbantia.es\/index.php?rest_route=\/wp\/v2\/posts"}],"about":[{"href":"http:\/\/cafebarbantia.barbantia.es\/index.php?rest_route=\/wp\/v2\/types\/post"}],"author":[{"embeddable":true,"href":"http:\/\/cafebarbantia.barbantia.es\/index.php?rest_route=\/wp\/v2\/users\/1"}],"replies":[{"embeddable":true,"href":"http:\/\/cafebarbantia.barbantia.es\/index.php?rest_route=%2Fwp%2Fv2%2Fcomments&post=3230"}],"version-history":[{"count":2,"href":"http:\/\/cafebarbantia.barbantia.es\/index.php?rest_route=\/wp\/v2\/posts\/3230\/revisions"}],"predecessor-version":[{"id":3354,"href":"http:\/\/cafebarbantia.barbantia.es\/index.php?rest_route=\/wp\/v2\/posts\/3230\/revisions\/3354"}],"wp:attachment":[{"href":"http:\/\/cafebarbantia.barbantia.es\/index.php?rest_route=%2Fwp%2Fv2%2Fmedia&parent=3230"}],"wp:term":[{"taxonomy":"category","embeddable":true,"href":"http:\/\/cafebarbantia.barbantia.es\/index.php?rest_route=%2Fwp%2Fv2%2Fcategories&post=3230"},{"taxonomy":"post_tag","embeddable":true,"href":"http:\/\/cafebarbantia.barbantia.es\/index.php?rest_route=%2Fwp%2Fv2%2Ftags&post=3230"}],"curies":[{"name":"wp","href":"https:\/\/api.w.org\/{rel}","templated":true}]}}