{"id":3301,"date":"2015-04-18T06:00:54","date_gmt":"2015-04-18T06:00:54","guid":{"rendered":"http:\/\/cafebarbantia.barbantia.es\/?p=3301"},"modified":"2015-04-18T19:03:28","modified_gmt":"2015-04-18T19:03:28","slug":"campana-de-descredito","status":"publish","type":"post","link":"http:\/\/cafebarbantia.barbantia.es\/?p=3301","title":{"rendered":"Campa\u00f1a de descr\u00e9dito"},"content":{"rendered":"<p itemprop=\"text\" style=\"text-align: justify;\"><a href=\"http:\/\/cafebarbantia.barbantia.es\/wp-content\/uploads\/2015\/04\/parte-norte-da-Porta-de-Alcal\u00e1.jpg\"><img decoding=\"async\" loading=\"lazy\" class=\"alignleft size-medium wp-image-3302\" alt=\"parte norte da Porta de Alcal\u00e1\" src=\"http:\/\/cafebarbantia.barbantia.es\/wp-content\/uploads\/2015\/04\/parte-norte-da-Porta-de-Alcal\u00e1-300x225.jpg\" width=\"300\" height=\"225\" srcset=\"http:\/\/cafebarbantia.barbantia.es\/wp-content\/uploads\/2015\/04\/parte-norte-da-Porta-de-Alcal\u00e1-300x225.jpg 300w, http:\/\/cafebarbantia.barbantia.es\/wp-content\/uploads\/2015\/04\/parte-norte-da-Porta-de-Alcal\u00e1-1024x768.jpg 1024w, http:\/\/cafebarbantia.barbantia.es\/wp-content\/uploads\/2015\/04\/parte-norte-da-Porta-de-Alcal\u00e1-900x675.jpg 900w, http:\/\/cafebarbantia.barbantia.es\/wp-content\/uploads\/2015\/04\/parte-norte-da-Porta-de-Alcal\u00e1.jpg 1280w\" sizes=\"(max-width: 300px) 100vw, 300px\" \/><\/a><em><strong>Francisco Ant. Vidal Blanco.\u00a0<\/strong><\/em>Por se algu\u00e9n non se decatou, estamos en plena campa\u00f1a electoral. \u00bfE por que o sei? Pois pola cantidade de cami\u00f3ns de chapapote, piche e cemento que circulan polas estradas. Pola cantidade de obras en r\u00faas, prazas e beirarr\u00faas que hai a un mes das elecci\u00f3ns. Di Xulio que se houbese unhas elecci\u00f3ns cada mes acadar\u00edamos o pleno emprego. <!--more-->E o que non se explica \u00e9 que se fixo en catro anos para que todos os ama\u00f1os, presas e proxectos te\u00f1an que facerse a un mes vista. Pero o meu amigo tam\u00e9n se pregunta cantas destas obras son por necesidade e mellora e cantas por adorno e propaganda.<\/p>\n<p itemprop=\"text\" style=\"text-align: justify;\">Isto non \u00e9 novo. Todos lembramos a un ministro de fomento que cada semana inauguraba unha travesa do AVE, e o AVE a\u00ednda non sa\u00edu do ovo. Xa hai anos que a mi\u00f1a veci\u00f1a me fixo notar como antes das elecci\u00f3ns municipais, as empresas cementeiras p\u00f3\u00f1ense as botas botando capa sobre capa de formig\u00f3n en todas as r\u00faas, de maneira que, \u00e1 volta de tres ou catro lexislaturas, aquelas casas que antes ti\u00f1an que subir un chanzo para entrar, agora han de baixalo. Non hai m\u00e1is que dar unha volta por calquera pobo ou vila para ver como subiron as r\u00faas e como baixaron as soleiras.<\/p>\n<p itemprop=\"text\" style=\"text-align: justify;\">Lembro que hai anos pux\u00e9rase de moda inaugurar a dous d\u00edas das elecci\u00f3ns, mon\u00f3litos e rotondas onde non pod\u00eda faltar a placa do alcalde, a ser posible en bronce, agora substit\u00faese pola roda de prensa con c\u00e1maras de televisi\u00f3n e planas enteiras con moita foto e pouco texto. \u00bfE sabedes canto custa unha p\u00e1xina enteira de publicidade? Pois iso.<\/p>\n<p itemprop=\"text\" style=\"text-align: justify;\"><span style=\"font-size: 16px;\">Hai catro anos, nunha das nosas \u00a0grandes cidades galegas, o goberno municipal apurouse a decorar a cidade con elementos que convert\u00edan as r\u00faas e as prazas en verdadeiros xard\u00edns, pux\u00e9ronse medianas con moito verde herb\u00e1ceo, habilit\u00e1ronse viais para o autob\u00fas, \u00a0e a cousa gust\u00e1balle \u00f3s cidad\u00e1ns, \u00f3 ver como con aqueles remedios o bus nunca chegaba tarde a xente cami\u00f1aba e miraba os escaparates en lugares por onde antes se pasaba en coche e a todo correr, pero a pesar diso aqueles perderon as elecci\u00f3ns, e os novos elixidos polo pobo, nada m\u00e1is sentar no solio municipal mandaron desfacer todo o que trouxese \u00e1 memoria o traballo dos anteriores, co que aquelas obras, en plena crise, cust\u00e1ronlle \u00e1s arcas municipais o prezo de facela e o de desfacela.\u00a0<\/span><\/p>\n<p itemprop=\"text\" style=\"text-align: justify;\">Xulio di que algo as\u00ed deber\u00eda ser penado, xa como malversaci\u00f3n ou como prevaricaci\u00f3n. Agora mesmo, en todas as cidades e pobos polos que paso, as obras son unha constante repetitiva, \u00bfe van os novos grupos municipais que sa\u00edan das urnas a desfacer todo isto que se est\u00e1 facendo?.<\/p>\n<p itemprop=\"text\" style=\"text-align: justify;\">E se ben estas campa\u00f1as de desprestixio son a cousa m\u00e1is d\u00e9spota e despilfarradora que podemos ver, comenta algu\u00e9n que o colmo destas t\u00e9cnicas de descr\u00e9dito \u00edmolo ter en Madrid, na mesm\u00edsima capital, se sae ga\u00f1adora dona Esperanza, a se\u00f1ora condesa consorte de Bornos, que por levarlle a contraria \u00f3 seu inimigo de sempre, a don Alberte, xa asegurou que non pensa pisar a nova sede do concello, o pazo de Cibeles, que el reinaugurou no seu tempo de alcalde. Non hai peor cu\u00f1a ca do mesmo pau.<\/p>\n<p itemprop=\"text\" style=\"text-align: justify;\">E tam\u00e9n di Xulio que ante algo as\u00ed, que unha persoa presente a s\u00faa candidatura facendo promesa de gasto e derroche por levarlle a contraria a quen sexa, xa deber\u00eda ser citada polo fiscal correspondente. Pero as\u00ed son as campa\u00f1as de sempre, unhas de prometer e non dar e outras de arrasar co feito. Unha mostra indiscutible de que somos o pa\u00eds m\u00e1is rico do mundo, porque temos para facer e desfacer as veces que faga falta.<\/p>\n","protected":false},"excerpt":{"rendered":"<p>Francisco Ant. Vidal Blanco.\u00a0Por se algu\u00e9n non se decatou, estamos en plena campa\u00f1a electoral. \u00bfE por que o sei? Pois pola cantidade de cami\u00f3ns de chapapote, piche e cemento que circulan polas estradas. Pola cantidade de obras en r\u00faas, prazas e beirarr\u00faas que hai a un mes das elecci\u00f3ns. Di Xulio que se houbese unhas &hellip; <a href=\"http:\/\/cafebarbantia.barbantia.es\/?p=3301\" class=\"more-link\">Seguir lendo <span class=\"screen-reader-text\">Campa\u00f1a de descr\u00e9dito<\/span> <span class=\"meta-nav\">&rarr;<\/span><\/a><\/p>\n","protected":false},"author":1,"featured_media":0,"comment_status":"open","ping_status":"closed","sticky":false,"template":"","format":"standard","meta":{"_bbp_topic_count":0,"_bbp_reply_count":0,"_bbp_total_topic_count":0,"_bbp_total_reply_count":0,"_bbp_voice_count":0,"_bbp_anonymous_reply_count":0,"_bbp_topic_count_hidden":0,"_bbp_reply_count_hidden":0,"_bbp_forum_subforum_count":0,"_exactmetrics_skip_tracking":false,"_exactmetrics_sitenote_active":false,"_exactmetrics_sitenote_note":"","_exactmetrics_sitenote_category":0,"_monsterinsights_skip_tracking":false,"_monsterinsights_sitenote_active":false,"_monsterinsights_sitenote_note":"","_monsterinsights_sitenote_category":0},"categories":[7,52,9],"tags":[],"aioseo_notices":[],"_links":{"self":[{"href":"http:\/\/cafebarbantia.barbantia.es\/index.php?rest_route=\/wp\/v2\/posts\/3301"}],"collection":[{"href":"http:\/\/cafebarbantia.barbantia.es\/index.php?rest_route=\/wp\/v2\/posts"}],"about":[{"href":"http:\/\/cafebarbantia.barbantia.es\/index.php?rest_route=\/wp\/v2\/types\/post"}],"author":[{"embeddable":true,"href":"http:\/\/cafebarbantia.barbantia.es\/index.php?rest_route=\/wp\/v2\/users\/1"}],"replies":[{"embeddable":true,"href":"http:\/\/cafebarbantia.barbantia.es\/index.php?rest_route=%2Fwp%2Fv2%2Fcomments&post=3301"}],"version-history":[{"count":2,"href":"http:\/\/cafebarbantia.barbantia.es\/index.php?rest_route=\/wp\/v2\/posts\/3301\/revisions"}],"predecessor-version":[{"id":3360,"href":"http:\/\/cafebarbantia.barbantia.es\/index.php?rest_route=\/wp\/v2\/posts\/3301\/revisions\/3360"}],"wp:attachment":[{"href":"http:\/\/cafebarbantia.barbantia.es\/index.php?rest_route=%2Fwp%2Fv2%2Fmedia&parent=3301"}],"wp:term":[{"taxonomy":"category","embeddable":true,"href":"http:\/\/cafebarbantia.barbantia.es\/index.php?rest_route=%2Fwp%2Fv2%2Fcategories&post=3301"},{"taxonomy":"post_tag","embeddable":true,"href":"http:\/\/cafebarbantia.barbantia.es\/index.php?rest_route=%2Fwp%2Fv2%2Ftags&post=3301"}],"curies":[{"name":"wp","href":"https:\/\/api.w.org\/{rel}","templated":true}]}}