{"id":3398,"date":"2015-05-07T06:00:23","date_gmt":"2015-05-07T06:00:23","guid":{"rendered":"http:\/\/cafebarbantia.barbantia.es\/?p=3398"},"modified":"2015-05-01T09:18:20","modified_gmt":"2015-05-01T09:18:20","slug":"paisaxes-efemeras","status":"publish","type":"post","link":"http:\/\/cafebarbantia.barbantia.es\/?p=3398","title":{"rendered":"Paisaxes ef\u00e9meras"},"content":{"rendered":"<figure id=\"attachment_3399\" aria-describedby=\"caption-attachment-3399\" style=\"width: 300px\" class=\"wp-caption alignright\"><a href=\"http:\/\/cafebarbantia.barbantia.es\/wp-content\/uploads\/2015\/04\/paisaxes-ef\u00e9meras.jpg\"><img decoding=\"async\" loading=\"lazy\" class=\"size-medium wp-image-3399 \" alt=\"paisaxes ef\u00e9meras\" src=\"http:\/\/cafebarbantia.barbantia.es\/wp-content\/uploads\/2015\/04\/paisaxes-ef\u00e9meras-300x235.jpg\" width=\"300\" height=\"235\" srcset=\"http:\/\/cafebarbantia.barbantia.es\/wp-content\/uploads\/2015\/04\/paisaxes-ef\u00e9meras-300x235.jpg 300w, http:\/\/cafebarbantia.barbantia.es\/wp-content\/uploads\/2015\/04\/paisaxes-ef\u00e9meras-900x707.jpg 900w, http:\/\/cafebarbantia.barbantia.es\/wp-content\/uploads\/2015\/04\/paisaxes-ef\u00e9meras.jpg 980w\" sizes=\"(max-width: 300px) 100vw, 300px\" \/><\/a><figcaption id=\"caption-attachment-3399\" class=\"wp-caption-text\">Foto: Beatriz G. Canitrot<\/figcaption><\/figure>\n<p itemprop=\"text\" style=\"text-align: justify;\"><em><strong>Pedro Garc\u00eda Vidal.\u00a0<\/strong><\/em>Na zona temperada do Planeta en que nos atopamos, a natureza mide o paso do tempo polas estaci\u00f3ns. Na extraordinaria viaxe deste \u00abpequeno punto azul p\u00e1lido\u00bb arredor do sol, a precisa inclinaci\u00f3n do seu eixe sobre o plano da ecl\u00edptica perm\u00edtelles aos habitantes desta parte da Terra o fant\u00e1stico privilexio de contar con catro estaci\u00f3ns ben diferenciadas.<!--more--><\/p>\n<p itemprop=\"text\" style=\"text-align: justify;\">O reloxo biol\u00f3xico act\u00edvase na oscilante perpendicular solar entre os tr\u00f3picos. Solsticios e equinoccios gobernan as horas de d\u00eda e os cambios obedecen a ese mandato. O adormecer e o espertar, o letargo e o bulir da vida&#8230;, o ciclo estacional manda. Actividade e calma suc\u00e9dense no tempo, e ese vaiv\u00e9n ten un reflexo fiel nas paisaxes: as estaci\u00f3ns como sucesi\u00f3n de paisaxes ef\u00e9meras invariablemente substitu\u00eddas por outras equivalentes.<\/p>\n<p itemprop=\"text\" style=\"text-align: justify;\">Na invern\u00eda, a auga e o fr\u00edo colonizan a maior parte das paisaxes. A auga oculta faise visible ao arrefriar o aire: persistencia de n\u00e9boas nos vales, condensaci\u00f3n de humidade e formaci\u00f3n de nubes. Paisaxes grisallas de gran beleza, paisaxes diminutas e ef\u00e9meras que desaparecen coa sa\u00edda do sol.<\/p>\n<p itemprop=\"text\" style=\"text-align: justify;\">Se algo caracteriza a primavera \u00e9 o extraordinario espect\u00e1culo da floraci\u00f3n, o novo espertar da vida vexetal. En Xap\u00f3n, o Hanami, que quere dicir \u00abobservar flores\u00bb, bas\u00e9ase nunha tradici\u00f3n milenaria e hoxe tr\u00e1tase dunha das festividades favoritas dos xaponeses, o per\u00edodo de chegada da flor da cerdeira que simboliza cambios, un novo comezo. Ao igual que os xaponeses, aprendamos a contemplar o fermoso espect\u00e1culo floral, ese x\u00fabilo ef\u00e9mero da natureza, que viste de cor e aromas o ar.<\/p>\n<p itemprop=\"text\" style=\"text-align: justify;\">O ver\u00e1n \u00e9 tempo de calores. Por iso a auga, sempre atractiva, multiplica o seu engado. Os vales dos r\u00edos ofr\u00e9cense como remansos de frescura e de calma como alternativa a unhas praias ateigadas de amantes do balbordo e do sufoco. Unha cuberta vexetal m\u00faltiple acada nas ribeiras o seu punto \u00e1lxido e o verde domina as paisaxes. A tan ampla diversidade vexetal corresponde un universo animal m\u00faltiple, onde as diferentes especies de paxaros e aves constit\u00faen a parte sonora da paisaxe, o bulir como festexo da vida nova.<\/p>\n<p itemprop=\"text\" style=\"text-align: justify;\">A outon\u00eda trae o retorno \u00e1 calma. En Navarra, o faial de Irati acolle turistas de todos os lugares do mundo para contemplar as infinitas tonalidades crom\u00e1ticas das follas a morrer na gozosa outon\u00eda.<\/p>\n<p itemprop=\"text\" style=\"text-align: justify;\">Nestas vellas terras de Galicia, os soutos e carballeiras am\u00f3sanse espectaculares no intre en que a caediza cuberta comeza a espir o bosque para o sono invernal.<\/p>\n<p itemprop=\"text\" style=\"text-align: justify;\">Cami\u00f1ar con mirada despexada engade un atractivo m\u00e1is ao sinxelo pracer de pasear como \u00e9 o goce de paisaxes varias, que te\u00f1en o sabor do ef\u00e9mero. Como Thoureau (Massachusetts,1817-1862), sen d\u00fabida o mellor expo\u00f1ente da exaltaci\u00f3n das excursi\u00f3ns pola natureza -\u00abtodo o bo \u00e9 salvaxe e libre\u00bb- pero a unha escala m\u00e1is local e \u00edntima, gocemos do cami\u00f1ar por paisaxes cambiantes.<\/p>\n<p itemprop=\"text\" style=\"text-align: justify;\">Enfrontados ao silencio, descubramos e interpretemos esoutras paisaxes ef\u00e9meras e fugaces que nos rodean e \u00e1s que apenas prestamos atenci\u00f3n pero que te\u00f1en, na maior\u00eda dos casos, unha important\u00edsima dimensi\u00f3n social.<\/p>\n","protected":false},"excerpt":{"rendered":"<p>Pedro Garc\u00eda Vidal.\u00a0Na zona temperada do Planeta en que nos atopamos, a natureza mide o paso do tempo polas estaci\u00f3ns. Na extraordinaria viaxe deste \u00abpequeno punto azul p\u00e1lido\u00bb arredor do sol, a precisa inclinaci\u00f3n do seu eixe sobre o plano da ecl\u00edptica perm\u00edtelles aos habitantes desta parte da Terra o fant\u00e1stico privilexio de contar con &hellip; <a href=\"http:\/\/cafebarbantia.barbantia.es\/?p=3398\" class=\"more-link\">Seguir lendo <span class=\"screen-reader-text\">Paisaxes ef\u00e9meras<\/span> <span class=\"meta-nav\">&rarr;<\/span><\/a><\/p>\n","protected":false},"author":1,"featured_media":0,"comment_status":"open","ping_status":"closed","sticky":false,"template":"","format":"standard","meta":{"_bbp_topic_count":0,"_bbp_reply_count":0,"_bbp_total_topic_count":0,"_bbp_total_reply_count":0,"_bbp_voice_count":0,"_bbp_anonymous_reply_count":0,"_bbp_topic_count_hidden":0,"_bbp_reply_count_hidden":0,"_bbp_forum_subforum_count":0,"_exactmetrics_skip_tracking":false,"_exactmetrics_sitenote_active":false,"_exactmetrics_sitenote_note":"","_exactmetrics_sitenote_category":0,"_monsterinsights_skip_tracking":false,"_monsterinsights_sitenote_active":false,"_monsterinsights_sitenote_note":"","_monsterinsights_sitenote_category":0},"categories":[39,7,9,34],"tags":[],"aioseo_notices":[],"_links":{"self":[{"href":"http:\/\/cafebarbantia.barbantia.es\/index.php?rest_route=\/wp\/v2\/posts\/3398"}],"collection":[{"href":"http:\/\/cafebarbantia.barbantia.es\/index.php?rest_route=\/wp\/v2\/posts"}],"about":[{"href":"http:\/\/cafebarbantia.barbantia.es\/index.php?rest_route=\/wp\/v2\/types\/post"}],"author":[{"embeddable":true,"href":"http:\/\/cafebarbantia.barbantia.es\/index.php?rest_route=\/wp\/v2\/users\/1"}],"replies":[{"embeddable":true,"href":"http:\/\/cafebarbantia.barbantia.es\/index.php?rest_route=%2Fwp%2Fv2%2Fcomments&post=3398"}],"version-history":[{"count":2,"href":"http:\/\/cafebarbantia.barbantia.es\/index.php?rest_route=\/wp\/v2\/posts\/3398\/revisions"}],"predecessor-version":[{"id":3468,"href":"http:\/\/cafebarbantia.barbantia.es\/index.php?rest_route=\/wp\/v2\/posts\/3398\/revisions\/3468"}],"wp:attachment":[{"href":"http:\/\/cafebarbantia.barbantia.es\/index.php?rest_route=%2Fwp%2Fv2%2Fmedia&parent=3398"}],"wp:term":[{"taxonomy":"category","embeddable":true,"href":"http:\/\/cafebarbantia.barbantia.es\/index.php?rest_route=%2Fwp%2Fv2%2Fcategories&post=3398"},{"taxonomy":"post_tag","embeddable":true,"href":"http:\/\/cafebarbantia.barbantia.es\/index.php?rest_route=%2Fwp%2Fv2%2Ftags&post=3398"}],"curies":[{"name":"wp","href":"https:\/\/api.w.org\/{rel}","templated":true}]}}