{"id":3551,"date":"2015-06-03T06:00:08","date_gmt":"2015-06-03T06:00:08","guid":{"rendered":"http:\/\/cafebarbantia.barbantia.es\/?p=3551"},"modified":"2015-05-31T19:00:34","modified_gmt":"2015-05-31T19:00:34","slug":"a-desgraza-dos-crego","status":"publish","type":"post","link":"http:\/\/cafebarbantia.barbantia.es\/?p=3551","title":{"rendered":"A desgraza dos Crego"},"content":{"rendered":"<figure id=\"attachment_3553\" aria-describedby=\"caption-attachment-3553\" style=\"width: 300px\" class=\"wp-caption alignleft\"><a href=\"http:\/\/cafebarbantia.barbantia.es\/wp-content\/uploads\/2015\/05\/Froxel.-casa-natal-de-Murgu\u00eda.jpg\"><img decoding=\"async\" loading=\"lazy\" class=\"size-medium wp-image-3553\" alt=\"Casa natal de Murgu\u00eda\" src=\"http:\/\/cafebarbantia.barbantia.es\/wp-content\/uploads\/2015\/05\/Froxel.-casa-natal-de-Murgu\u00eda-300x253.jpg\" width=\"300\" height=\"253\" srcset=\"http:\/\/cafebarbantia.barbantia.es\/wp-content\/uploads\/2015\/05\/Froxel.-casa-natal-de-Murgu\u00eda-300x253.jpg 300w, http:\/\/cafebarbantia.barbantia.es\/wp-content\/uploads\/2015\/05\/Froxel.-casa-natal-de-Murgu\u00eda.jpg 512w\" sizes=\"(max-width: 300px) 100vw, 300px\" \/><\/a><figcaption id=\"caption-attachment-3553\" class=\"wp-caption-text\">Casa natal de Murgu\u00eda<\/figcaption><\/figure>\n<p itemprop=\"text\" style=\"text-align: justify;\"><em><strong>Francisco Ant. Vidal Blanco.\u00a0<\/strong><\/em>Cada familia ten a s\u00faa historia, o seu curr\u00edculo, a s\u00faa traxectoria, e a memoria de cada casa \u00e9 unha lenda que renace en cada xeraci\u00f3n, focalizando uns feitos e evitando falar doutros, obrig\u00e1ndonos a replantar os sucesos que nunca estar\u00e1n suficientemente claros, ata converterse nunha especie de nube seca sobre os que levan tal apelido ou tal alcume.<!--more--><\/p>\n<p itemprop=\"text\" style=\"text-align: justify;\">Era disto do que nos falaba Francisco Rodr\u00edguez Pan, descendente daquel que, xa vai cami\u00f1o dos douscentos anos, fora padri\u00f1o de Murgu\u00eda.<\/p>\n<p itemprop=\"text\" style=\"text-align: justify;\">O se\u00f1or Francisco foi o m\u00e1is novo dos irm\u00e1ns, e tal vez por iso ti\u00f1a maior querenza para ficar escoitando os contos de s\u00faa avoa, ou tempo para facelo, nunha \u00e9poca en que os rapaces m\u00e1is novos eran os coidadores dos anci\u00e1ns; contos que sempre levaban o peso da historia familiar por moito que a fantas\u00eda quixese formar parte deles, e con esa historia quedaba claro por que \u00e1 casa dos Crego se lle chamaba tam\u00e9n a do M\u00e9dico e por que tendo alcumes que evocaban un pasado moi diferenciado, non deixaban de ser labregos, percebeiros en Langosteira ou simples veci\u00f1os que botaban unha man e se daban certa destreza en cousas a onde non chegaba o m\u00e9dico. Na casa explicaban por que ti\u00f1an eles a \u00abpedra da pezo\u00f1a\u00bb que se usa contra o veleno de cobras e v\u00edboras, unha pedra que mollada en leite se coloca sobre a mordedura da becha e non se despega ata que chupa todo o veleno, unha pedra que s\u00f3 se atopa na cabeza das grandes cobras selv\u00e1ticas.<\/p>\n<figure id=\"attachment_3554\" aria-describedby=\"caption-attachment-3554\" style=\"width: 300px\" class=\"wp-caption alignright\"><a href=\"http:\/\/cafebarbantia.barbantia.es\/wp-content\/uploads\/2015\/05\/casa-dos-Crego-002.jpg\"><img decoding=\"async\" loading=\"lazy\" class=\"size-medium wp-image-3554\" alt=\"Reproduci\u00f3n en cer\u00e1mica da casa natal de Murgu\u00eda\" src=\"http:\/\/cafebarbantia.barbantia.es\/wp-content\/uploads\/2015\/05\/casa-dos-Crego-002-300x225.jpg\" width=\"300\" height=\"225\" srcset=\"http:\/\/cafebarbantia.barbantia.es\/wp-content\/uploads\/2015\/05\/casa-dos-Crego-002-300x225.jpg 300w, http:\/\/cafebarbantia.barbantia.es\/wp-content\/uploads\/2015\/05\/casa-dos-Crego-002-1024x768.jpg 1024w, http:\/\/cafebarbantia.barbantia.es\/wp-content\/uploads\/2015\/05\/casa-dos-Crego-002-900x675.jpg 900w, http:\/\/cafebarbantia.barbantia.es\/wp-content\/uploads\/2015\/05\/casa-dos-Crego-002.jpg 1600w\" sizes=\"(max-width: 300px) 100vw, 300px\" \/><\/a><figcaption id=\"caption-attachment-3554\" class=\"wp-caption-text\">Reproduci\u00f3n en cer\u00e1mica da casa natal de Murgu\u00eda<\/figcaption><\/figure>\n<p itemprop=\"text\" style=\"text-align: justify;\">Fantas\u00edas a parte, tam\u00e9n sab\u00edan na s\u00faa casa do uso de herbas e das doses para aplicalas, pero non era por nada disto que a s\u00faa era a casa do M\u00e9dico, sen\u00f3n porque entre os seus antepasados, ademais dun practicante de cirurx\u00eda houbo sempre unha querencia por esta disciplina, ata que a desgraza visitou \u00e1 familia e os saberes da ciencia convert\u00e9ronse en saberes de entendido, de ama\u00f1adores, albeites e parteiras.<\/p>\n<p itemprop=\"text\" style=\"text-align: justify;\">Hai uns d\u00edas comentamos aqu\u00ed as noticias aportadas por Xabier Maceiras e Pepe V\u00e1zquez sobre os descendentes de Manuel Antonio Pan, e sobre todo do fillo deste, que si exerceu con licenza o oficio da medicina ata que morreu de tifos con tan s\u00f3 trinta e sete anos, imaxinamos que deixando \u00f3s fillos no dif\u00edcil momento da adolescencia. Pero a\u00ednda as\u00ed, un fillo seu quixo seguir cos co\u00f1ecementos do pai a\u00ednda sen a pertinente titulaci\u00f3n, e exerceu na parroquia de Oseiro, atraendo \u00e1 s\u00faa casa a todos os doentes da redonda.<\/p>\n<p itemprop=\"text\" style=\"text-align: justify;\">Pero algo que a memoria non quixo gardar debeu acontecer para que a desgraza se cebase na casa, que era unha das m\u00e1is podentes da parroquia e a penas ficou co habit\u00e1culo. Os peor pensados din que debeu ser algunha morte ou lesi\u00f3n grave que obrigou a intervenci\u00f3n da xustiza, sen desbotar a posibilidade dunha denuncia por competencia desleal. O que fose non foi cousa boa, pois que lle custou a cadea \u00f3 exerc\u00edtante, e \u00e1 familia desprenderse da maior\u00eda dos bens e propiedades que ti\u00f1an, para pagar multas e avogados. Pero a\u00ednda non satisfeita, a xustiza, querendo ser xusta, foi \u00e1 casa do reo a requisar todos os libros que nela hab\u00eda.<\/p>\n<p itemprop=\"text\" style=\"text-align: justify;\">As\u00ed nolo conta Francisco Rodr\u00edguez, pero alg\u00fan libro debeu quedar esquecido, como para que unha antepasada dos nosos comunicantes lle aconsellase a un dos rapaces que non lle collese gusto \u00e1 aquelas lecturas que ela non ti\u00f1a cartos para mandalo a estudar, e por non ter a licenza xa a desgraza se cebara na familia.<\/p>\n","protected":false},"excerpt":{"rendered":"<p>Francisco Ant. Vidal Blanco.\u00a0Cada familia ten a s\u00faa historia, o seu curr\u00edculo, a s\u00faa traxectoria, e a memoria de cada casa \u00e9 unha lenda que renace en cada xeraci\u00f3n, focalizando uns feitos e evitando falar doutros, obrig\u00e1ndonos a replantar os sucesos que nunca estar\u00e1n suficientemente claros, ata converterse nunha especie de nube seca sobre os &hellip; <a href=\"http:\/\/cafebarbantia.barbantia.es\/?p=3551\" class=\"more-link\">Seguir lendo <span class=\"screen-reader-text\">A desgraza dos Crego<\/span> <span class=\"meta-nav\">&rarr;<\/span><\/a><\/p>\n","protected":false},"author":1,"featured_media":0,"comment_status":"open","ping_status":"closed","sticky":false,"template":"","format":"standard","meta":{"_bbp_topic_count":0,"_bbp_reply_count":0,"_bbp_total_topic_count":0,"_bbp_total_reply_count":0,"_bbp_voice_count":0,"_bbp_anonymous_reply_count":0,"_bbp_topic_count_hidden":0,"_bbp_reply_count_hidden":0,"_bbp_forum_subforum_count":0,"_exactmetrics_skip_tracking":false,"_exactmetrics_sitenote_active":false,"_exactmetrics_sitenote_note":"","_exactmetrics_sitenote_category":0,"_monsterinsights_skip_tracking":false,"_monsterinsights_sitenote_active":false,"_monsterinsights_sitenote_note":"","_monsterinsights_sitenote_category":0},"categories":[7,52,9],"tags":[],"aioseo_notices":[],"_links":{"self":[{"href":"http:\/\/cafebarbantia.barbantia.es\/index.php?rest_route=\/wp\/v2\/posts\/3551"}],"collection":[{"href":"http:\/\/cafebarbantia.barbantia.es\/index.php?rest_route=\/wp\/v2\/posts"}],"about":[{"href":"http:\/\/cafebarbantia.barbantia.es\/index.php?rest_route=\/wp\/v2\/types\/post"}],"author":[{"embeddable":true,"href":"http:\/\/cafebarbantia.barbantia.es\/index.php?rest_route=\/wp\/v2\/users\/1"}],"replies":[{"embeddable":true,"href":"http:\/\/cafebarbantia.barbantia.es\/index.php?rest_route=%2Fwp%2Fv2%2Fcomments&post=3551"}],"version-history":[{"count":2,"href":"http:\/\/cafebarbantia.barbantia.es\/index.php?rest_route=\/wp\/v2\/posts\/3551\/revisions"}],"predecessor-version":[{"id":3555,"href":"http:\/\/cafebarbantia.barbantia.es\/index.php?rest_route=\/wp\/v2\/posts\/3551\/revisions\/3555"}],"wp:attachment":[{"href":"http:\/\/cafebarbantia.barbantia.es\/index.php?rest_route=%2Fwp%2Fv2%2Fmedia&parent=3551"}],"wp:term":[{"taxonomy":"category","embeddable":true,"href":"http:\/\/cafebarbantia.barbantia.es\/index.php?rest_route=%2Fwp%2Fv2%2Fcategories&post=3551"},{"taxonomy":"post_tag","embeddable":true,"href":"http:\/\/cafebarbantia.barbantia.es\/index.php?rest_route=%2Fwp%2Fv2%2Ftags&post=3551"}],"curies":[{"name":"wp","href":"https:\/\/api.w.org\/{rel}","templated":true}]}}