{"id":3627,"date":"2015-06-11T06:00:43","date_gmt":"2015-06-11T06:00:43","guid":{"rendered":"http:\/\/cafebarbantia.barbantia.es\/?p=3627"},"modified":"2015-06-12T17:49:22","modified_gmt":"2015-06-12T17:49:22","slug":"manifesto-para-perder-amigos-nacionalistas","status":"publish","type":"post","link":"http:\/\/cafebarbantia.barbantia.es\/?p=3627","title":{"rendered":"Manifesto para humanizar as Letras Galegas"},"content":{"rendered":"<p style=\"text-align: justify;\"><em><strong><a href=\"http:\/\/cafebarbantia.barbantia.es\/wp-content\/uploads\/2015\/06\/filgueira-1.jpg\"><img decoding=\"async\" loading=\"lazy\" class=\"alignleft size-medium wp-image-3629\" alt=\"filgueira 1\" src=\"http:\/\/cafebarbantia.barbantia.es\/wp-content\/uploads\/2015\/06\/filgueira-1-219x300.jpg\" width=\"219\" height=\"300\" srcset=\"http:\/\/cafebarbantia.barbantia.es\/wp-content\/uploads\/2015\/06\/filgueira-1-219x300.jpg 219w, http:\/\/cafebarbantia.barbantia.es\/wp-content\/uploads\/2015\/06\/filgueira-1-747x1024.jpg 747w, http:\/\/cafebarbantia.barbantia.es\/wp-content\/uploads\/2015\/06\/filgueira-1-900x1232.jpg 900w, http:\/\/cafebarbantia.barbantia.es\/wp-content\/uploads\/2015\/06\/filgueira-1.jpg 1168w\" sizes=\"(max-width: 219px) 100vw, 219px\" \/><\/a>X. Ricardo Losada.\u00a0<\/strong><\/em>Pasou o d\u00eda das Letras Galegas, e houbo quen se negou a celebralo porque a RAG llo dedicou a Filgueira Valverde, un galeguista que colaborou co franquismo, ata o punto de ser moitos anos alcalde de Pontevedra. Non vou entrar agora nesa cuesti\u00f3n xa moi debatida durante os \u00faltimos meses por escritores, pol\u00edticos e intelectuais de todo tipo. Quixera facer simplemente unha reflexi\u00f3n sobre como creo eu que deber\u00eda actuar un dem\u00f3crata nun caso as\u00ed, tendo en conta que ser dem\u00f3crata non consiste s\u00f3 en aceptar que haxa ideas e opini\u00f3ns distintas (iso que chamamos pluralismo), sen\u00f3n en valorar que as haxa.<!--more--><\/p>\n<p style=\"text-align: justify;\">\u00a0\u00a0\u00a0\u00a0 E se esas ideas nacen nunha instituci\u00f3n como a Real Academia Galega, legal e lexitimamente constitu\u00edda, debemos aceptalas, e valoralas, tanto se nos gustan como se non, sobre todo se somos representantes dunha entidade, organismo ou departamento p\u00fablico, ou que vive de subvenci\u00f3ns oficiais. Se parece l\u00f3xico esixirlle aos colexios concertados, xa que reciben subvenci\u00f3ns p\u00fablicas, que non segreguen por sexo, tam\u00e9n o parece que os centros educativos celebren o d\u00eda das Letras Galegas, independentemente dos gustos persoais dos seus directivos ou xefes de departamento. Defender o ensino p\u00fablico non \u00e9 defender os meus criterios persoais, como se un colexio ou un instituto fosen a mi\u00f1a finca ou a da mi\u00f1a familia pol\u00edtica, sen\u00f3n defender os intereses com\u00fans democraticamente establecidos. Se un profesor cre que na s\u00faa aula ou no seu departamento, pode facer o que lle pete, sen render contas \u00e1 comunidade \u00e1 que pertence, pode p\u00f3rse o sublime que queira, pero non admite m\u00e1is cualificativo pol\u00edtico que o de neoliberal.<\/p>\n<p style=\"text-align: justify;\"><a href=\"http:\/\/cafebarbantia.barbantia.es\/wp-content\/uploads\/2015\/06\/bandera_galega-3.jpg\"><img decoding=\"async\" loading=\"lazy\" class=\"alignright size-medium wp-image-3630\" alt=\"bandera_galega 3\" src=\"http:\/\/cafebarbantia.barbantia.es\/wp-content\/uploads\/2015\/06\/bandera_galega-3-300x206.jpg\" width=\"300\" height=\"206\" srcset=\"http:\/\/cafebarbantia.barbantia.es\/wp-content\/uploads\/2015\/06\/bandera_galega-3-300x206.jpg 300w, http:\/\/cafebarbantia.barbantia.es\/wp-content\/uploads\/2015\/06\/bandera_galega-3.jpg 827w\" sizes=\"(max-width: 300px) 100vw, 300px\" \/><\/a>\u00a0\u00a0\u00a0\u00a0 Pero tam\u00e9n creo que esa mesma persoa deber\u00eda aceptar, e valorar, deseguido, que a Filgueira Valverde se lle critique, mesmo con furor (argumentativo, por suposto), algunhas das s\u00faas actitudes e conivencias. Porque ese \u00e9 outro defecto que lle vexo \u00e1 nosa cultura. A santificaci\u00f3n. D\u00e1 a impresi\u00f3n de que se a RAG designa a un escritor para o D\u00eda das Letras Galegas, a partir dese momento hai que convertelo nun escritor excelso e nunha bendita persoa. Xa non digo nada se pertenceu a alg\u00fan partido pol\u00edtico, asociaci\u00f3n ou familia profesional con influencia. Nin sequera se pode insinuar que lle foi infiel ao marido ou \u00e1 muller. Un alto preboste da cultura galega chegou a reprocharme que insinuase nunha charla (tiven claro que estaba defendendo a s\u00faa propia imaxe p\u00f3stuma) que un escritor galego beb\u00eda de m\u00e1is nas ceas. Preg\u00fantanme moitas veces que far\u00eda eu para potenciar o D\u00eda das Letras Galegas. Sempre digo o mesmo. Volver a designar aos mesmos autores comezando, como nos anos 1963 e 64, por Rosal\u00eda e Castelao. Pero enfocando a s\u00faa vida e a s\u00faa obra como unha cultura adulta e segura de si mesma. Como di Stella D\u00edaz Varin: \u201cNo quiero \/ que mis muertos descansen en paz \/ tienen la obligaci\u00f3n \/ de estar presentes\u201d.<\/p>\n<p>&nbsp;<\/p>\n","protected":false},"excerpt":{"rendered":"<p>X. Ricardo Losada.\u00a0Pasou o d\u00eda das Letras Galegas, e houbo quen se negou a celebralo porque a RAG llo dedicou a Filgueira Valverde, un galeguista que colaborou co franquismo, ata o punto de ser moitos anos alcalde de Pontevedra. Non vou entrar agora nesa cuesti\u00f3n xa moi debatida durante os \u00faltimos meses por escritores, pol\u00edticos &hellip; <a href=\"http:\/\/cafebarbantia.barbantia.es\/?p=3627\" class=\"more-link\">Seguir lendo <span class=\"screen-reader-text\">Manifesto para humanizar as Letras Galegas<\/span> <span class=\"meta-nav\">&rarr;<\/span><\/a><\/p>\n","protected":false},"author":1,"featured_media":0,"comment_status":"open","ping_status":"closed","sticky":false,"template":"","format":"standard","meta":{"_bbp_topic_count":0,"_bbp_reply_count":0,"_bbp_total_topic_count":0,"_bbp_total_reply_count":0,"_bbp_voice_count":0,"_bbp_anonymous_reply_count":0,"_bbp_topic_count_hidden":0,"_bbp_reply_count_hidden":0,"_bbp_forum_subforum_count":0,"_exactmetrics_skip_tracking":false,"_exactmetrics_sitenote_active":false,"_exactmetrics_sitenote_note":"","_exactmetrics_sitenote_category":0,"_monsterinsights_skip_tracking":false,"_monsterinsights_sitenote_active":false,"_monsterinsights_sitenote_note":"","_monsterinsights_sitenote_category":0},"categories":[7,9,26],"tags":[],"aioseo_notices":[],"_links":{"self":[{"href":"http:\/\/cafebarbantia.barbantia.es\/index.php?rest_route=\/wp\/v2\/posts\/3627"}],"collection":[{"href":"http:\/\/cafebarbantia.barbantia.es\/index.php?rest_route=\/wp\/v2\/posts"}],"about":[{"href":"http:\/\/cafebarbantia.barbantia.es\/index.php?rest_route=\/wp\/v2\/types\/post"}],"author":[{"embeddable":true,"href":"http:\/\/cafebarbantia.barbantia.es\/index.php?rest_route=\/wp\/v2\/users\/1"}],"replies":[{"embeddable":true,"href":"http:\/\/cafebarbantia.barbantia.es\/index.php?rest_route=%2Fwp%2Fv2%2Fcomments&post=3627"}],"version-history":[{"count":3,"href":"http:\/\/cafebarbantia.barbantia.es\/index.php?rest_route=\/wp\/v2\/posts\/3627\/revisions"}],"predecessor-version":[{"id":3653,"href":"http:\/\/cafebarbantia.barbantia.es\/index.php?rest_route=\/wp\/v2\/posts\/3627\/revisions\/3653"}],"wp:attachment":[{"href":"http:\/\/cafebarbantia.barbantia.es\/index.php?rest_route=%2Fwp%2Fv2%2Fmedia&parent=3627"}],"wp:term":[{"taxonomy":"category","embeddable":true,"href":"http:\/\/cafebarbantia.barbantia.es\/index.php?rest_route=%2Fwp%2Fv2%2Fcategories&post=3627"},{"taxonomy":"post_tag","embeddable":true,"href":"http:\/\/cafebarbantia.barbantia.es\/index.php?rest_route=%2Fwp%2Fv2%2Ftags&post=3627"}],"curies":[{"name":"wp","href":"https:\/\/api.w.org\/{rel}","templated":true}]}}