{"id":3687,"date":"2015-06-26T06:00:33","date_gmt":"2015-06-26T06:00:33","guid":{"rendered":"http:\/\/cafebarbantia.barbantia.es\/?p=3687"},"modified":"2015-06-24T20:38:12","modified_gmt":"2015-06-24T20:38:12","slug":"galicia-e-os-galegos-na-poesia-castela-ii-manuel-machado","status":"publish","type":"post","link":"http:\/\/cafebarbantia.barbantia.es\/?p=3687","title":{"rendered":"Galicia e os galegos na poes\u00eda castel\u00e1 II: Manuel Machado"},"content":{"rendered":"<p style=\"text-align: justify;\"><b><i><a href=\"http:\/\/cafebarbantia.barbantia.es\/wp-content\/uploads\/2015\/06\/Antonio_Machado_por_Leandro_Oroz_1925.jpg\"><img decoding=\"async\" loading=\"lazy\" class=\"size-full wp-image-3689 alignright\" alt=\"Antonio_Machado_por_Leandro_Oroz_(1925)\" src=\"http:\/\/cafebarbantia.barbantia.es\/wp-content\/uploads\/2015\/06\/Antonio_Machado_por_Leandro_Oroz_1925.jpg\" width=\"220\" height=\"278\" \/><\/a>Rom\u00e1n Ar\u00e9n.<\/i><\/b> Manuel Machado Ruiz (1874-1947) foi un dos intelectuais espa\u00f1ois m\u00e1is importantes do bando franquista, ben \u00e9 verdade que o seu non era a loita ideol\u00f3xica. Gran poeta parnasiano e simbolista, autor de libros po\u00e9ticos como <i>El mal poema, Cante Honde, Ars Moriendi, Phoenis<\/i> e <i>Horas de oro<\/i>, foi tam\u00e9n cr\u00edtico e dramaturgo en colaboraci\u00f3n co seu irm\u00e1n Antonio. En 1940 a Falanxe editoulle en Barcelona <i>Poes\u00eda. Opera Omnia Lyrica<\/i>, que eran con omisi\u00f3ns, case unhas Poes\u00edas completas. No volume a presenza de Galicia non \u00e9 pequena, pois cont\u00e9n \u201cSinfon\u00eda Gallega\u201d, \u201cSantiago de Compostela\u201d, \u201cLa canci\u00f3n del invierno\u201d, dedicada ao poeta galego Javier Valcerce, <!--more-->\u201cA Concepci\u00f3n Arenal\u201d, \u201cEn el primer libro de Virgilio Novoa Gil\u201d, poeta galego da Xeraci\u00f3n do 36, e \u201cFrancisco Franco\u201d, ademais de \u201cA Sof\u00eda Lustoslawska (Sof\u00eda Casanova), soneto moi modernista e \u201cSonata Gallega\u201d, adicada \u00e1 Alborada de Pascual Veiga, inzada de galeguismos.<\/p>\n<p style=\"text-align: justify;\">Manuel Machado vivir\u00e1 en Galicia unhas poucas semanas a fins de 1913, destinado na universidade de Compostela como bibliotecario. Seu pai, Antonio Machado \u00c1lvarez, o famoso folclorista \u201cDem\u00f3filo\u201d nacera na cidade en 1846, onde seu av\u00f3 era catedr\u00e1tico de F\u00edsica. Reproduzo \u201cSantiago de Compostela\u201d:<\/p>\n<p style=\"text-align: justify;\">Oh, la pobre alegr\u00eda\/de un sol de lata y una niebla fr\u00eda,\/que el verdinegro robledal esponja!\/\u00a1Oh, la melancol\u00eda\/de un coraz\u00f3n de monja\/tras el muro de negra siller\u00eda!\/\u00a1Oh, la vaca, que pace\/y al verde eterno la testuz inclina!&#8230;\/\u00a1El cohete, que en llanto se deshace\/en el aire mojado, mientras hace\/a la charanga popular sordina\/la huata de la t\u00e9pida neblina!\/\u00a1Oh, callejas sonoras,\/por donde el agua eternamente corre!&#8230;.\/\u00a1Y el caer de las horas\/de la lenta campana de la torre,\/qued\u00e1ndose en el aire, so\u00f1adoras,\/en estas tardes blancas como auroras!\/\u00a1Oh, Quintana de Muertos;\/oh, palacio\/de Gelm\u00edrez; oh piedra suntuaria,\/lujosa piedra, piedra igual y varia,\/matizada del gris hasta el topacio!\/\u00a1Oh, g\u00e1rgola mingente en el espacio\/con la ruda impudicia milenaria!\/\u00a1Oh, musgo; oh, jaramago; oh, parietaria\/-yedra a la piedra-; bajo el sol reacio!\/\u00a1Oh, P\u00f3rtico divino de la Gloria;\/Oh, peregrinaciones; Oh, la estela\/de lacras y dolores; oh, memoria\/del Ap\u00f3stol Sant Yago!&#8230;\u00a1Oh, centinela\/de la fe yerta y la olvidada Historia!\/\u00a1Oh, saudades; oh, muerte; oh, Compostela!<\/p>\n","protected":false},"excerpt":{"rendered":"<p>Rom\u00e1n Ar\u00e9n. Manuel Machado Ruiz (1874-1947) foi un dos intelectuais espa\u00f1ois m\u00e1is importantes do bando franquista, ben \u00e9 verdade que o seu non era a loita ideol\u00f3xica. Gran poeta parnasiano e simbolista, autor de libros po\u00e9ticos como El mal poema, Cante Honde, Ars Moriendi, Phoenis e Horas de oro, foi tam\u00e9n cr\u00edtico e dramaturgo en &hellip; <a href=\"http:\/\/cafebarbantia.barbantia.es\/?p=3687\" class=\"more-link\">Seguir lendo <span class=\"screen-reader-text\">Galicia e os galegos na poes\u00eda castel\u00e1 II: Manuel Machado<\/span> <span class=\"meta-nav\">&rarr;<\/span><\/a><\/p>\n","protected":false},"author":1,"featured_media":0,"comment_status":"open","ping_status":"closed","sticky":false,"template":"","format":"standard","meta":{"_bbp_topic_count":0,"_bbp_reply_count":0,"_bbp_total_topic_count":0,"_bbp_total_reply_count":0,"_bbp_voice_count":0,"_bbp_anonymous_reply_count":0,"_bbp_topic_count_hidden":0,"_bbp_reply_count_hidden":0,"_bbp_forum_subforum_count":0,"_exactmetrics_skip_tracking":false,"_exactmetrics_sitenote_active":false,"_exactmetrics_sitenote_note":"","_exactmetrics_sitenote_category":0,"_monsterinsights_skip_tracking":false,"_monsterinsights_sitenote_active":false,"_monsterinsights_sitenote_note":"","_monsterinsights_sitenote_category":0},"categories":[7,10,28],"tags":[],"aioseo_notices":[],"_links":{"self":[{"href":"http:\/\/cafebarbantia.barbantia.es\/index.php?rest_route=\/wp\/v2\/posts\/3687"}],"collection":[{"href":"http:\/\/cafebarbantia.barbantia.es\/index.php?rest_route=\/wp\/v2\/posts"}],"about":[{"href":"http:\/\/cafebarbantia.barbantia.es\/index.php?rest_route=\/wp\/v2\/types\/post"}],"author":[{"embeddable":true,"href":"http:\/\/cafebarbantia.barbantia.es\/index.php?rest_route=\/wp\/v2\/users\/1"}],"replies":[{"embeddable":true,"href":"http:\/\/cafebarbantia.barbantia.es\/index.php?rest_route=%2Fwp%2Fv2%2Fcomments&post=3687"}],"version-history":[{"count":3,"href":"http:\/\/cafebarbantia.barbantia.es\/index.php?rest_route=\/wp\/v2\/posts\/3687\/revisions"}],"predecessor-version":[{"id":3716,"href":"http:\/\/cafebarbantia.barbantia.es\/index.php?rest_route=\/wp\/v2\/posts\/3687\/revisions\/3716"}],"wp:attachment":[{"href":"http:\/\/cafebarbantia.barbantia.es\/index.php?rest_route=%2Fwp%2Fv2%2Fmedia&parent=3687"}],"wp:term":[{"taxonomy":"category","embeddable":true,"href":"http:\/\/cafebarbantia.barbantia.es\/index.php?rest_route=%2Fwp%2Fv2%2Fcategories&post=3687"},{"taxonomy":"post_tag","embeddable":true,"href":"http:\/\/cafebarbantia.barbantia.es\/index.php?rest_route=%2Fwp%2Fv2%2Ftags&post=3687"}],"curies":[{"name":"wp","href":"https:\/\/api.w.org\/{rel}","templated":true}]}}