{"id":3784,"date":"2015-07-07T06:00:21","date_gmt":"2015-07-07T06:00:21","guid":{"rendered":"http:\/\/cafebarbantia.barbantia.es\/?p=3784"},"modified":"2015-07-05T18:10:59","modified_gmt":"2015-07-05T18:10:59","slug":"sumision-de-houellebecq","status":"publish","type":"post","link":"http:\/\/cafebarbantia.barbantia.es\/?p=3784","title":{"rendered":"Sumisi\u00f3n, de Houellebecq"},"content":{"rendered":"<p style=\"text-align: justify;\"><a href=\"http:\/\/cafebarbantia.barbantia.es\/wp-content\/uploads\/2015\/07\/sumision.jpg\"><img decoding=\"async\" loading=\"lazy\" class=\"size-full wp-image-3785 alignright\" alt=\"sumision\" src=\"http:\/\/cafebarbantia.barbantia.es\/wp-content\/uploads\/2015\/07\/sumision.jpg\" width=\"179\" height=\"282\" \/><\/a><em><strong>Carlos Mosteiro.\u00a0<\/strong><\/em>Nin un guionista cheo ata as cellas de alucin\u00f3xenos, nin o director de mercadotecnia m\u00e1is perverso pod\u00eda prever un escenario semellante. O mesmo d\u00eda do atentado contra Chalie Hebdo chegou \u00e1s librer\u00edas \u201cSumisi\u00f3n\u201d (Anagrama), que xa antes de sa\u00edr levaba dentro o cebo\/declaraci\u00f3n de provocaci\u00f3n islam\u00f3foba en 300 p\u00e1xinas. O destino exerceu de macabro publicista, e o <i>enfant terrible<\/i>, logo da primeira impresi\u00f3n, f\u00edxose inda m\u00e1is <i>terrible<\/i>, pagando, iso si, a peaxe de ter que andar con escolta seguramente o que lle resta de vida.<!--more--><\/p>\n<p style=\"text-align: justify;\">M\u00e1is al\u00e1 do seu talento, que non discuto, a min Houllebecq desac\u00f3ugame. Non polo pouso reaccionario e a provocaci\u00f3n que leva adherida a s\u00faa marca. Non hai que esquecer que parte da gran literatura francesa do s\u00e9culo XX prov\u00e9n de extraordinarios escritores reaccionarios, mesmo alg\u00fan deles directamente filonazis. Pero con cada libro, Houellebecq semella ir un pouco m\u00e1is al\u00e1. Nun principio s\u00f3 eran pequenas travesuras, ataques contra o 68 (\u201cAs part\u00edculas elementais\u201d), ou contra a ben pensante e ped\u00f3fila, sobre todo nas s\u00faas vacaci\u00f3ns tailandesas, burgues\u00eda francesa (\u201cPlataforma\u201d). Agora xa semella cuestionar os valores republicanos, mesmo dispara por elevaci\u00f3n contra a Ilustraci\u00f3n.<\/p>\n<p style=\"text-align: justify;\">M\u00e1is al\u00e1 do provocador hai un escritor de nivel, ou polo menos solvente, que nos entrega unha historia de pol\u00edtica-ficci\u00f3n ambientada na Francia dun futuro pr\u00f3ximo, fantasiando coa posibilidade de que un goberno isl\u00e1mico se instale nas m\u00e1is altas instancias da rep\u00fablica, iniciando a islamizaci\u00f3n expr\u00e9s da cidadan\u00eda e das instituci\u00f3ns. Seguramente pola prevenci\u00f3n con que lin a novela, influ\u00eddo polo barullo medi\u00e1tico que a precedeu, ao final case non me quedou claro se as acusaci\u00f3ns eran certas.<a href=\"http:\/\/cafebarbantia.barbantia.es\/wp-content\/uploads\/2015\/07\/sumision2.jpg\"><img decoding=\"async\" loading=\"lazy\" class=\"alignright size-medium wp-image-3786\" alt=\"sumision2\" src=\"http:\/\/cafebarbantia.barbantia.es\/wp-content\/uploads\/2015\/07\/sumision2-300x162.jpg\" width=\"300\" height=\"162\" srcset=\"http:\/\/cafebarbantia.barbantia.es\/wp-content\/uploads\/2015\/07\/sumision2-300x162.jpg 300w, http:\/\/cafebarbantia.barbantia.es\/wp-content\/uploads\/2015\/07\/sumision2-1024x555.jpg 1024w, http:\/\/cafebarbantia.barbantia.es\/wp-content\/uploads\/2015\/07\/sumision2-900x488.jpg 900w, http:\/\/cafebarbantia.barbantia.es\/wp-content\/uploads\/2015\/07\/sumision2.jpg 2047w\" sizes=\"(max-width: 300px) 100vw, 300px\" \/><\/a> \u00c9 realmente unha novela islam\u00f3foba? O foco poder\u00eda po\u00f1erse igualmente no acomodaticio da sociedade gala unha vez producida a desfeita. De ser islam\u00f3foba ser\u00edao por sublimaci\u00f3n. Neg\u00e1ndolle toda posibilidade ao di\u00e1logo de civilizaci\u00f3ns, a cousa form\u00falase m\u00e1is ben en termos vitoria\/derrota. O resultado do partido non se vai decidir polos bos sentimentos nin o pacto, seguramente tampouco precisar\u00e1 da \u201cguerra santa\u201d. Bastar\u00e1n os petrod\u00f3lares e a demograf\u00eda. O razoamento leva a Houllebecq a un punto de non retorno. Se a batalla s\u00f3 se ga\u00f1a con <i>orde<\/i> e <i>reproduci\u00f3n<\/i>, os valores da Ilustraci\u00f3n estorban, son unha r\u00e9mora. Hai que volver \u00e1 tradici\u00f3n, \u00e1 relixi\u00f3n e \u00e1 familia.<\/p>\n<p style=\"text-align: justify;\">\u00a0\u00a0\u00a0\u00a0\u00a0\u00a0\u00a0\u00a0\u00a0\u00a0\u00a0 Moi forte. Mesmo para Houellebecq.<\/p>\n","protected":false},"excerpt":{"rendered":"<p>Carlos Mosteiro.\u00a0Nin un guionista cheo ata as cellas de alucin\u00f3xenos, nin o director de mercadotecnia m\u00e1is perverso pod\u00eda prever un escenario semellante. O mesmo d\u00eda do atentado contra Chalie Hebdo chegou \u00e1s librer\u00edas \u201cSumisi\u00f3n\u201d (Anagrama), que xa antes de sa\u00edr levaba dentro o cebo\/declaraci\u00f3n de provocaci\u00f3n islam\u00f3foba en 300 p\u00e1xinas. O destino exerceu de macabro &hellip; <a href=\"http:\/\/cafebarbantia.barbantia.es\/?p=3784\" class=\"more-link\">Seguir lendo <span class=\"screen-reader-text\">Sumisi\u00f3n, de Houellebecq<\/span> <span class=\"meta-nav\">&rarr;<\/span><\/a><\/p>\n","protected":false},"author":1,"featured_media":0,"comment_status":"open","ping_status":"closed","sticky":false,"template":"","format":"standard","meta":{"_bbp_topic_count":0,"_bbp_reply_count":0,"_bbp_total_topic_count":0,"_bbp_total_reply_count":0,"_bbp_voice_count":0,"_bbp_anonymous_reply_count":0,"_bbp_topic_count_hidden":0,"_bbp_reply_count_hidden":0,"_bbp_forum_subforum_count":0,"_exactmetrics_skip_tracking":false,"_exactmetrics_sitenote_active":false,"_exactmetrics_sitenote_note":"","_exactmetrics_sitenote_category":0,"_monsterinsights_skip_tracking":false,"_monsterinsights_sitenote_active":false,"_monsterinsights_sitenote_note":"","_monsterinsights_sitenote_category":0},"categories":[29,9],"tags":[],"aioseo_notices":[],"_links":{"self":[{"href":"http:\/\/cafebarbantia.barbantia.es\/index.php?rest_route=\/wp\/v2\/posts\/3784"}],"collection":[{"href":"http:\/\/cafebarbantia.barbantia.es\/index.php?rest_route=\/wp\/v2\/posts"}],"about":[{"href":"http:\/\/cafebarbantia.barbantia.es\/index.php?rest_route=\/wp\/v2\/types\/post"}],"author":[{"embeddable":true,"href":"http:\/\/cafebarbantia.barbantia.es\/index.php?rest_route=\/wp\/v2\/users\/1"}],"replies":[{"embeddable":true,"href":"http:\/\/cafebarbantia.barbantia.es\/index.php?rest_route=%2Fwp%2Fv2%2Fcomments&post=3784"}],"version-history":[{"count":2,"href":"http:\/\/cafebarbantia.barbantia.es\/index.php?rest_route=\/wp\/v2\/posts\/3784\/revisions"}],"predecessor-version":[{"id":3796,"href":"http:\/\/cafebarbantia.barbantia.es\/index.php?rest_route=\/wp\/v2\/posts\/3784\/revisions\/3796"}],"wp:attachment":[{"href":"http:\/\/cafebarbantia.barbantia.es\/index.php?rest_route=%2Fwp%2Fv2%2Fmedia&parent=3784"}],"wp:term":[{"taxonomy":"category","embeddable":true,"href":"http:\/\/cafebarbantia.barbantia.es\/index.php?rest_route=%2Fwp%2Fv2%2Fcategories&post=3784"},{"taxonomy":"post_tag","embeddable":true,"href":"http:\/\/cafebarbantia.barbantia.es\/index.php?rest_route=%2Fwp%2Fv2%2Ftags&post=3784"}],"curies":[{"name":"wp","href":"https:\/\/api.w.org\/{rel}","templated":true}]}}