{"id":3884,"date":"2015-08-31T06:00:56","date_gmt":"2015-08-31T06:00:56","guid":{"rendered":"http:\/\/cafebarbantia.barbantia.es\/?p=3884"},"modified":"2015-08-27T10:17:20","modified_gmt":"2015-08-27T10:17:20","slug":"galicia-e-os-galegos-na-poesia-castela-xvii-gil-parrado","status":"publish","type":"post","link":"http:\/\/cafebarbantia.barbantia.es\/?p=3884","title":{"rendered":"Galicia e os galegos na poes\u00eda castel\u00e1 XVII. Gil Parrado"},"content":{"rendered":"<p style=\"text-align: justify;\"><b><i><a href=\"http:\/\/cafebarbantia.barbantia.es\/wp-content\/uploads\/2015\/07\/palomero.jpg\"><img decoding=\"async\" loading=\"lazy\" class=\"size-medium wp-image-3885 alignleft\" alt=\"palomero\" src=\"http:\/\/cafebarbantia.barbantia.es\/wp-content\/uploads\/2015\/07\/palomero-200x300.jpg\" width=\"200\" height=\"300\" srcset=\"http:\/\/cafebarbantia.barbantia.es\/wp-content\/uploads\/2015\/07\/palomero-200x300.jpg 200w, http:\/\/cafebarbantia.barbantia.es\/wp-content\/uploads\/2015\/07\/palomero.jpg 311w\" sizes=\"(max-width: 200px) 100vw, 200px\" \/><\/a>Rom\u00e1n Ar\u00e9n.<\/i><\/b> Se houbo un galego famoso no mundo, que era sobre todo Par\u00eds, antes de Mar\u00eda Casares, foi a \u201cBella Otero\u201d, a nosa Carolina, a que ti\u00f1a o lagarto pintado. E se houbo un poeta humor\u00edstico famoso na prensa de Madrid entre 1895 e a primeira guerra mundial foi \u201cGil Parrado\u201d, \u00e9 dicir, Antonio Palomero (Madrid, 1869-M\u00e1laga, 1914), que recolleu as s\u00faas poes\u00edas sat\u00edricas ou humor\u00edsticas en varios volumes, o m\u00e1is co\u00f1ecido co t\u00edtulo de <i>Cancionero de Gil Parrado <\/i>(Madrid, 1900). Bohemio, amigo de Valle, de Carr\u00e8re, de Paradas e de Manuel Paso, foi ademais magn\u00edfico divagador e xornalista con graza. <!--more-->V\u00edctor Fuentes, xa desaparecido e que ten colaborado en &lt;Grial&gt;, recolleu o poema de Palomero a Carolina Otero na s\u00faa interesante antolox\u00eda <i>Poes\u00eda bohemia espa\u00f1ola <\/i>(1999), na que anda tam\u00e9n o galego Xavier B\u00f3veda. O poema, claro \u00e9, tit\u00falase \u201cLa Otero\u201d, e \u00e9 enxe\u00f1oso, relativa e ironicamente amable. Ofrezo s\u00f3 fragmentos:<\/p>\n<p style=\"text-align: justify;\">Se encuentra en Madrid la Otero;\/la c\u00e9lebre bailarina,\/graciosa, elegante y fina,\/y asombro del mundo entero.\/Sin duda, conocer\u00e1n\/ustedes a esa eminencia,\/doctora en la antigua ciencia\/productiva del flin flan&#8230;\/Mas la cultura de Espa\u00f1a\/la representa esa hermosa\/cuando baila la famosa\/danza del mata la ara\u00f1a.\/Ella por nosotros brilla\/en aquel pueblo fecundo,\/y en el cerebro del mundo\/ocupa nuestra celdilla.<\/p>\n<p style=\"text-align: justify;\">O cerebro do mundo \u00e9 Par\u00eds, e a Otero \u00e9 unha \u201ceminencia\/como muchas \u00a1con los pies!\u201d. Non hai d\u00fabida de que a Otero foi un dos grandes mitos er\u00f3ticos do seu tempo.<\/p>\n<p style=\"text-align: justify;\">Polo demais, e aproveitando que o Sar pasa por Padr\u00f3n, o libro de Fuentes incl\u00fae a Baroja como poeta, o x\u00e9nero no que \u00e9 menos co\u00f1ecido e no que publicou <i>Canciones del suburbio <\/i>(1944). No poema \u201cEspectro de bohemios\u201d, no que lembra os autores da s\u00faa \u00e9poca moza, aparece un galego, Bargiela, o autor de <i>Luci\u00e9rnagas (1900), <\/i>pero reeditado hai pouco):<\/p>\n<p style=\"text-align: justify;\">Bargiela cuenta historietas\/de su vida de Santiago&#8230;<\/p>\n<p style=\"text-align: justify;\">Bargiela morreu en Casablanca, como c\u00f3nsul, en 1910 e s\u00e1bese que colaborou con Valle nalgunhas adaptaci\u00f3ns teatrais. \u00c9, ademais, personaxe de <i>La casa de la Troya <\/i>\u00a0de P\u00e9rez Lug\u00edn, que o tratou en Compostela.<\/p>\n","protected":false},"excerpt":{"rendered":"<p>Rom\u00e1n Ar\u00e9n. Se houbo un galego famoso no mundo, que era sobre todo Par\u00eds, antes de Mar\u00eda Casares, foi a \u201cBella Otero\u201d, a nosa Carolina, a que ti\u00f1a o lagarto pintado. E se houbo un poeta humor\u00edstico famoso na prensa de Madrid entre 1895 e a primeira guerra mundial foi \u201cGil Parrado\u201d, \u00e9 dicir, Antonio &hellip; <a href=\"http:\/\/cafebarbantia.barbantia.es\/?p=3884\" class=\"more-link\">Seguir lendo <span class=\"screen-reader-text\">Galicia e os galegos na poes\u00eda castel\u00e1 XVII. Gil Parrado<\/span> <span class=\"meta-nav\">&rarr;<\/span><\/a><\/p>\n","protected":false},"author":1,"featured_media":0,"comment_status":"open","ping_status":"closed","sticky":false,"template":"","format":"standard","meta":{"_bbp_topic_count":0,"_bbp_reply_count":0,"_bbp_total_topic_count":0,"_bbp_total_reply_count":0,"_bbp_voice_count":0,"_bbp_anonymous_reply_count":0,"_bbp_topic_count_hidden":0,"_bbp_reply_count_hidden":0,"_bbp_forum_subforum_count":0,"_exactmetrics_skip_tracking":false,"_exactmetrics_sitenote_active":false,"_exactmetrics_sitenote_note":"","_exactmetrics_sitenote_category":0,"_monsterinsights_skip_tracking":false,"_monsterinsights_sitenote_active":false,"_monsterinsights_sitenote_note":"","_monsterinsights_sitenote_category":0},"categories":[7,10,28],"tags":[],"aioseo_notices":[],"_links":{"self":[{"href":"http:\/\/cafebarbantia.barbantia.es\/index.php?rest_route=\/wp\/v2\/posts\/3884"}],"collection":[{"href":"http:\/\/cafebarbantia.barbantia.es\/index.php?rest_route=\/wp\/v2\/posts"}],"about":[{"href":"http:\/\/cafebarbantia.barbantia.es\/index.php?rest_route=\/wp\/v2\/types\/post"}],"author":[{"embeddable":true,"href":"http:\/\/cafebarbantia.barbantia.es\/index.php?rest_route=\/wp\/v2\/users\/1"}],"replies":[{"embeddable":true,"href":"http:\/\/cafebarbantia.barbantia.es\/index.php?rest_route=%2Fwp%2Fv2%2Fcomments&post=3884"}],"version-history":[{"count":2,"href":"http:\/\/cafebarbantia.barbantia.es\/index.php?rest_route=\/wp\/v2\/posts\/3884\/revisions"}],"predecessor-version":[{"id":4097,"href":"http:\/\/cafebarbantia.barbantia.es\/index.php?rest_route=\/wp\/v2\/posts\/3884\/revisions\/4097"}],"wp:attachment":[{"href":"http:\/\/cafebarbantia.barbantia.es\/index.php?rest_route=%2Fwp%2Fv2%2Fmedia&parent=3884"}],"wp:term":[{"taxonomy":"category","embeddable":true,"href":"http:\/\/cafebarbantia.barbantia.es\/index.php?rest_route=%2Fwp%2Fv2%2Fcategories&post=3884"},{"taxonomy":"post_tag","embeddable":true,"href":"http:\/\/cafebarbantia.barbantia.es\/index.php?rest_route=%2Fwp%2Fv2%2Ftags&post=3884"}],"curies":[{"name":"wp","href":"https:\/\/api.w.org\/{rel}","templated":true}]}}