{"id":390,"date":"2014-01-29T23:50:08","date_gmt":"2014-01-29T23:50:08","guid":{"rendered":"http:\/\/cafebarbantia.barbantia.es\/?p=390"},"modified":"2014-01-30T00:17:13","modified_gmt":"2014-01-30T00:17:13","slug":"duas-fotografas-de-hoxe","status":"publish","type":"post","link":"http:\/\/cafebarbantia.barbantia.es\/?p=390","title":{"rendered":"D\u00faas fot\u00f3grafas de hoxe"},"content":{"rendered":"<figure id=\"attachment_393\" aria-describedby=\"caption-attachment-393\" style=\"width: 300px\" class=\"wp-caption alignleft\"><a href=\"http:\/\/cafebarbantia.barbantia.es\/wp-content\/uploads\/2014\/01\/foto-sara-miranda.jpg\"><img decoding=\"async\" loading=\"lazy\" class=\"size-medium wp-image-393\" alt=\"Foto: Sara Miranda\" src=\"http:\/\/cafebarbantia.barbantia.es\/wp-content\/uploads\/2014\/01\/foto-sara-miranda-300x200.jpg\" width=\"300\" height=\"200\" srcset=\"http:\/\/cafebarbantia.barbantia.es\/wp-content\/uploads\/2014\/01\/foto-sara-miranda-300x200.jpg 300w, http:\/\/cafebarbantia.barbantia.es\/wp-content\/uploads\/2014\/01\/foto-sara-miranda-1024x682.jpg 1024w, http:\/\/cafebarbantia.barbantia.es\/wp-content\/uploads\/2014\/01\/foto-sara-miranda-900x600.jpg 900w, http:\/\/cafebarbantia.barbantia.es\/wp-content\/uploads\/2014\/01\/foto-sara-miranda.jpg 1200w\" sizes=\"(max-width: 300px) 100vw, 300px\" \/><\/a><figcaption id=\"caption-attachment-393\" class=\"wp-caption-text\">Foto: Sara Miranda<\/figcaption><\/figure>\n<p style=\"text-align: justify;\"><em><strong>Ux\u00eda Casal<\/strong><\/em>. Ignoro at\u00e9 que punto a s\u00faa arte \u00e9 (re)co\u00f1ecida, pero tanto me ten, porque son moi boas, cada unha ao seu xeito. Tanto Paula G\u00f3mez del Valle (www.flickr.com\/photos\/descalza\/)\u00a0co- mo Sara Miranda (<a href=\"http:\/\/www.wenlagris.com\/\" target=\"_blank\" rel=\"nofollow nofollow\">www.wenlagris.com<\/a>) fan fotograf\u00edas do mundo que pos\u00faen un alento indescritible; Paula, se cadra, semella de primeiras m\u00e1is espont\u00e1nea, a\u00ednda que custe aceptar que a s\u00faa ollada sexa tan r\u00e1pida e oportuna,<\/p>\n<p style=\"text-align: justify;\"><!--more-->pero esa \u00e9 a sensaci\u00f3n que transmite; a segunda (quizais porque vexo con frecuencia no FB como prepara as sesi\u00f3ns) parece minuciosa e detallista \u00e1 hora de elaborar as s\u00faas pezas. Ambas as d\u00faas comparten connosco a s\u00faa mirada e abof\u00e9 que poden resultar inquietantes. Sorprendentes, suxestivas, emotivas, as d\u00faas son donas da c\u00e1mara e da t\u00e9cnica, das ideas e dos sentimentos, do saber facer. A Paula co\u00f1\u00e9zoa desde hai anos e fun vendo como evolucionaba at\u00e9 converterse na gran fot\u00f3grafa que \u00e9 hoxe; a Sara descubrina hai ano e pico no FB e axi\u00f1a me atraeu o seu xeito de contar historias. Porque diso se trata, de que nos conten historias, a ser posible ben. Ningunha das d\u00faas vive s\u00f3 da fotograf\u00eda, pero as d\u00faas senten unha gran paix\u00f3n por crear escenarios e escenas que golpean os nosos ollos facendo que se abran de abraio e marabilla.<\/p>\n<figure id=\"attachment_391\" aria-describedby=\"caption-attachment-391\" style=\"width: 300px\" class=\"wp-caption alignright\"><a href=\"http:\/\/cafebarbantia.barbantia.es\/wp-content\/uploads\/2014\/01\/Elos-Paula-G\u00f3mez-del-Valle.jpg\"><img decoding=\"async\" loading=\"lazy\" class=\"size-medium wp-image-391\" alt=\"Paula G\u00f3mez del Valle\" src=\"http:\/\/cafebarbantia.barbantia.es\/wp-content\/uploads\/2014\/01\/Elos-Paula-G\u00f3mez-del-Valle-300x198.jpg\" width=\"300\" height=\"198\" srcset=\"http:\/\/cafebarbantia.barbantia.es\/wp-content\/uploads\/2014\/01\/Elos-Paula-G\u00f3mez-del-Valle-300x198.jpg 300w, http:\/\/cafebarbantia.barbantia.es\/wp-content\/uploads\/2014\/01\/Elos-Paula-G\u00f3mez-del-Valle.jpg 560w\" sizes=\"(max-width: 300px) 100vw, 300px\" \/><\/a><figcaption id=\"caption-attachment-391\" class=\"wp-caption-text\">Foto: Paula G\u00f3mez del Valle<\/figcaption><\/figure>\n<p style=\"text-align: justify;\">Paula ama o branco e negro e viceversa; non poucas veces pensei en Sebastiao Salgado ollando os seus contrastes de luces e sombras, a s\u00faa forza e delicadeza. Sara est\u00e1 indagando na fotograf\u00eda anal\u00f3xica e revelando a cor na s\u00faa propia casa nun af\u00e1n (creo) por co\u00f1ecer m\u00e1is a fondo o medio; as s\u00faas historias sorprenden por inesperadas, \u00e1s veces duras, \u00e1s veces tenras, pero sempre chocantes.<\/p>\n<p style=\"text-align: justify;\">Se poden e queren, vis\u00edtenas. A viaxe paga a pena.<\/p>\n","protected":false},"excerpt":{"rendered":"<p>Ux\u00eda Casal. Ignoro at\u00e9 que punto a s\u00faa arte \u00e9 (re)co\u00f1ecida, pero tanto me ten, porque son moi boas, cada unha ao seu xeito. Tanto Paula G\u00f3mez del Valle (www.flickr.com\/photos\/descalza\/)\u00a0co- mo Sara Miranda (www.wenlagris.com) fan fotograf\u00edas do mundo que pos\u00faen un alento indescritible; Paula, se cadra, semella de primeiras m\u00e1is espont\u00e1nea, a\u00ednda que custe aceptar &hellip; <a href=\"http:\/\/cafebarbantia.barbantia.es\/?p=390\" class=\"more-link\">Seguir lendo <span class=\"screen-reader-text\">D\u00faas fot\u00f3grafas de hoxe<\/span> <span class=\"meta-nav\">&rarr;<\/span><\/a><\/p>\n","protected":false},"author":1,"featured_media":0,"comment_status":"open","ping_status":"closed","sticky":false,"template":"","format":"standard","meta":{"_bbp_topic_count":0,"_bbp_reply_count":0,"_bbp_total_topic_count":0,"_bbp_total_reply_count":0,"_bbp_voice_count":0,"_bbp_anonymous_reply_count":0,"_bbp_topic_count_hidden":0,"_bbp_reply_count_hidden":0,"_bbp_forum_subforum_count":0,"_exactmetrics_skip_tracking":false,"_exactmetrics_sitenote_active":false,"_exactmetrics_sitenote_note":"","_exactmetrics_sitenote_category":0,"_monsterinsights_skip_tracking":false,"_monsterinsights_sitenote_active":false,"_monsterinsights_sitenote_note":"","_monsterinsights_sitenote_category":0},"categories":[32,19],"tags":[],"aioseo_notices":[],"_links":{"self":[{"href":"http:\/\/cafebarbantia.barbantia.es\/index.php?rest_route=\/wp\/v2\/posts\/390"}],"collection":[{"href":"http:\/\/cafebarbantia.barbantia.es\/index.php?rest_route=\/wp\/v2\/posts"}],"about":[{"href":"http:\/\/cafebarbantia.barbantia.es\/index.php?rest_route=\/wp\/v2\/types\/post"}],"author":[{"embeddable":true,"href":"http:\/\/cafebarbantia.barbantia.es\/index.php?rest_route=\/wp\/v2\/users\/1"}],"replies":[{"embeddable":true,"href":"http:\/\/cafebarbantia.barbantia.es\/index.php?rest_route=%2Fwp%2Fv2%2Fcomments&post=390"}],"version-history":[{"count":4,"href":"http:\/\/cafebarbantia.barbantia.es\/index.php?rest_route=\/wp\/v2\/posts\/390\/revisions"}],"predecessor-version":[{"id":396,"href":"http:\/\/cafebarbantia.barbantia.es\/index.php?rest_route=\/wp\/v2\/posts\/390\/revisions\/396"}],"wp:attachment":[{"href":"http:\/\/cafebarbantia.barbantia.es\/index.php?rest_route=%2Fwp%2Fv2%2Fmedia&parent=390"}],"wp:term":[{"taxonomy":"category","embeddable":true,"href":"http:\/\/cafebarbantia.barbantia.es\/index.php?rest_route=%2Fwp%2Fv2%2Fcategories&post=390"},{"taxonomy":"post_tag","embeddable":true,"href":"http:\/\/cafebarbantia.barbantia.es\/index.php?rest_route=%2Fwp%2Fv2%2Ftags&post=390"}],"curies":[{"name":"wp","href":"https:\/\/api.w.org\/{rel}","templated":true}]}}