{"id":397,"date":"2014-01-30T10:45:57","date_gmt":"2014-01-30T10:45:57","guid":{"rendered":"http:\/\/cafebarbantia.barbantia.es\/?p=397"},"modified":"2014-01-30T20:36:05","modified_gmt":"2014-01-30T20:36:05","slug":"a-utilidade-do-inutil-de-nuccio-ordine","status":"publish","type":"post","link":"http:\/\/cafebarbantia.barbantia.es\/?p=397","title":{"rendered":"A utilidade do in\u00fatil, de Nuccio Ordine"},"content":{"rendered":"<p style=\"text-align: justify;\"><strong><em><a href=\"http:\/\/cafebarbantia.barbantia.es\/wp-content\/uploads\/2014\/01\/inutilidad-inutil-Nuccio-Ordine_Acantilado.jpg\"><img decoding=\"async\" loading=\"lazy\" class=\"alignright size-medium wp-image-399\" alt=\"inutilidad-inutil-Nuccio-Ordine_Acantilado\" src=\"http:\/\/cafebarbantia.barbantia.es\/wp-content\/uploads\/2014\/01\/inutilidad-inutil-Nuccio-Ordine_Acantilado-197x300.jpg\" width=\"197\" height=\"300\" srcset=\"http:\/\/cafebarbantia.barbantia.es\/wp-content\/uploads\/2014\/01\/inutilidad-inutil-Nuccio-Ordine_Acantilado-197x300.jpg 197w, http:\/\/cafebarbantia.barbantia.es\/wp-content\/uploads\/2014\/01\/inutilidad-inutil-Nuccio-Ordine_Acantilado-672x1024.jpg 672w, http:\/\/cafebarbantia.barbantia.es\/wp-content\/uploads\/2014\/01\/inutilidad-inutil-Nuccio-Ordine_Acantilado-900x1369.jpg 900w, http:\/\/cafebarbantia.barbantia.es\/wp-content\/uploads\/2014\/01\/inutilidad-inutil-Nuccio-Ordine_Acantilado.jpg 945w\" sizes=\"(max-width: 197px) 100vw, 197px\" \/><\/a>X. Ricardo Losada.<\/em><\/strong> Recomend\u00e1ronme este libro cr\u00edticos nos que conf\u00edo. Componse de numerosas citas de autores que admiro: Plat\u00f3n, Arist\u00f3teles, Petrarca, Montaigne, Shakespeare, Cervantes, Locke, Cioran, Foster Wallace\u2026 A coidada edici\u00f3n do libro (Acantilado) e as escasas 170 p\u00e1xinas axudaron a convencerme de que \u00eda ler unha pequena xoia. Decepci\u00f3n. F\u00edxoseme reiterativo. O autor manexa un \u00fanico argumento, repetido en distintas \u00e9pocas e escritores, para defender a utilidade in\u00fatil da cultura. Pode resumirse nestas fermosas palabras: \u201cEntre tantas incertezas, s\u00f3 unha cousa \u00e9 certa, se renunciamos \u00e1 forza xeradora do in\u00fatil, se s\u00f3 escoitamos o mort\u00edfero canto das sereas que nos impele a perseguir o beneficio, s\u00f3 seremos quen de producir unha colectividade enferma e sen memoria que, extraviada, acabar\u00e1 por perder o sentido de si mesma e da vida\u201d.<!--more--><\/p>\n<p style=\"text-align: justify;\">\u00a0\u00a0\u00a0\u00a0 Pero houbo outra raz\u00f3n. Cando rematei este libro, lin un artigo de Eduardo Arroyo no que analiza a lamentable situaci\u00f3n da arte en Espa\u00f1a. Fai un exercicio de autocr\u00edtica, que deber\u00eda ampliarse a outras burbullas (a inmobiliaria foi a locomotora dun tren con moitos vag\u00f3ns, inclu\u00eddo o cultural), para conclu\u00edr que a culpa non \u00e9 do IVE, nin do goberno, nin da C.E., nin dos pintores de Altamira, sen\u00f3n, en primeiro lugar, dos propios artistas. Ordine escapa da autocr\u00edtica. Deber\u00eda explicarnos por que o mundo da cultura carece da exemplariedade necesaria, p\u00fablica e privada, que dir\u00eda Plat\u00f3n, e Vox Populi confirma, para erixirse en inutilidade \u00fatil, m\u00e1is a\u00ednda nos tempos que corren. Sen ese contrapeso, o libro conv\u00e9rtese nese Manifesto (asinareino encantado, de todos xeitos) que o subtitula. O principio de autoridade non \u00e9 un argumento, por moi loables que sexan os invocados.<\/p>\n<p style=\"text-align: justify;\">\u00a0\u00a0\u00a0\u00a0 O gran acerto do libro \u00e9 o extraordinario ap\u00e9ndice que Ordine engade para complementar a s\u00faa tese. Abraham Flexner, pedagogo norteamericano creador do Institute for Advanced Study de Princeton, explica a importancia para a ciencia natural do cultivo da pura e in\u00fatil curiosidade.<\/p>\n<figure id=\"attachment_401\" aria-describedby=\"caption-attachment-401\" style=\"width: 200px\" class=\"wp-caption alignleft\"><a href=\"http:\/\/cafebarbantia.barbantia.es\/wp-content\/uploads\/2014\/01\/Nuccio-Ordine-\u00a9ChDELORY.jpg\"><img decoding=\"async\" loading=\"lazy\" class=\"size-medium wp-image-401\" alt=\"Nuccio Ordine \u00a9ChDELORY\" src=\"http:\/\/cafebarbantia.barbantia.es\/wp-content\/uploads\/2014\/01\/Nuccio-Ordine-\u00a9ChDELORY-200x300.jpg\" width=\"200\" height=\"300\" srcset=\"http:\/\/cafebarbantia.barbantia.es\/wp-content\/uploads\/2014\/01\/Nuccio-Ordine-\u00a9ChDELORY-200x300.jpg 200w, http:\/\/cafebarbantia.barbantia.es\/wp-content\/uploads\/2014\/01\/Nuccio-Ordine-\u00a9ChDELORY.jpg 378w\" sizes=\"(max-width: 200px) 100vw, 200px\" \/><\/a><figcaption id=\"caption-attachment-401\" class=\"wp-caption-text\">Nuccio Ordine \u00a9ChDELORY<\/figcaption><\/figure>\n<p style=\"text-align: justify;\">Prop\u00f3n que \u201c<i>canto menos se desv\u00eden as instituci\u00f3ns cient\u00edficas por consideraci\u00f3ns de utilidade inmediata, tanto m\u00e1is probable ser\u00e1 que contrib\u00faan ao benestar humano\u201d. <\/i>Pensar nas aplicaci\u00f3ns pr\u00e1cticas limita a curiosidade e a creatividade. Foi bastante m\u00e1is <i>\u00fatil <\/i>Maxwell, que calculou as ecuaci\u00f3ns te\u00f3ricas do electromagnetismo, s\u00f3 por curiosidade intelectual, que Marconi, inventor, a partir desas ecuaci\u00f3ns, da radio.<\/p>\n<p style=\"text-align: justify;\">\u00a0\u00a0\u00a0\u00a0 A mi\u00f1a tese \u00e9 que, na cultura, Maxwell e Marconi non poden ser persoas distintas. E, o m\u00e1is habitual, \u00e9 que o sexan. Explicar por que, \u00e9 unha tarefa urxente.<\/p>\n<p><!-- Begin W3Counter Tracking Code --><br \/>\n<script type=\"text\/javascript\" src=\"http:\/\/www.w3counter.com\/tracker.js\"><\/script><script type=\"text\/javascript\">\/\/ <![CDATA[\nw3counter(78998);\n\/\/ ]]><\/script><\/p>\n<p style=\"text-align: justify;\"><noscript><\/p>\n<div><a href=\"http:\/\/www.w3counter.com\"><img decoding=\"async\" src=\"http:\/\/www.w3counter.com\/tracker.php?id=78998\" style=\"border: 0\" alt=\"W3Counter\" \/><\/a><\/div>\n<p><\/noscript><\/p>\n<p><!-- End W3Counter Tracking Code --><\/p>\n","protected":false},"excerpt":{"rendered":"<p>X. Ricardo Losada. Recomend\u00e1ronme este libro cr\u00edticos nos que conf\u00edo. Componse de numerosas citas de autores que admiro: Plat\u00f3n, Arist\u00f3teles, Petrarca, Montaigne, Shakespeare, Cervantes, Locke, Cioran, Foster Wallace\u2026 A coidada edici\u00f3n do libro (Acantilado) e as escasas 170 p\u00e1xinas axudaron a convencerme de que \u00eda ler unha pequena xoia. Decepci\u00f3n. F\u00edxoseme reiterativo. O autor manexa &hellip; <a href=\"http:\/\/cafebarbantia.barbantia.es\/?p=397\" class=\"more-link\">Seguir lendo <span class=\"screen-reader-text\">A utilidade do in\u00fatil, de Nuccio Ordine<\/span> <span class=\"meta-nav\">&rarr;<\/span><\/a><\/p>\n","protected":false},"author":1,"featured_media":0,"comment_status":"open","ping_status":"closed","sticky":false,"template":"","format":"standard","meta":{"_bbp_topic_count":0,"_bbp_reply_count":0,"_bbp_total_topic_count":0,"_bbp_total_reply_count":0,"_bbp_voice_count":0,"_bbp_anonymous_reply_count":0,"_bbp_topic_count_hidden":0,"_bbp_reply_count_hidden":0,"_bbp_forum_subforum_count":0,"_exactmetrics_skip_tracking":false,"_exactmetrics_sitenote_active":false,"_exactmetrics_sitenote_note":"","_exactmetrics_sitenote_category":0,"_monsterinsights_skip_tracking":false,"_monsterinsights_sitenote_active":false,"_monsterinsights_sitenote_note":"","_monsterinsights_sitenote_category":0},"categories":[7,26],"tags":[],"aioseo_notices":[],"_links":{"self":[{"href":"http:\/\/cafebarbantia.barbantia.es\/index.php?rest_route=\/wp\/v2\/posts\/397"}],"collection":[{"href":"http:\/\/cafebarbantia.barbantia.es\/index.php?rest_route=\/wp\/v2\/posts"}],"about":[{"href":"http:\/\/cafebarbantia.barbantia.es\/index.php?rest_route=\/wp\/v2\/types\/post"}],"author":[{"embeddable":true,"href":"http:\/\/cafebarbantia.barbantia.es\/index.php?rest_route=\/wp\/v2\/users\/1"}],"replies":[{"embeddable":true,"href":"http:\/\/cafebarbantia.barbantia.es\/index.php?rest_route=%2Fwp%2Fv2%2Fcomments&post=397"}],"version-history":[{"count":5,"href":"http:\/\/cafebarbantia.barbantia.es\/index.php?rest_route=\/wp\/v2\/posts\/397\/revisions"}],"predecessor-version":[{"id":409,"href":"http:\/\/cafebarbantia.barbantia.es\/index.php?rest_route=\/wp\/v2\/posts\/397\/revisions\/409"}],"wp:attachment":[{"href":"http:\/\/cafebarbantia.barbantia.es\/index.php?rest_route=%2Fwp%2Fv2%2Fmedia&parent=397"}],"wp:term":[{"taxonomy":"category","embeddable":true,"href":"http:\/\/cafebarbantia.barbantia.es\/index.php?rest_route=%2Fwp%2Fv2%2Fcategories&post=397"},{"taxonomy":"post_tag","embeddable":true,"href":"http:\/\/cafebarbantia.barbantia.es\/index.php?rest_route=%2Fwp%2Fv2%2Ftags&post=397"}],"curies":[{"name":"wp","href":"https:\/\/api.w.org\/{rel}","templated":true}]}}