{"id":3999,"date":"2015-09-04T06:00:29","date_gmt":"2015-09-04T06:00:29","guid":{"rendered":"http:\/\/cafebarbantia.barbantia.es\/?p=3999"},"modified":"2015-08-30T20:57:02","modified_gmt":"2015-08-30T20:57:02","slug":"galicia-e-os-galegos-na-poesia-castela-xviii-ramon-de-basterra","status":"publish","type":"post","link":"http:\/\/cafebarbantia.barbantia.es\/?p=3999","title":{"rendered":"Galicia e os galegos na poes\u00eda castel\u00e1 XVIII. Ram\u00f3n de Basterra."},"content":{"rendered":"<p style=\"text-align: justify;\"><b><i><a href=\"http:\/\/cafebarbantia.barbantia.es\/wp-content\/uploads\/2015\/08\/RetratoBasterra.jpg\"><img decoding=\"async\" loading=\"lazy\" class=\"size-medium wp-image-4000 alignleft\" alt=\"RetratoBasterra\" src=\"http:\/\/cafebarbantia.barbantia.es\/wp-content\/uploads\/2015\/08\/RetratoBasterra-215x300.jpg\" width=\"215\" height=\"300\" srcset=\"http:\/\/cafebarbantia.barbantia.es\/wp-content\/uploads\/2015\/08\/RetratoBasterra-215x300.jpg 215w, http:\/\/cafebarbantia.barbantia.es\/wp-content\/uploads\/2015\/08\/RetratoBasterra.jpg 287w\" sizes=\"(max-width: 215px) 100vw, 215px\" \/><\/a>Rom\u00e1n Ar\u00e9n.<\/i><\/b> Foi Basterra poeta, ensa\u00edsta e diplom\u00e1tico, nacido en Bilbao en 1888, e pode ser clasificado como novecentista, membro da xeraci\u00f3n de Ortega, Juan Ram\u00f3n, P\u00e9rez de Ayala, D\u2019Ors e Cansinos. Comezou a s\u00faa actividade literaria en 1905 e o seu labor diplom\u00e1ico en 1915, que o levou a Roma, Bucarest e Caracas. Colaborador da revista vasca &lt;Hermes&gt;, a s\u00faa contribuci\u00f3n ao Novecentismo foi a Escola Romana do Pirineo, mesturada con sublimaci\u00f3ns \u00e1ureas e co influxo do simbolismo belga, pois co\u00f1eceu e traduciu a Verhaeren, publicou varios libros po\u00e9ticos e alg\u00fans ensaios. Sufriu tam\u00e9n o influxo das vangardas en <i>V\u00edrulo, las Mocedades <\/i>(1924) e <i>V\u00edrulo, Mediod\u00eda <\/i>(1927), sobre todo do futurismo.<!--more--><\/p>\n<p style=\"text-align: justify;\">Moi aprezado por D\u2019Ors, Gim\u00e9nez Caballero e Eugenio Florit, as\u00ed como por Gerardo Diego, que o incl\u00fae na segunda edici\u00f3n da s\u00faa famosa antolox\u00eda de 1934. Souvir\u00f3n atop\u00e1balle influxos de Whitman e os falanxistas de primeira hora como Areilza cr\u00edan que era poeta por excelencia da \u201cEspa\u00f1a Imperial\u201d. Non \u00e9 raro, pois, que a editorial Jerarqu\u00eda edite en 1939 unha <i>Antolog\u00eda po\u00e9tica<\/i>, con selecci\u00f3n de Blecua. Foi ben estudado por Guillermo D\u00edaz-Plaja, polo galego Carlos Antonio Are\u00e1n e, recentemente, \u00c1ngel Ortiz Alfau. Mais tam\u00e9n Juan Ram\u00f3n Jim\u00e9nez, Salinas e Unamuno valoraron positivamente a s\u00faa obra. Perdeu a raz\u00f3n e faleceu nun sanatorio mental de Madrid en 1928.<\/p>\n<p style=\"text-align: justify;\">Poucas veces foi relacionado con Galicia, pero un dos seus poemas, presente na antolox\u00eda falanxista de 1939, \u00e9 de tem\u00e1tica galega e, m\u00e1is axustadamente, xacobea. Leva por t\u00edtulo \u201cHospeder\u00edas de Santiago\u201d e creo que responde a un co\u00f1ecemento real da cidade compostel\u00e1. Amoso s\u00f3 fragmentos, pois \u00e9 un longo poema narrativo:<\/p>\n<p style=\"text-align: justify;\">&#8230;De Vasconia; los montes de Castilla marina, monta\u00f1as asturianas hasta que, en donde fina Espa\u00f1a frente al mar, los montes de Santiago, los montes de Galicia luc\u00edan su azul vago.<\/p>\n<p style=\"text-align: justify;\">Estes longos versos alexandrinos contrastan co \u00e1xil inicio do poema:<\/p>\n<p style=\"text-align: justify;\">Pas\u00f3 la v\u00eda\/del Ap\u00f3stol, con sibilante jubileo,\/a trav\u00e9s de la monta\u00f1er\u00eda\/del Pirineo.<\/p>\n","protected":false},"excerpt":{"rendered":"<p>Rom\u00e1n Ar\u00e9n. Foi Basterra poeta, ensa\u00edsta e diplom\u00e1tico, nacido en Bilbao en 1888, e pode ser clasificado como novecentista, membro da xeraci\u00f3n de Ortega, Juan Ram\u00f3n, P\u00e9rez de Ayala, D\u2019Ors e Cansinos. Comezou a s\u00faa actividade literaria en 1905 e o seu labor diplom\u00e1ico en 1915, que o levou a Roma, Bucarest e Caracas. Colaborador &hellip; <a href=\"http:\/\/cafebarbantia.barbantia.es\/?p=3999\" class=\"more-link\">Seguir lendo <span class=\"screen-reader-text\">Galicia e os galegos na poes\u00eda castel\u00e1 XVIII. Ram\u00f3n de Basterra.<\/span> <span class=\"meta-nav\">&rarr;<\/span><\/a><\/p>\n","protected":false},"author":1,"featured_media":0,"comment_status":"open","ping_status":"closed","sticky":false,"template":"","format":"standard","meta":{"_bbp_topic_count":0,"_bbp_reply_count":0,"_bbp_total_topic_count":0,"_bbp_total_reply_count":0,"_bbp_voice_count":0,"_bbp_anonymous_reply_count":0,"_bbp_topic_count_hidden":0,"_bbp_reply_count_hidden":0,"_bbp_forum_subforum_count":0,"_exactmetrics_skip_tracking":false,"_exactmetrics_sitenote_active":false,"_exactmetrics_sitenote_note":"","_exactmetrics_sitenote_category":0,"_monsterinsights_skip_tracking":false,"_monsterinsights_sitenote_active":false,"_monsterinsights_sitenote_note":"","_monsterinsights_sitenote_category":0},"categories":[7,10,28],"tags":[],"aioseo_notices":[],"_links":{"self":[{"href":"http:\/\/cafebarbantia.barbantia.es\/index.php?rest_route=\/wp\/v2\/posts\/3999"}],"collection":[{"href":"http:\/\/cafebarbantia.barbantia.es\/index.php?rest_route=\/wp\/v2\/posts"}],"about":[{"href":"http:\/\/cafebarbantia.barbantia.es\/index.php?rest_route=\/wp\/v2\/types\/post"}],"author":[{"embeddable":true,"href":"http:\/\/cafebarbantia.barbantia.es\/index.php?rest_route=\/wp\/v2\/users\/1"}],"replies":[{"embeddable":true,"href":"http:\/\/cafebarbantia.barbantia.es\/index.php?rest_route=%2Fwp%2Fv2%2Fcomments&post=3999"}],"version-history":[{"count":2,"href":"http:\/\/cafebarbantia.barbantia.es\/index.php?rest_route=\/wp\/v2\/posts\/3999\/revisions"}],"predecessor-version":[{"id":4123,"href":"http:\/\/cafebarbantia.barbantia.es\/index.php?rest_route=\/wp\/v2\/posts\/3999\/revisions\/4123"}],"wp:attachment":[{"href":"http:\/\/cafebarbantia.barbantia.es\/index.php?rest_route=%2Fwp%2Fv2%2Fmedia&parent=3999"}],"wp:term":[{"taxonomy":"category","embeddable":true,"href":"http:\/\/cafebarbantia.barbantia.es\/index.php?rest_route=%2Fwp%2Fv2%2Fcategories&post=3999"},{"taxonomy":"post_tag","embeddable":true,"href":"http:\/\/cafebarbantia.barbantia.es\/index.php?rest_route=%2Fwp%2Fv2%2Ftags&post=3999"}],"curies":[{"name":"wp","href":"https:\/\/api.w.org\/{rel}","templated":true}]}}