{"id":4071,"date":"2015-09-10T06:00:52","date_gmt":"2015-09-10T06:00:52","guid":{"rendered":"http:\/\/cafebarbantia.barbantia.es\/?p=4071"},"modified":"2015-09-09T20:58:43","modified_gmt":"2015-09-09T20:58:43","slug":"a-bicicleta","status":"publish","type":"post","link":"http:\/\/cafebarbantia.barbantia.es\/?p=4071","title":{"rendered":"A bicicleta"},"content":{"rendered":"<p style=\"text-align: justify;\"><a href=\"http:\/\/cafebarbantia.barbantia.es\/wp-content\/uploads\/2015\/08\/Bicycle1.jpg\"><img decoding=\"async\" loading=\"lazy\" class=\"size-medium wp-image-4072 alignleft\" alt=\"Bicycle1\" src=\"http:\/\/cafebarbantia.barbantia.es\/wp-content\/uploads\/2015\/08\/Bicycle1-300x187.jpg\" width=\"300\" height=\"187\" srcset=\"http:\/\/cafebarbantia.barbantia.es\/wp-content\/uploads\/2015\/08\/Bicycle1-300x187.jpg 300w, http:\/\/cafebarbantia.barbantia.es\/wp-content\/uploads\/2015\/08\/Bicycle1.jpg 640w\" sizes=\"(max-width: 300px) 100vw, 300px\" \/><\/a><em><strong>Ant\u00f3n Riveiro Coello. <\/strong><\/em>Sempre fun moi zoup\u00f3n e non sei andar en bicicleta por culpa do defunto que, por esas iron\u00edas do destino, onte foi atropelado por un cami\u00f3n. Corenta e sete anos. Catro menos ca min. Unha desgraza para a familia, non o vou negar. Todos os veci\u00f1os vi\u00f1eron ao enterro. A caixa est\u00e1 aberta e maquill\u00e1rono tan ben para a ocasi\u00f3n que non se lle ven as pegadas do accidente. <!--more-->Con todo, si podo intu\u00edr na comisura dos seus beizos o indicio dun sorriso que me pertence. Miro para el cunha mestura de horror e satisfacci\u00f3n porque nunca me caeu al\u00e1 moi ben. E non son rancoroso, mais non podo esquecer a humillaci\u00f3n que me fixo cando eu ti\u00f1a oito anos e el apenas era un cativo. Lembro que pap\u00e1 se deslombaba na recta sost\u00e9ndome o <i>sill\u00edn<\/i>, coa esperanza de que eu me soltase dunha vez. A maior\u00eda xa o fixera e d\u00e1bame moita vergonza ser tan maior e non saber andar en bici. Esa tarde do ver\u00e1n de 1972 eu xa case estaba a piques de o conseguir, seino; se pecho os ollos, a\u00ednda podo sentir o alento de pap\u00e1 na caluga e o est\u00edmulo das s\u00faas palabras acari\u00f1\u00e1ndome os ouvidos. Todo estaba listo para a mi\u00f1a estrea, cando, de s\u00fapeto, o botaporelas do defunto, cunha chuler\u00eda obscena para os seus catro anos, adiantoume sen <i>rod\u00edns<\/i> e referendou a ofensa soltando as d\u00faas mans. Unha humillaci\u00f3n en toda regra que deixou a mi\u00f1a bici arrombada para sempre no faiado. Por iso, agora, mentres o vexo a\u00ed deitado na caixa, con ese medio sorriso p\u00f3stumo ca\u00e9ndolle dos beizos morados, non deixo de cavilar na curiosa coincidencia de que o cami\u00f3n o atropelase cando el \u00eda, precisamente, en bicicleta.<\/p>\n","protected":false},"excerpt":{"rendered":"<p>Ant\u00f3n Riveiro Coello. Sempre fun moi zoup\u00f3n e non sei andar en bicicleta por culpa do defunto que, por esas iron\u00edas do destino, onte foi atropelado por un cami\u00f3n. Corenta e sete anos. Catro menos ca min. Unha desgraza para a familia, non o vou negar. Todos os veci\u00f1os vi\u00f1eron ao enterro. A caixa est\u00e1 &hellip; <a href=\"http:\/\/cafebarbantia.barbantia.es\/?p=4071\" class=\"more-link\">Seguir lendo <span class=\"screen-reader-text\">A bicicleta<\/span> <span class=\"meta-nav\">&rarr;<\/span><\/a><\/p>\n","protected":false},"author":1,"featured_media":0,"comment_status":"open","ping_status":"closed","sticky":false,"template":"","format":"standard","meta":{"_bbp_topic_count":0,"_bbp_reply_count":0,"_bbp_total_topic_count":0,"_bbp_total_reply_count":0,"_bbp_voice_count":0,"_bbp_anonymous_reply_count":0,"_bbp_topic_count_hidden":0,"_bbp_reply_count_hidden":0,"_bbp_forum_subforum_count":0,"_exactmetrics_skip_tracking":false,"_exactmetrics_sitenote_active":false,"_exactmetrics_sitenote_note":"","_exactmetrics_sitenote_category":0,"_monsterinsights_skip_tracking":false,"_monsterinsights_sitenote_active":false,"_monsterinsights_sitenote_note":"","_monsterinsights_sitenote_category":0},"categories":[13,9],"tags":[],"aioseo_notices":[],"_links":{"self":[{"href":"http:\/\/cafebarbantia.barbantia.es\/index.php?rest_route=\/wp\/v2\/posts\/4071"}],"collection":[{"href":"http:\/\/cafebarbantia.barbantia.es\/index.php?rest_route=\/wp\/v2\/posts"}],"about":[{"href":"http:\/\/cafebarbantia.barbantia.es\/index.php?rest_route=\/wp\/v2\/types\/post"}],"author":[{"embeddable":true,"href":"http:\/\/cafebarbantia.barbantia.es\/index.php?rest_route=\/wp\/v2\/users\/1"}],"replies":[{"embeddable":true,"href":"http:\/\/cafebarbantia.barbantia.es\/index.php?rest_route=%2Fwp%2Fv2%2Fcomments&post=4071"}],"version-history":[{"count":2,"href":"http:\/\/cafebarbantia.barbantia.es\/index.php?rest_route=\/wp\/v2\/posts\/4071\/revisions"}],"predecessor-version":[{"id":4151,"href":"http:\/\/cafebarbantia.barbantia.es\/index.php?rest_route=\/wp\/v2\/posts\/4071\/revisions\/4151"}],"wp:attachment":[{"href":"http:\/\/cafebarbantia.barbantia.es\/index.php?rest_route=%2Fwp%2Fv2%2Fmedia&parent=4071"}],"wp:term":[{"taxonomy":"category","embeddable":true,"href":"http:\/\/cafebarbantia.barbantia.es\/index.php?rest_route=%2Fwp%2Fv2%2Fcategories&post=4071"},{"taxonomy":"post_tag","embeddable":true,"href":"http:\/\/cafebarbantia.barbantia.es\/index.php?rest_route=%2Fwp%2Fv2%2Ftags&post=4071"}],"curies":[{"name":"wp","href":"https:\/\/api.w.org\/{rel}","templated":true}]}}