{"id":4100,"date":"2015-09-01T06:00:31","date_gmt":"2015-09-01T06:00:31","guid":{"rendered":"http:\/\/cafebarbantia.barbantia.es\/?p=4100"},"modified":"2015-08-29T17:07:02","modified_gmt":"2015-08-29T17:07:02","slug":"raiar-do-sol","status":"publish","type":"post","link":"http:\/\/cafebarbantia.barbantia.es\/?p=4100","title":{"rendered":"Raiar do sol"},"content":{"rendered":"<p style=\"text-align: justify;\"><em><strong><a href=\"http:\/\/cafebarbantia.barbantia.es\/wp-content\/uploads\/2015\/08\/ria3.jpeg\"><img decoding=\"async\" loading=\"lazy\" class=\"size-medium wp-image-4102 alignright\" alt=\"ria3\" src=\"http:\/\/cafebarbantia.barbantia.es\/wp-content\/uploads\/2015\/08\/ria3-300x164.jpeg\" width=\"300\" height=\"164\" srcset=\"http:\/\/cafebarbantia.barbantia.es\/wp-content\/uploads\/2015\/08\/ria3-300x164.jpeg 300w, http:\/\/cafebarbantia.barbantia.es\/wp-content\/uploads\/2015\/08\/ria3.jpeg 840w\" sizes=\"(max-width: 300px) 100vw, 300px\" \/><\/a>Xos\u00e9 Manuel Lobato.\u00a0<\/strong><\/em>Nestas datas censuradas de agosto polo capricho atmosf\u00e9rico, permanece latente no max\u00edn esa luminosidade que \u00e9 propia de Galicia. Lucernas no amencer que relocen nas r\u00edas, son as b\u00e1goas salgadas de tantas personalidades orfas, que moran e iluminan as augas competindo coa estrelada e a luada.<!--more--><\/p>\n<p style=\"text-align: justify;\">As r\u00edas de Galicia son unha solemne e maxistral execuci\u00f3n natural, nas s\u00faas b\u00e1goas salgadas o insignificante e trivial adquire categor\u00eda de prodixio sobrenatural, estas r\u00edas non te\u00f1en l\u00edmites, son moito m\u00e1is, son esa parella de toda imaxinaci\u00f3n so\u00f1adora que percorre con ansiedade a s\u00faa lendaria historia, memoria dun amplo s\u00e9quito que permanece fiel a esta terra e as s\u00faas augas nutricias.<\/p>\n<p style=\"text-align: justify;\">Sereas, fadas, princesas, ra\u00ed\u00f1as, maruxainas e maruxi\u00f1as, tam\u00e9n baleas abaladoras e devaladoras, e un sen fin de personalidades dadivosas que atraen de formas diversas a intuitiva atenci\u00f3n da creatividade, un universo no que gozan brincando e <i>craneando<\/i> cun talento sen comportas.<\/p>\n<p style=\"text-align: justify;\"><a href=\"http:\/\/cafebarbantia.barbantia.es\/wp-content\/uploads\/2015\/08\/rias.jpg\"><img decoding=\"async\" loading=\"lazy\" class=\"size-medium wp-image-4103 alignleft\" alt=\"rias\" src=\"http:\/\/cafebarbantia.barbantia.es\/wp-content\/uploads\/2015\/08\/rias-300x226.jpg\" width=\"300\" height=\"226\" srcset=\"http:\/\/cafebarbantia.barbantia.es\/wp-content\/uploads\/2015\/08\/rias-300x226.jpg 300w, http:\/\/cafebarbantia.barbantia.es\/wp-content\/uploads\/2015\/08\/rias.jpg 720w\" sizes=\"(max-width: 300px) 100vw, 300px\" \/><\/a>Un imaxinario o galego que ten as mesmas comportas e fronteiras que as augas das s\u00faas r\u00edas, un id\u00edlico lugar onde desenvolven todo o seu potencial so\u00f1ador tanta cohorte mareira.<\/p>\n<p style=\"text-align: justify;\">No entanto, o enxe\u00f1o queda minimizado pola realidade dunhas augas con luz propia, fundamentalmente en primavera e ver\u00e1n.<\/p>\n<p style=\"text-align: justify;\">Durante este per\u00edodo, navegando de equinoccio a equinoccio, o resplandor das augas que bican as costas de Galicia non se esvaece nin un s\u00f3 intre.<\/p>\n<p style=\"text-align: justify;\">Intensidade dunha ardora que vai intimando cun crep\u00fasculo ardente, para que as sombras da noitebra non logren o seu obxectivo de poallar escuridade.<\/p>\n<p style=\"text-align: justify;\"><a href=\"http:\/\/cafebarbantia.barbantia.es\/wp-content\/uploads\/2015\/09\/solpor2.jpg\"><img decoding=\"async\" loading=\"lazy\" class=\"alignright size-medium wp-image-4114\" alt=\"solpor2\" src=\"http:\/\/cafebarbantia.barbantia.es\/wp-content\/uploads\/2015\/09\/solpor2-300x225.jpg\" width=\"300\" height=\"225\" srcset=\"http:\/\/cafebarbantia.barbantia.es\/wp-content\/uploads\/2015\/09\/solpor2-300x225.jpg 300w, http:\/\/cafebarbantia.barbantia.es\/wp-content\/uploads\/2015\/09\/solpor2-1024x768.jpg 1024w, http:\/\/cafebarbantia.barbantia.es\/wp-content\/uploads\/2015\/09\/solpor2-900x675.jpg 900w\" sizes=\"(max-width: 300px) 100vw, 300px\" \/><\/a>O testemu\u00f1o luminoso \u00e9 recollido no amencer polos efluvios magn\u00e9ticos dos lendarios personaxes que moran mergullados preto da costa, o seu af\u00e1n e devezo constante por comunicarse fai reverberar destas augas vigorosas un caos de luminosidade efervescente.<\/p>\n<p style=\"text-align: justify;\">Agudeza visual e max\u00edn cunha certa dose de xenial, un d\u00fao necesario para penetrar e gozar dun crep\u00fasculo que na terra das br\u00e9temas, borraxeiras e sombras, logra permanecer e triunfar amparado nun setestrelo.<\/p>\n","protected":false},"excerpt":{"rendered":"<p>Xos\u00e9 Manuel Lobato.\u00a0Nestas datas censuradas de agosto polo capricho atmosf\u00e9rico, permanece latente no max\u00edn esa luminosidade que \u00e9 propia de Galicia. Lucernas no amencer que relocen nas r\u00edas, son as b\u00e1goas salgadas de tantas personalidades orfas, que moran e iluminan as augas competindo coa estrelada e a luada.<\/p>\n","protected":false},"author":1,"featured_media":0,"comment_status":"open","ping_status":"closed","sticky":false,"template":"","format":"standard","meta":{"_bbp_topic_count":0,"_bbp_reply_count":0,"_bbp_total_topic_count":0,"_bbp_total_reply_count":0,"_bbp_voice_count":0,"_bbp_anonymous_reply_count":0,"_bbp_topic_count_hidden":0,"_bbp_reply_count_hidden":0,"_bbp_forum_subforum_count":0,"_exactmetrics_skip_tracking":false,"_exactmetrics_sitenote_active":false,"_exactmetrics_sitenote_note":"","_exactmetrics_sitenote_category":0,"_monsterinsights_skip_tracking":false,"_monsterinsights_sitenote_active":false,"_monsterinsights_sitenote_note":"","_monsterinsights_sitenote_category":0},"categories":[7,9,44],"tags":[],"aioseo_notices":[],"_links":{"self":[{"href":"http:\/\/cafebarbantia.barbantia.es\/index.php?rest_route=\/wp\/v2\/posts\/4100"}],"collection":[{"href":"http:\/\/cafebarbantia.barbantia.es\/index.php?rest_route=\/wp\/v2\/posts"}],"about":[{"href":"http:\/\/cafebarbantia.barbantia.es\/index.php?rest_route=\/wp\/v2\/types\/post"}],"author":[{"embeddable":true,"href":"http:\/\/cafebarbantia.barbantia.es\/index.php?rest_route=\/wp\/v2\/users\/1"}],"replies":[{"embeddable":true,"href":"http:\/\/cafebarbantia.barbantia.es\/index.php?rest_route=%2Fwp%2Fv2%2Fcomments&post=4100"}],"version-history":[{"count":4,"href":"http:\/\/cafebarbantia.barbantia.es\/index.php?rest_route=\/wp\/v2\/posts\/4100\/revisions"}],"predecessor-version":[{"id":4115,"href":"http:\/\/cafebarbantia.barbantia.es\/index.php?rest_route=\/wp\/v2\/posts\/4100\/revisions\/4115"}],"wp:attachment":[{"href":"http:\/\/cafebarbantia.barbantia.es\/index.php?rest_route=%2Fwp%2Fv2%2Fmedia&parent=4100"}],"wp:term":[{"taxonomy":"category","embeddable":true,"href":"http:\/\/cafebarbantia.barbantia.es\/index.php?rest_route=%2Fwp%2Fv2%2Fcategories&post=4100"},{"taxonomy":"post_tag","embeddable":true,"href":"http:\/\/cafebarbantia.barbantia.es\/index.php?rest_route=%2Fwp%2Fv2%2Ftags&post=4100"}],"curies":[{"name":"wp","href":"https:\/\/api.w.org\/{rel}","templated":true}]}}