{"id":4126,"date":"2015-09-05T06:00:17","date_gmt":"2015-09-05T06:00:17","guid":{"rendered":"http:\/\/cafebarbantia.barbantia.es\/?p=4126"},"modified":"2015-09-03T20:28:57","modified_gmt":"2015-09-03T20:28:57","slug":"seguirei-lendo-a-oliver","status":"publish","type":"post","link":"http:\/\/cafebarbantia.barbantia.es\/?p=4126","title":{"rendered":"Seguirei lendo a Oliver"},"content":{"rendered":"<p style=\"text-align: justify;\"><em><strong><a href=\"http:\/\/cafebarbantia.barbantia.es\/wp-content\/uploads\/2015\/09\/oliver-sacks.jpg\"><img decoding=\"async\" loading=\"lazy\" class=\"alignright size-medium wp-image-4128\" alt=\"oliver-sacks\" src=\"http:\/\/cafebarbantia.barbantia.es\/wp-content\/uploads\/2015\/09\/oliver-sacks-189x300.jpg\" width=\"189\" height=\"300\" srcset=\"http:\/\/cafebarbantia.barbantia.es\/wp-content\/uploads\/2015\/09\/oliver-sacks-189x300.jpg 189w, http:\/\/cafebarbantia.barbantia.es\/wp-content\/uploads\/2015\/09\/oliver-sacks-648x1024.jpg 648w, http:\/\/cafebarbantia.barbantia.es\/wp-content\/uploads\/2015\/09\/oliver-sacks.jpg 1013w\" sizes=\"(max-width: 189px) 100vw, 189px\" \/><\/a>X. Ricardo Losada.\u00a0<\/strong><\/em>Un dos relatos de Oliver Sacks que m\u00e1is me gusta tit\u00falase <i>O discurso do presidente. <\/i>Trata duns enfermos que padecen unha das afasias receptivas m\u00e1is graves. Incapaces de entender as palabras en si mesmas, entenden o sentido das frases porque captan con gran precisi\u00f3n esoutra parte da fala natural que Sacks chama <i>expresi\u00f3n, <\/i>e que \u00e9 allea \u00e1 nosa vontade<i>:<\/i> ton, timbre, entoaci\u00f3n, ritmo, cadencia, inflexi\u00f3n e modulaci\u00f3n da voz, xestos, actitudes, tics. As\u00ed, \u00e9 moi dif\u00edcil colarlles unha mentira. Sacks conta nese relato unha an\u00e9cdota marabillosa, tan marabillosa que se me acabou facendo pesada, pois rec\u00f3rdoa cada vez que vexo un pol\u00edtico falando en televisi\u00f3n. <!--more-->Estaba Sacks un d\u00eda nun dos pavill\u00f3ns de afasia do seu hospital e viu sorprendido como os pacientes, que v\u00edan en televisi\u00f3n o discurso do presidente dos EEUU, r\u00edan de forma convulsiva. Non tardou en comprender a raz\u00f3n. Na expresi\u00f3n do presidente, percib\u00edan que ment\u00eda m\u00e1is que un rufi\u00e1n.<\/p>\n<p style=\"text-align: justify;\">\u00a0\u00a0\u00a0\u00a0 Foi o primeiro recordo que tiven o domingo pasado ao saber que morrera Oliver Sacks. Cando, hai moitos anos, un amigo me recomendou o seu famoso libro <i>O home que confundiu a muller cun sombreiro, <\/i>pensei que era un escritor humor\u00edstico. A mi\u00f1a sorpresa foi mai\u00fascula cando lin que escrib\u00eda sobre as historias cl\u00ednicas dos seus pacientes con enfermidades neurol\u00f3xicas rar\u00edsimas. <i>O discurso do presidente <\/i>\u00e9 un dos relatos dese libro e, en canto o lin, pensei que Sacks, cuxa prosa oscila entre o ensaio cient\u00edfico e o relato literario, pasar\u00eda o test dos af\u00e1sicos. Eu non pod\u00eda dicir se o que contaba era real ou inventado (moitos dos casos son tan inveros\u00edmiles que d\u00e1 p\u00e9 a pensar en manipulaci\u00f3ns para vender libros), pero a expresi\u00f3n da s\u00faa escrita, esa que os lectores aprendemos a captar lendo moito, non me levaba \u00e1 risa nin \u00e1 gargallada. Lev\u00e1bame \u00e1 empat\u00eda e a un co\u00f1ecemento m\u00e1is profundo da natureza humana. Sacks contaba con palabras honestas a s\u00faa experiencia profesional, e consegu\u00eda non s\u00f3 que eu comprendese e valorase eses pacientes, sen\u00f3n que descubrise en min mesmo as rarezas que me fan diferente aos patr\u00f3ns dominantes.<\/p>\n<p style=\"text-align: justify;\"><a href=\"http:\/\/cafebarbantia.barbantia.es\/wp-content\/uploads\/2015\/09\/El-hombre-que-02.jpg\"><img decoding=\"async\" loading=\"lazy\" class=\"alignleft size-medium wp-image-4129\" alt=\"El-hombre-que-02\" src=\"http:\/\/cafebarbantia.barbantia.es\/wp-content\/uploads\/2015\/09\/El-hombre-que-02-300x223.jpg\" width=\"300\" height=\"223\" srcset=\"http:\/\/cafebarbantia.barbantia.es\/wp-content\/uploads\/2015\/09\/El-hombre-que-02-300x223.jpg 300w, http:\/\/cafebarbantia.barbantia.es\/wp-content\/uploads\/2015\/09\/El-hombre-que-02.jpg 484w\" sizes=\"(max-width: 300px) 100vw, 300px\" \/><\/a>\u00a0\u00a0\u00a0\u00a0 Eu sempre sentira, por exemplo, que era capaz de ver variedade na repetici\u00f3n con m\u00e1is precisi\u00f3n que a maior\u00eda da xente. Pero tiven medo de reco\u00f1ecelo en p\u00fablico desde que un d\u00eda dixen nunha reuni\u00f3n de amigos que para min a praia de Tanxil era moi distinta con n\u00e9boa que con sol, con chuvia que un d\u00eda nubrado, coa marea baixa que alta, se \u00eda ba\u00f1arme ou a correr, se \u00eda de paseo rom\u00e1ntico ou aos caramuxos. Para min era algo evidente, e sorprendeume que os amigos me acusasen con desd\u00e9n de ir pola vida de poeta. Como daquela eu era adolescente e ti\u00f1a poucas t\u00e1boas, retruquei: <i>Hai m\u00e1is diferenza entre a praia de Tanxil un d\u00eda chuvioso e un d\u00eda soleado, que entre a praia de Tanxil e unha praia do Caribe coas mesmas condici\u00f3ns meteorol\u00f3xicas. E a xente percorre miles de quil\u00f3metros para ter experiencias novas cando as te\u00f1en ao lado da casa, e pasan delas. <\/i>Agora os amigos dix\u00e9ronme que se v\u00eda ben que estudaba filosof\u00eda e que me gustaba enredar as cousas. A min parec\u00edame tan de sentido com\u00fan o que dixera, que, a partir daquel d\u00eda, asum\u00edn como principio vital o vello dito de que o sentido com\u00fan \u00e9 o menos com\u00fan dos sentidos. Lendo <i>O discurso do presidente <\/i>(e outras moitas historias de Sacks), aprend\u00edn que se quer\u00eda saber como era realmente o mundo deb\u00eda atender \u00e1s persoas rari\u00f1as, esas que viven internadas nos pavill\u00f3ns especiais das s\u00faas conciencias porque as conciencias dominantes non as admiten. Aprend\u00edn que mentres consideremos normais esas persoas que van aos mitins adorar as palabras do l\u00edder, o mundo non ter\u00e1 remedio, e que s\u00f3 o ter\u00e1 cando aprendamos as habilidades dos af\u00e1sicos receptivos, e nos escarallemos de risa cada vez que oiamos esa oratoria televisiva tan de moda ultimamente entre os pol\u00edticos.\u00a0\u00a0 <i>\u00a0\u00a0<\/i><\/p>\n<p>&nbsp;<\/p>\n<p>&nbsp;<\/p>\n<p>&nbsp;<\/p>\n<p>&nbsp;<\/p>\n","protected":false},"excerpt":{"rendered":"<p>X. Ricardo Losada.\u00a0Un dos relatos de Oliver Sacks que m\u00e1is me gusta tit\u00falase O discurso do presidente. Trata duns enfermos que padecen unha das afasias receptivas m\u00e1is graves. Incapaces de entender as palabras en si mesmas, entenden o sentido das frases porque captan con gran precisi\u00f3n esoutra parte da fala natural que Sacks chama expresi\u00f3n, &hellip; <a href=\"http:\/\/cafebarbantia.barbantia.es\/?p=4126\" class=\"more-link\">Seguir lendo <span class=\"screen-reader-text\">Seguirei lendo a Oliver<\/span> <span class=\"meta-nav\">&rarr;<\/span><\/a><\/p>\n","protected":false},"author":1,"featured_media":0,"comment_status":"open","ping_status":"closed","sticky":false,"template":"","format":"standard","meta":{"_bbp_topic_count":0,"_bbp_reply_count":0,"_bbp_total_topic_count":0,"_bbp_total_reply_count":0,"_bbp_voice_count":0,"_bbp_anonymous_reply_count":0,"_bbp_topic_count_hidden":0,"_bbp_reply_count_hidden":0,"_bbp_forum_subforum_count":0,"_exactmetrics_skip_tracking":false,"_exactmetrics_sitenote_active":false,"_exactmetrics_sitenote_note":"","_exactmetrics_sitenote_category":0,"_monsterinsights_skip_tracking":false,"_monsterinsights_sitenote_active":false,"_monsterinsights_sitenote_note":"","_monsterinsights_sitenote_category":0},"categories":[7,9,26],"tags":[],"aioseo_notices":[],"_links":{"self":[{"href":"http:\/\/cafebarbantia.barbantia.es\/index.php?rest_route=\/wp\/v2\/posts\/4126"}],"collection":[{"href":"http:\/\/cafebarbantia.barbantia.es\/index.php?rest_route=\/wp\/v2\/posts"}],"about":[{"href":"http:\/\/cafebarbantia.barbantia.es\/index.php?rest_route=\/wp\/v2\/types\/post"}],"author":[{"embeddable":true,"href":"http:\/\/cafebarbantia.barbantia.es\/index.php?rest_route=\/wp\/v2\/users\/1"}],"replies":[{"embeddable":true,"href":"http:\/\/cafebarbantia.barbantia.es\/index.php?rest_route=%2Fwp%2Fv2%2Fcomments&post=4126"}],"version-history":[{"count":2,"href":"http:\/\/cafebarbantia.barbantia.es\/index.php?rest_route=\/wp\/v2\/posts\/4126\/revisions"}],"predecessor-version":[{"id":4130,"href":"http:\/\/cafebarbantia.barbantia.es\/index.php?rest_route=\/wp\/v2\/posts\/4126\/revisions\/4130"}],"wp:attachment":[{"href":"http:\/\/cafebarbantia.barbantia.es\/index.php?rest_route=%2Fwp%2Fv2%2Fmedia&parent=4126"}],"wp:term":[{"taxonomy":"category","embeddable":true,"href":"http:\/\/cafebarbantia.barbantia.es\/index.php?rest_route=%2Fwp%2Fv2%2Fcategories&post=4126"},{"taxonomy":"post_tag","embeddable":true,"href":"http:\/\/cafebarbantia.barbantia.es\/index.php?rest_route=%2Fwp%2Fv2%2Ftags&post=4126"}],"curies":[{"name":"wp","href":"https:\/\/api.w.org\/{rel}","templated":true}]}}