{"id":4139,"date":"2015-09-14T06:00:12","date_gmt":"2015-09-14T06:00:12","guid":{"rendered":"http:\/\/cafebarbantia.barbantia.es\/?p=4139"},"modified":"2015-09-13T10:26:11","modified_gmt":"2015-09-13T10:26:11","slug":"auxilio","status":"publish","type":"post","link":"http:\/\/cafebarbantia.barbantia.es\/?p=4139","title":{"rendered":"Auxilio"},"content":{"rendered":"<p style=\"text-align: justify;\"><em><strong><a href=\"http:\/\/cafebarbantia.barbantia.es\/wp-content\/uploads\/2015\/09\/auxilio.jpg\"><img decoding=\"async\" loading=\"lazy\" class=\"alignleft  wp-image-4167\" alt=\"auxilio\" src=\"http:\/\/cafebarbantia.barbantia.es\/wp-content\/uploads\/2015\/09\/auxilio.jpg\" width=\"252\" height=\"270\" \/><\/a>Ant\u00f3n Riveiro Coello.\u00a0<\/strong><\/em>Foron a s\u00faa muller e os fillos os que teimaron no chal\u00e9 daquela urbanizaci\u00f3n que, segundo se queixaban todos os veci\u00f1os, fora desvalixada m\u00e1is dunha vez. S\u00f3 este chal\u00e9 que eles mercaban endexamais sufrira ning\u00fan roubo e iso que os carteis de alarma e o de coidado co can eran de mentira.\u00a0El, que na s\u00faa propia familia non ti\u00f1a precisamente sona de valente \u2014a s\u00faa muller \u00e9 a que se encargaba de valer os fillos cando estes v\u00edan algunha ara\u00f1a, av\u00e9spora ou lagarto nas paredes do chal\u00e9\u2014, todas as noites miraba de que as fiestras e as contras da planta baixa estivesen ben pechadas. <!--more-->Calquera ru\u00eddo fac\u00edalle temer o peor. Moitas noites el espertaba de madrugada e debuxaba presencias co paso felino dun gato no xard\u00edn, os ladros afastados dun can ou o canto misterioso dunha curuxa. Estaba tan obsesionado co roubo que, finalmente, unha calorosa noite de San Lourenzo, escoitou o estrondo de cristais na planta baixa, coma se escachasen as fiestras, e houbo de lle sa\u00edr o coraz\u00f3n do peito non s\u00f3 polo medo sen\u00f3n tam\u00e9n porque se decatou de que os m\u00f3biles estaban a se cargar abaixo, na coci\u00f1a. A s\u00faa muller espertou alarmada e viu como a s\u00faa filla entraba no cuarto arrepiada. El levou o dedo \u00edndice aos beizos e despois sa\u00edu espido \u00e1 terraza do cuarto, coma se se quixese agachar dos ladr\u00f3ns. Elas, que sab\u00edan dos seus medos, non se pod\u00edan imaxinar que, chegado o caso, el ser\u00eda tan covarde como para as abandonar al\u00ed, na cama, e odi\u00e1rono sen saber a\u00ednda que dia\u00f1os fac\u00eda.<a href=\"http:\/\/cafebarbantia.barbantia.es\/wp-content\/uploads\/2015\/09\/funeral.jpg\"><img decoding=\"async\" loading=\"lazy\" class=\"alignright size-medium wp-image-4140\" alt=\"funeral\" src=\"http:\/\/cafebarbantia.barbantia.es\/wp-content\/uploads\/2015\/09\/funeral-300x181.jpg\" width=\"300\" height=\"181\" srcset=\"http:\/\/cafebarbantia.barbantia.es\/wp-content\/uploads\/2015\/09\/funeral-300x181.jpg 300w, http:\/\/cafebarbantia.barbantia.es\/wp-content\/uploads\/2015\/09\/funeral.jpg 398w\" sizes=\"(max-width: 300px) 100vw, 300px\" \/><\/a> De al\u00ed a un pouco, elas, abrazadas a unha \u00e1 outra dentro das sabas, escoitaron, horrorizadas, pasos no tellado e coutaron das s\u00faas respiraci\u00f3ns.<\/p>\n<p style=\"text-align: justify;\">Ao mesmo tempo, na planta baixa, o fillo de dezanove anos, que estaba a trousar o f\u00edgado polo escusado e ti\u00f1a sangue no brazo dereito logo de tropezar e caer de foci\u00f1os coa l\u00e1mpada de p\u00e9 da entrada, creu ouvir berros procedentes do exterior e sa\u00edu, con moitos atrancos, ao xard\u00edn. A palabra que escoitaba ti\u00f1a unha reincidencia hist\u00e9rica e a voz resultoulle tan familiar que intentou localizar o lugar exacto de onde vi\u00f1a. Como estaba moi afectado e a cabeza lle daba voltas, tardou en fixar a ollada naquel home que estaba no alto do tellado, en coiros, abrazado \u00e1 antena e berrando coma un poseso. Parec\u00eda un cataventos de carne. Por un momento, mesmo xurar\u00eda que era o seu pai, mais pechou os ollos e volveu \u00e1 casa coa firme promesa de que non volver\u00eda probar esa droga. Era moi perigosa.<\/p>\n","protected":false},"excerpt":{"rendered":"<p>Ant\u00f3n Riveiro Coello.\u00a0Foron a s\u00faa muller e os fillos os que teimaron no chal\u00e9 daquela urbanizaci\u00f3n que, segundo se queixaban todos os veci\u00f1os, fora desvalixada m\u00e1is dunha vez. S\u00f3 este chal\u00e9 que eles mercaban endexamais sufrira ning\u00fan roubo e iso que os carteis de alarma e o de coidado co can eran de mentira.\u00a0El, que &hellip; <a href=\"http:\/\/cafebarbantia.barbantia.es\/?p=4139\" class=\"more-link\">Seguir lendo <span class=\"screen-reader-text\">Auxilio<\/span> <span class=\"meta-nav\">&rarr;<\/span><\/a><\/p>\n","protected":false},"author":1,"featured_media":0,"comment_status":"open","ping_status":"closed","sticky":false,"template":"","format":"standard","meta":{"_bbp_topic_count":0,"_bbp_reply_count":0,"_bbp_total_topic_count":0,"_bbp_total_reply_count":0,"_bbp_voice_count":0,"_bbp_anonymous_reply_count":0,"_bbp_topic_count_hidden":0,"_bbp_reply_count_hidden":0,"_bbp_forum_subforum_count":0,"_exactmetrics_skip_tracking":false,"_exactmetrics_sitenote_active":false,"_exactmetrics_sitenote_note":"","_exactmetrics_sitenote_category":0,"_monsterinsights_skip_tracking":false,"_monsterinsights_sitenote_active":false,"_monsterinsights_sitenote_note":"","_monsterinsights_sitenote_category":0},"categories":[13,9],"tags":[],"aioseo_notices":[],"_links":{"self":[{"href":"http:\/\/cafebarbantia.barbantia.es\/index.php?rest_route=\/wp\/v2\/posts\/4139"}],"collection":[{"href":"http:\/\/cafebarbantia.barbantia.es\/index.php?rest_route=\/wp\/v2\/posts"}],"about":[{"href":"http:\/\/cafebarbantia.barbantia.es\/index.php?rest_route=\/wp\/v2\/types\/post"}],"author":[{"embeddable":true,"href":"http:\/\/cafebarbantia.barbantia.es\/index.php?rest_route=\/wp\/v2\/users\/1"}],"replies":[{"embeddable":true,"href":"http:\/\/cafebarbantia.barbantia.es\/index.php?rest_route=%2Fwp%2Fv2%2Fcomments&post=4139"}],"version-history":[{"count":4,"href":"http:\/\/cafebarbantia.barbantia.es\/index.php?rest_route=\/wp\/v2\/posts\/4139\/revisions"}],"predecessor-version":[{"id":4170,"href":"http:\/\/cafebarbantia.barbantia.es\/index.php?rest_route=\/wp\/v2\/posts\/4139\/revisions\/4170"}],"wp:attachment":[{"href":"http:\/\/cafebarbantia.barbantia.es\/index.php?rest_route=%2Fwp%2Fv2%2Fmedia&parent=4139"}],"wp:term":[{"taxonomy":"category","embeddable":true,"href":"http:\/\/cafebarbantia.barbantia.es\/index.php?rest_route=%2Fwp%2Fv2%2Fcategories&post=4139"},{"taxonomy":"post_tag","embeddable":true,"href":"http:\/\/cafebarbantia.barbantia.es\/index.php?rest_route=%2Fwp%2Fv2%2Ftags&post=4139"}],"curies":[{"name":"wp","href":"https:\/\/api.w.org\/{rel}","templated":true}]}}