{"id":4175,"date":"2015-09-16T06:00:06","date_gmt":"2015-09-16T06:00:06","guid":{"rendered":"http:\/\/cafebarbantia.barbantia.es\/?p=4175"},"modified":"2015-09-14T20:16:23","modified_gmt":"2015-09-14T20:16:23","slug":"ler-poesia","status":"publish","type":"post","link":"http:\/\/cafebarbantia.barbantia.es\/?p=4175","title":{"rendered":"Ler poes\u00eda"},"content":{"rendered":"<p style=\"text-align: justify;\"><b><i><a href=\"http:\/\/cafebarbantia.barbantia.es\/wp-content\/uploads\/2015\/09\/ler-poesia-1.jpg\"><img decoding=\"async\" loading=\"lazy\" class=\"alignleft size-medium wp-image-4177\" alt=\"ler poesia 1\" src=\"http:\/\/cafebarbantia.barbantia.es\/wp-content\/uploads\/2015\/09\/ler-poesia-1-300x225.jpg\" width=\"300\" height=\"225\" srcset=\"http:\/\/cafebarbantia.barbantia.es\/wp-content\/uploads\/2015\/09\/ler-poesia-1-300x225.jpg 300w, http:\/\/cafebarbantia.barbantia.es\/wp-content\/uploads\/2015\/09\/ler-poesia-1-900x675.jpg 900w, http:\/\/cafebarbantia.barbantia.es\/wp-content\/uploads\/2015\/09\/ler-poesia-1.jpg 1024w\" sizes=\"(max-width: 300px) 100vw, 300px\" \/><\/a>Agust\u00edn Agra. <\/i><\/b>Levaba a intenci\u00f3n de comezar este texto afirmando que son lector habitual de poes\u00eda, mais, en canto comecei a teclear a primeira frase, pregunteime que significaba ser \u201clector habitual de poes\u00eda\u201d. Cantos poemas diarios, \u00a0cantos cartafoles ao ano ser\u00edan necesarios para poder outorgarse tal cualificativo? Pronto desbotei procurar unha resposta; acaso importaba a cantidade?<!--more--> Daquela ca\u00edn nunha cuesti\u00f3n de m\u00e1is fondura: o porqu\u00e9 de que, de xeito m\u00e1is ou menos coti\u00e1n, lese poes\u00eda.<\/p>\n<p style=\"text-align: justify;\">\u00c9 certo que o meu achegamento a ela \u00e9 case coti\u00e1n, mais nas tempadas nas que o formigo me aguilloa e ando mergullado no pu\u00eddo dalg\u00fan texto, son tam\u00e9n nas que me arrimo aos versos dun xeito m\u00e1is intenso, asido \u00e1 esperanza de que eles me contaxien o ritmo e a sonoridade que encerran. Daquela gusto de descubrir a m\u00fasica de novos autores, mais tam\u00e9n de volver aos vellos co\u00f1ecidos: ao Novoneyra de Os Eidos e os outos cumios do Courel, tam\u00e9n ao poeta en Compostela; ao Avil\u00e9s de Cantos Caucanos e ao do asub\u00edo do merlo; ao Queipo dos inventarios e os falsos haikus, mais tam\u00e9n ao que caeu baixo os dominios de Leviat\u00e1n; ao Lois Pereiro do amor desgarrado e ao da premonici\u00f3n da morte ben sabida; volvo \u00e1 rosa de Yeats, mais tam\u00e9n \u00e1 vermella, orgullosa e triste rosa de Rivas.<\/p>\n<p style=\"text-align: justify;\"><a href=\"http:\/\/cafebarbantia.barbantia.es\/wp-content\/uploads\/2015\/09\/ler-poesia-2.jpg\"><img decoding=\"async\" loading=\"lazy\" class=\"alignright size-medium wp-image-4178\" alt=\"ler poesia 2\" src=\"http:\/\/cafebarbantia.barbantia.es\/wp-content\/uploads\/2015\/09\/ler-poesia-2-300x225.jpg\" width=\"300\" height=\"225\" srcset=\"http:\/\/cafebarbantia.barbantia.es\/wp-content\/uploads\/2015\/09\/ler-poesia-2-300x225.jpg 300w, http:\/\/cafebarbantia.barbantia.es\/wp-content\/uploads\/2015\/09\/ler-poesia-2-900x675.jpg 900w, http:\/\/cafebarbantia.barbantia.es\/wp-content\/uploads\/2015\/09\/ler-poesia-2.jpg 1024w\" sizes=\"(max-width: 300px) 100vw, 300px\" \/><\/a>Un amigo escritor, apremado polo entrevistador e ante a pregunta de por que escrib\u00eda, confesou que o fac\u00eda por medo \u00e1 morte. Por\u00e9n, un personaxe dunha novela de Michel Houellebecq afirmaba rotundo: \u201cacumulamos recordos para sentirnos menos sos no momento da morte\u201d.<\/p>\n<p style=\"text-align: justify;\">Poida que sexa certo que a beleza quedou prendida para a eternidade na t\u00fanica da Vitoria de Samotracia no intre no que unha brisa mareira axotou os seus pregues; mais algunha frangulla debeu quedar ceiba aqu\u00ed e acol\u00e1 para que os poetas puidesen aprehendela nos seus versos. Por iso volvo \u00e1 rosa de Yeats e tam\u00e9n \u00e1 vermella, orgullosa e triste rosa de Rivas. Por iso eu, quizais coa va pretensi\u00f3n non de deixar algo tras de min sen\u00f3n de levar comigo un pouco de beleza, leo poes\u00eda.<\/p>\n","protected":false},"excerpt":{"rendered":"<p>Agust\u00edn Agra. Levaba a intenci\u00f3n de comezar este texto afirmando que son lector habitual de poes\u00eda, mais, en canto comecei a teclear a primeira frase, pregunteime que significaba ser \u201clector habitual de poes\u00eda\u201d. Cantos poemas diarios, \u00a0cantos cartafoles ao ano ser\u00edan necesarios para poder outorgarse tal cualificativo? Pronto desbotei procurar unha resposta; acaso importaba a &hellip; <a href=\"http:\/\/cafebarbantia.barbantia.es\/?p=4175\" class=\"more-link\">Seguir lendo <span class=\"screen-reader-text\">Ler poes\u00eda<\/span> <span class=\"meta-nav\">&rarr;<\/span><\/a><\/p>\n","protected":false},"author":1,"featured_media":0,"comment_status":"open","ping_status":"closed","sticky":false,"template":"","format":"standard","meta":{"_bbp_topic_count":0,"_bbp_reply_count":0,"_bbp_total_topic_count":0,"_bbp_total_reply_count":0,"_bbp_voice_count":0,"_bbp_anonymous_reply_count":0,"_bbp_topic_count_hidden":0,"_bbp_reply_count_hidden":0,"_bbp_forum_subforum_count":0,"_exactmetrics_skip_tracking":false,"_exactmetrics_sitenote_active":false,"_exactmetrics_sitenote_note":"","_exactmetrics_sitenote_category":0,"_monsterinsights_skip_tracking":false,"_monsterinsights_sitenote_active":false,"_monsterinsights_sitenote_note":"","_monsterinsights_sitenote_category":0},"categories":[23,9,10],"tags":[],"aioseo_notices":[],"_links":{"self":[{"href":"http:\/\/cafebarbantia.barbantia.es\/index.php?rest_route=\/wp\/v2\/posts\/4175"}],"collection":[{"href":"http:\/\/cafebarbantia.barbantia.es\/index.php?rest_route=\/wp\/v2\/posts"}],"about":[{"href":"http:\/\/cafebarbantia.barbantia.es\/index.php?rest_route=\/wp\/v2\/types\/post"}],"author":[{"embeddable":true,"href":"http:\/\/cafebarbantia.barbantia.es\/index.php?rest_route=\/wp\/v2\/users\/1"}],"replies":[{"embeddable":true,"href":"http:\/\/cafebarbantia.barbantia.es\/index.php?rest_route=%2Fwp%2Fv2%2Fcomments&post=4175"}],"version-history":[{"count":2,"href":"http:\/\/cafebarbantia.barbantia.es\/index.php?rest_route=\/wp\/v2\/posts\/4175\/revisions"}],"predecessor-version":[{"id":4179,"href":"http:\/\/cafebarbantia.barbantia.es\/index.php?rest_route=\/wp\/v2\/posts\/4175\/revisions\/4179"}],"wp:attachment":[{"href":"http:\/\/cafebarbantia.barbantia.es\/index.php?rest_route=%2Fwp%2Fv2%2Fmedia&parent=4175"}],"wp:term":[{"taxonomy":"category","embeddable":true,"href":"http:\/\/cafebarbantia.barbantia.es\/index.php?rest_route=%2Fwp%2Fv2%2Fcategories&post=4175"},{"taxonomy":"post_tag","embeddable":true,"href":"http:\/\/cafebarbantia.barbantia.es\/index.php?rest_route=%2Fwp%2Fv2%2Ftags&post=4175"}],"curies":[{"name":"wp","href":"https:\/\/api.w.org\/{rel}","templated":true}]}}