{"id":4272,"date":"2015-10-01T06:00:18","date_gmt":"2015-10-01T06:00:18","guid":{"rendered":"http:\/\/cafebarbantia.barbantia.es\/?p=4272"},"modified":"2015-09-28T21:19:58","modified_gmt":"2015-09-28T21:19:58","slug":"fin-de-festa-de-diana-varela-punal-2","status":"publish","type":"post","link":"http:\/\/cafebarbantia.barbantia.es\/?p=4272","title":{"rendered":"Fin de festa, de Diana Varela Pu\u00f1al"},"content":{"rendered":"<p style=\"text-align: justify;\"><a href=\"http:\/\/cafebarbantia.barbantia.es\/wp-content\/uploads\/2015\/09\/fin-de-festa-diana-varela.jpg\"><img decoding=\"async\" loading=\"lazy\" class=\"alignright size-medium wp-image-4194\" alt=\"fin-de-festa-diana-varela\" src=\"http:\/\/cafebarbantia.barbantia.es\/wp-content\/uploads\/2015\/09\/fin-de-festa-diana-varela-201x300.jpg\" width=\"201\" height=\"300\" srcset=\"http:\/\/cafebarbantia.barbantia.es\/wp-content\/uploads\/2015\/09\/fin-de-festa-diana-varela-201x300.jpg 201w, http:\/\/cafebarbantia.barbantia.es\/wp-content\/uploads\/2015\/09\/fin-de-festa-diana-varela.jpg 600w\" sizes=\"(max-width: 201px) 100vw, 201px\" \/><\/a><em><strong>Carlos Mosteiro.\u00a0<\/strong><\/em>Debe ser que os escritores, nalg\u00fan momento da s\u00faa vida, non poden evitar falar do seu espazo vital, o lugar da nenez, a aldea. Caen nunha especie de autoficci\u00f3n obrigada (quizais \u201ccaer\u201d non sexa a palabra). \u00c9 un mandato, unha especie de imperativo categ\u00f3rico que un recibe dunha \u201cinstancia superior\u201d, case unha \u201cobriga moral\u201d. Algo disto lle debeu pasar a Diana Varela Pu\u00f1al con este libro, \u201cFin de festa\u201d, que a autora fai transcorrer en Xuvino.\u00a0 \u00a0Todo se estrutura nun c\u00edrculo conc\u00e9ntrico de derrotas, unha especie de sistema de perdedores orbitando arredor de Susi Arnela, o mito er\u00f3tico, a Anita Ekberg a que ningu\u00e9n \u00e9 quen de rescatar da fontana, a muller m\u00e1is fermosa, nacida para a gloria e o triunfo e que acaba sendo engulida polo factum de Xuvino, ese que conduce os seus moradores cara ao afundimento irreversible.<!--more--> Semella haber unha canci\u00f3n triste dentro de cada estrela. Ao cabo, ningunha \u00e9 m\u00e1is ca outro sol a se apagar lentamente. Xuvino \u00e9 as\u00ed o trasunto da desesperanza, habitado por seres que non se enganan, que mante\u00f1en de continuo a mirada fixa no chan, que arrastran tras de si a s\u00faa derrota do mesmo xeito fatal que se arrastra unha sombra. A materia da que se nutren estas vidas \u00e9 a verdadeira materia literaria: a perda, a tristura, a vida sen elevaci\u00f3n, a ras de chan. <a href=\"http:\/\/cafebarbantia.barbantia.es\/wp-content\/uploads\/2015\/09\/Diana_Varela_Pu\u00f1al_AELG-3.jpg\"><img decoding=\"async\" loading=\"lazy\" class=\"alignleft size-medium wp-image-4196\" alt=\"Diana_Varela_Pu\u00f1al_(AELG)-3\" src=\"http:\/\/cafebarbantia.barbantia.es\/wp-content\/uploads\/2015\/09\/Diana_Varela_Pu\u00f1al_AELG-3-300x239.jpg\" width=\"300\" height=\"239\" srcset=\"http:\/\/cafebarbantia.barbantia.es\/wp-content\/uploads\/2015\/09\/Diana_Varela_Pu\u00f1al_AELG-3-300x239.jpg 300w, http:\/\/cafebarbantia.barbantia.es\/wp-content\/uploads\/2015\/09\/Diana_Varela_Pu\u00f1al_AELG-3-1024x818.jpg 1024w, http:\/\/cafebarbantia.barbantia.es\/wp-content\/uploads\/2015\/09\/Diana_Varela_Pu\u00f1al_AELG-3-900x719.jpg 900w\" sizes=\"(max-width: 300px) 100vw, 300px\" \/><\/a>Son, os desgraciados, literariamente personaxes fortes, ao contrario que os triunfadores que son personaxes d\u00e9biles porque non hai arestas, nin conflito interno, nin amargura que \u00e9 do que se alimenta a verdade literaria.<\/p>\n<p style=\"text-align: justify;\">\u00a0\u00a0\u00a0\u00a0\u00a0\u00a0\u00a0\u00a0\u00a0\u00a0\u00a0 Gustoume esta novela (novela?), ou cr\u00f3nica novelada, ou como se lle queira chamar esta memoria fragmentada da mitolox\u00eda de Xuvino. Ambiciosa. Nalg\u00fan momento busca a dificultade gratu\u00edta e poida que por alg\u00fan par\u00e1grafo se lle coara alg\u00fan adxectivo de m\u00e1is. Defecti\u00f1os que non estragan o conxunto que, xa digo, me parece notable.<\/p>\n","protected":false},"excerpt":{"rendered":"<p>Carlos Mosteiro.\u00a0Debe ser que os escritores, nalg\u00fan momento da s\u00faa vida, non poden evitar falar do seu espazo vital, o lugar da nenez, a aldea. Caen nunha especie de autoficci\u00f3n obrigada (quizais \u201ccaer\u201d non sexa a palabra). \u00c9 un mandato, unha especie de imperativo categ\u00f3rico que un recibe dunha \u201cinstancia superior\u201d, case unha \u201cobriga moral\u201d. &hellip; <a href=\"http:\/\/cafebarbantia.barbantia.es\/?p=4272\" class=\"more-link\">Seguir lendo <span class=\"screen-reader-text\">Fin de festa, de Diana Varela Pu\u00f1al<\/span> <span class=\"meta-nav\">&rarr;<\/span><\/a><\/p>\n","protected":false},"author":1,"featured_media":0,"comment_status":"open","ping_status":"closed","sticky":false,"template":"","format":"standard","meta":{"_bbp_topic_count":0,"_bbp_reply_count":0,"_bbp_total_topic_count":0,"_bbp_total_reply_count":0,"_bbp_voice_count":0,"_bbp_anonymous_reply_count":0,"_bbp_topic_count_hidden":0,"_bbp_reply_count_hidden":0,"_bbp_forum_subforum_count":0,"_exactmetrics_skip_tracking":false,"_exactmetrics_sitenote_active":false,"_exactmetrics_sitenote_note":"","_exactmetrics_sitenote_category":0,"_monsterinsights_skip_tracking":false,"_monsterinsights_sitenote_active":false,"_monsterinsights_sitenote_note":"","_monsterinsights_sitenote_category":0},"categories":[29,9],"tags":[],"aioseo_notices":[],"_links":{"self":[{"href":"http:\/\/cafebarbantia.barbantia.es\/index.php?rest_route=\/wp\/v2\/posts\/4272"}],"collection":[{"href":"http:\/\/cafebarbantia.barbantia.es\/index.php?rest_route=\/wp\/v2\/posts"}],"about":[{"href":"http:\/\/cafebarbantia.barbantia.es\/index.php?rest_route=\/wp\/v2\/types\/post"}],"author":[{"embeddable":true,"href":"http:\/\/cafebarbantia.barbantia.es\/index.php?rest_route=\/wp\/v2\/users\/1"}],"replies":[{"embeddable":true,"href":"http:\/\/cafebarbantia.barbantia.es\/index.php?rest_route=%2Fwp%2Fv2%2Fcomments&post=4272"}],"version-history":[{"count":1,"href":"http:\/\/cafebarbantia.barbantia.es\/index.php?rest_route=\/wp\/v2\/posts\/4272\/revisions"}],"predecessor-version":[{"id":4273,"href":"http:\/\/cafebarbantia.barbantia.es\/index.php?rest_route=\/wp\/v2\/posts\/4272\/revisions\/4273"}],"wp:attachment":[{"href":"http:\/\/cafebarbantia.barbantia.es\/index.php?rest_route=%2Fwp%2Fv2%2Fmedia&parent=4272"}],"wp:term":[{"taxonomy":"category","embeddable":true,"href":"http:\/\/cafebarbantia.barbantia.es\/index.php?rest_route=%2Fwp%2Fv2%2Fcategories&post=4272"},{"taxonomy":"post_tag","embeddable":true,"href":"http:\/\/cafebarbantia.barbantia.es\/index.php?rest_route=%2Fwp%2Fv2%2Ftags&post=4272"}],"curies":[{"name":"wp","href":"https:\/\/api.w.org\/{rel}","templated":true}]}}