{"id":4291,"date":"2015-10-07T06:00:56","date_gmt":"2015-10-07T06:00:56","guid":{"rendered":"http:\/\/cafebarbantia.barbantia.es\/?p=4291"},"modified":"2015-10-05T10:11:20","modified_gmt":"2015-10-05T10:11:20","slug":"ramon-pineiro-e-a-poesia-galega-no-seu-centenario-i","status":"publish","type":"post","link":"http:\/\/cafebarbantia.barbantia.es\/?p=4291","title":{"rendered":"Ram\u00f3n Pi\u00f1eiro e a poes\u00eda galega. No seu centenario (I)"},"content":{"rendered":"<p style=\"text-align: justify;\"><b><i><a href=\"http:\/\/cafebarbantia.barbantia.es\/wp-content\/uploads\/2015\/10\/A-lingoaxe-i-as-l\u00edngoas.jpg\"><img decoding=\"async\" loading=\"lazy\" class=\"alignright size-medium wp-image-4294\" alt=\"A lingoaxe i as l\u00edngoas\" src=\"http:\/\/cafebarbantia.barbantia.es\/wp-content\/uploads\/2015\/10\/A-lingoaxe-i-as-l\u00edngoas-210x300.jpg\" width=\"210\" height=\"300\" srcset=\"http:\/\/cafebarbantia.barbantia.es\/wp-content\/uploads\/2015\/10\/A-lingoaxe-i-as-l\u00edngoas-210x300.jpg 210w, http:\/\/cafebarbantia.barbantia.es\/wp-content\/uploads\/2015\/10\/A-lingoaxe-i-as-l\u00edngoas.jpg 449w\" sizes=\"(max-width: 210px) 100vw, 210px\" \/><\/a>Pastor Rodr\u00edguez.<\/i><\/b><b> <\/b>Cel\u00e9brase este ano o centenario do nacemento de Ram\u00f3n Pi\u00f1eiro (1915-1990), figura fundamental, e moi pol\u00e9mica, da cultura e da historia galega da segunda metade do s\u00e9culo XX. Non moi prol\u00edfico, sen embargo escribiu moito m\u00e1is, e de m\u00e1is temas, do que se cre, pois s\u00f3 se leva compilada menos da metade da s\u00faa obra, esparexida por revistas, xornais e libros colectivos. Certo que <i>A linguaxe e as linguas <\/i>(1967), <i>Olladas no futuro<\/i> (1974), <i>Filosof\u00eda da saudade<\/i> (1984), e <i>O espertar da conciencia galega<\/i> (2009, ed. de H. Monteagudo) son obras que permiten comprender o esencial do seu pensamento en temas como a lingua galega, a saudade como esencia propia dun sentimento universal, Rosal\u00eda como figura central da nosa cultura e outros temas.<!--more--> Pero \u00e9 necesario reunir o resto da s\u00faa obra para completar a radiograf\u00eda do seu pensamento e a s\u00faa evoluci\u00f3n.<\/p>\n<p style=\"text-align: justify;\">\u00a0\u00a0\u00a0\u00a0\u00a0\u00a0\u00a0\u00a0\u00a0\u00a0\u00a0 Seguiu a andaina da literatura galega con atenci\u00f3n e tivo un n\u00famero de escritores que lle pareceron os m\u00e1is representativos das nosas letras. En poes\u00eda os seus autores claves foron Rosal\u00eda, Pimentel e Novoneyra, mais tam\u00e9n xulgou a obra de Cabanillas, Seoane, D\u00edaz Castro e Guerra Da Cal. Salvador Garc\u00eda-Boda\u00f1o e Franco Grande foron poetas moi pr\u00f3ximos a Pi\u00f1eiro nas s\u00faas po\u00e9ticas.<\/p>\n<p style=\"text-align: justify;\">\u00a0\u00a0\u00a0\u00a0\u00a0\u00a0\u00a0\u00a0\u00a0\u00a0\u00a0 Rosal\u00eda \u00e9 para Pi\u00f1eiro un s\u00edmbolo de Galicia pola s\u00faa identificaci\u00f3n consciente con Galicia, pola universalidade que d\u00e1 \u00e1 lingua galega e por expresar a dor de vivir, a manifestaci\u00f3n extrema do sentimento galego, pois \u00e9 a dor, o dorido sentir, o m\u00e1is caracter\u00edstico da s\u00faa poes\u00eda e a saudade, a soidade ontol\u00f3xica, a manifestaci\u00f3n da s\u00faa vivencia.<\/p>\n<p style=\"text-align: justify;\">\n<figure id=\"attachment_4295\" aria-describedby=\"caption-attachment-4295\" style=\"width: 201px\" class=\"wp-caption alignleft\"><a href=\"http:\/\/cafebarbantia.barbantia.es\/wp-content\/uploads\/2015\/10\/Foto-de-Manolo-Blanco_01.jpg\"><img decoding=\"async\" loading=\"lazy\" class=\"size-medium wp-image-4295\" alt=\"Foto: Manolo Blanco\" src=\"http:\/\/cafebarbantia.barbantia.es\/wp-content\/uploads\/2015\/10\/Foto-de-Manolo-Blanco_01-201x300.jpg\" width=\"201\" height=\"300\" srcset=\"http:\/\/cafebarbantia.barbantia.es\/wp-content\/uploads\/2015\/10\/Foto-de-Manolo-Blanco_01-201x300.jpg 201w, http:\/\/cafebarbantia.barbantia.es\/wp-content\/uploads\/2015\/10\/Foto-de-Manolo-Blanco_01.jpg 429w\" sizes=\"(max-width: 201px) 100vw, 201px\" \/><\/a><figcaption id=\"caption-attachment-4295\" class=\"wp-caption-text\">Foto: Manolo Blanco<\/figcaption><\/figure>\n<p style=\"text-align: justify;\">\u00a0\u00a0\u00a0\u00a0\u00a0\u00a0\u00a0\u00a0\u00a0 A Lu\u00eds Pimentel dedicou unha ducia de traballos entre 1949 e 1990, e \u00e9, xunto con Rosal\u00eda, o poeta ao que se sentiu m\u00e1is pr\u00f3ximo. Representaba o autor de <i>Sombra do aire na herba<\/i> o lirismo puro, a mellor manifestaci\u00f3n da espiritualidade (en sentido amplo, xa que Pi\u00f1eiro era agn\u00f3stico), con amor \u00e1 terra proxectado ao universal; pura emoci\u00f3n transfigurada en versos espidos, cos m\u00ednimos formalismos. Un poeta de ra\u00edz rosaliana.<\/p>\n<p style=\"text-align: justify;\">\u00a0\u00a0\u00a0\u00a0\u00a0\u00a0\u00a0\u00a0\u00a0\u00a0\u00a0 O Cabanillas de Pi\u00f1eiro non \u00e9 o esteticista de <i>Na noite estrelecida<\/i>, sen\u00f3n o poeta social, o que reflicte as m\u00e1goas e aspiraci\u00f3ns do pobo galego. De Ux\u00edo Novoneyra son <i>Os Eidos<\/i>, a obra que lle interesou, pola identificaci\u00f3n coa terra nun poeta que vai do ego individual ao tel\u00farico e ao descubrimento da propia intimidade, \u00e1 saudade do home s\u00f3 fronte ao c\u00f3smico, escoit\u00e1ndoo, pois \u00e9 a s\u00faa unha poes\u00eda auditiva, non visual. Poes\u00eda filla da Terra, pura, ahist\u00f3rica, que amosa o sucedor c\u00f3smico: as\u00ed o Courel pasa da xeolox\u00eda \u00e1 historia cultural.<\/p>\n<p style=\"text-align: justify;\">\u00a0\u00a0\u00a0\u00a0\u00a0\u00a0\u00a0\u00a0\u00a0\u00a0\u00a0 En Ernesto Guerra Da Cal sinalou o seu virtuosismo art\u00edstico, a densidade l\u00edrica, a saudade metaf\u00edsica e o existencialismo no que s\u00f3 amor e morte, so\u00f1o e tempo, son esenciais. Tam\u00e9n a autenticidade po\u00e9tica de D\u00edaz Castro lle interesou, polo seu afincamento \u00edntimo en Galicia e na propia interioridade.<\/p>\n","protected":false},"excerpt":{"rendered":"<p>Pastor Rodr\u00edguez. Cel\u00e9brase este ano o centenario do nacemento de Ram\u00f3n Pi\u00f1eiro (1915-1990), figura fundamental, e moi pol\u00e9mica, da cultura e da historia galega da segunda metade do s\u00e9culo XX. Non moi prol\u00edfico, sen embargo escribiu moito m\u00e1is, e de m\u00e1is temas, do que se cre, pois s\u00f3 se leva compilada menos da metade da &hellip; <a href=\"http:\/\/cafebarbantia.barbantia.es\/?p=4291\" class=\"more-link\">Seguir lendo <span class=\"screen-reader-text\">Ram\u00f3n Pi\u00f1eiro e a poes\u00eda galega. No seu centenario (I)<\/span> <span class=\"meta-nav\">&rarr;<\/span><\/a><\/p>\n","protected":false},"author":1,"featured_media":0,"comment_status":"open","ping_status":"closed","sticky":false,"template":"","format":"standard","meta":{"_bbp_topic_count":0,"_bbp_reply_count":0,"_bbp_total_topic_count":0,"_bbp_total_reply_count":0,"_bbp_voice_count":0,"_bbp_anonymous_reply_count":0,"_bbp_topic_count_hidden":0,"_bbp_reply_count_hidden":0,"_bbp_forum_subforum_count":0,"_exactmetrics_skip_tracking":false,"_exactmetrics_sitenote_active":false,"_exactmetrics_sitenote_note":"","_exactmetrics_sitenote_category":0,"_monsterinsights_skip_tracking":false,"_monsterinsights_sitenote_active":false,"_monsterinsights_sitenote_note":"","_monsterinsights_sitenote_category":0},"categories":[7,37,10],"tags":[],"aioseo_notices":[],"_links":{"self":[{"href":"http:\/\/cafebarbantia.barbantia.es\/index.php?rest_route=\/wp\/v2\/posts\/4291"}],"collection":[{"href":"http:\/\/cafebarbantia.barbantia.es\/index.php?rest_route=\/wp\/v2\/posts"}],"about":[{"href":"http:\/\/cafebarbantia.barbantia.es\/index.php?rest_route=\/wp\/v2\/types\/post"}],"author":[{"embeddable":true,"href":"http:\/\/cafebarbantia.barbantia.es\/index.php?rest_route=\/wp\/v2\/users\/1"}],"replies":[{"embeddable":true,"href":"http:\/\/cafebarbantia.barbantia.es\/index.php?rest_route=%2Fwp%2Fv2%2Fcomments&post=4291"}],"version-history":[{"count":2,"href":"http:\/\/cafebarbantia.barbantia.es\/index.php?rest_route=\/wp\/v2\/posts\/4291\/revisions"}],"predecessor-version":[{"id":4296,"href":"http:\/\/cafebarbantia.barbantia.es\/index.php?rest_route=\/wp\/v2\/posts\/4291\/revisions\/4296"}],"wp:attachment":[{"href":"http:\/\/cafebarbantia.barbantia.es\/index.php?rest_route=%2Fwp%2Fv2%2Fmedia&parent=4291"}],"wp:term":[{"taxonomy":"category","embeddable":true,"href":"http:\/\/cafebarbantia.barbantia.es\/index.php?rest_route=%2Fwp%2Fv2%2Fcategories&post=4291"},{"taxonomy":"post_tag","embeddable":true,"href":"http:\/\/cafebarbantia.barbantia.es\/index.php?rest_route=%2Fwp%2Fv2%2Ftags&post=4291"}],"curies":[{"name":"wp","href":"https:\/\/api.w.org\/{rel}","templated":true}]}}